{"id":221360,"date":"2025-11-06T10:27:08","date_gmt":"2025-11-06T10:27:08","guid":{"rendered":"https:\/\/www.europesays.com\/es\/221360\/"},"modified":"2025-11-06T10:27:08","modified_gmt":"2025-11-06T10:27:08","slug":"un-ciclista-frances-de-77-anos-sobrevive-tomando-vino-durante-tres-dias-tras-despenarse-por-un-barranco","status":"publish","type":"post","link":"https:\/\/www.europesays.com\/es\/221360\/","title":{"rendered":"Un ciclista franc\u00e9s de 77 a\u00f1os sobrevive tomando vino durante tres d\u00edas tras despe\u00f1arse por un barranco"},"content":{"rendered":"<p data-gtm-element-container=\"modulo-texto-link\" class=\"paragraph\">Un ciclista franc\u00e9s de 77 a\u00f1os ha protagonizado una historia de pel\u00edcula al sobrevivir varios d\u00edas tras despe\u00f1arse por un barranco.\u00a0Seg\u00fan informa <a href=\"https:\/\/c.ledauphine.com\/faits-divers-justice\/2025\/10\/28\/c-est-un-miracule-un-cycliste-de-77-ans-retrouve-vivant-apres-trois-jours-dans-un-ravin\" target=\"_blank\" rel=\"nofollow noreferrer noopener\">Le Dauphin\u00e9 Liber\u00e9<\/a>, el hombre volv\u00eda de hacer la compra en bicicleta cuando cay\u00f3, por lo que tuvo que hacer uso de sus provisiones para intentar sobrevivir.\u00a0<\/p>\n<p data-gtm-element-container=\"modulo-texto-link\" class=\"paragraph\">El vecino, que vive solo\u00a0en una caravana en Saint-Julien-des-Points (sur de Loz\u00e8re) logr\u00f3 permanecer vivo gracias a la comida que ten\u00eda y algunas botellas, entre ellas vino, la cual sobrevivi\u00f3 a la intensa ca\u00edda. \u201c\u00a1Es un milagro! En el fr\u00edo y la humedad, casi sin comida ni bebida, \u00a1es incre\u00edblemente resistente!\u201d asegura Laurent Savath, jefe m\u00e9dico del Servicio de Bomberos y Rescate de H\u00e9rault.<\/p>\n<p>El hombre perdi\u00f3 el control de la bicicleta en una curva, cayendo as\u00ed por una pendiente rocosa<\/p>\n<p data-gtm-element-container=\"modulo-texto-link\" class=\"paragraph\">Como ya era costumbre, el hombre de 77 a\u00f1os acudi\u00f3 hasta\u00a0La Grand-Combe (Gard) para hacer la compra en un supermercado. En su viaje de vuelta a la caravana, por la RN 106, perdi\u00f3 el control de una curva y cay\u00f3 por una pendiente rocosa y empinada, aterrizando en el lecho del r\u00edo Gardon.<\/p>\n<p data-gtm-element-container=\"modulo-texto-link\" class=\"paragraph\">Incapaz de volver a subir a la carretera por sus propios medios, ya que se encontraba a 40 metros, el anciano comenz\u00f3 a gritar cada vez que o\u00eda un ruido en la autopista, pero desafortunadamente nadie le escuch\u00f3.<\/p>\n<p>        Lee tambi\u00e9n<\/p>\n<p>    La Vanguardia<\/p>\n<p>             <img loading=\"lazy\" decoding=\"async\" data-full-src=\"https:\/\/www.lavanguardia.com\/uploads\/2025\/05\/23\/683098a484d6b.jpeg\" alt=\"Panor\u00e1mica del puerto de Badalona .\" width=\"104\" height=\"108\" src=\"https:\/\/www.europesays.com\/es\/wp-content\/uploads\/2025\/11\/683098a484d6b.r_d.509-372.jpeg\" class=\"lazy\"\/><\/p>\n<p data-gtm-element-container=\"modulo-texto-link\" class=\"paragraph\">Finalmente, fueron los trabajadores viales de la Direcci\u00f3n Interdepartamental de Carreteras (DIR) quienes, el martes por la tarde, oyeron sus gritos, vieron su bicicleta destrozada al fondo del barranco y pidieron ayuda.<\/p>\n<p data-gtm-element-container=\"modulo-texto-link\" class=\"paragraph\">Tal y como sentencia el Dr. Laurent Savath, \u201cLa hipotermia era una preocupaci\u00f3n, ya que se hab\u00eda ca\u00eddo al r\u00edo varias veces al intentar volver a subir\u201d. No obstante, el hombre finalmente fue localizado y evacuado en helic\u00f3ptero al hospital de Al\u00e8s para someterse a m\u00e1s ex\u00e1menes m\u00e9dicos.<\/p>\n","protected":false},"excerpt":{"rendered":"Un ciclista franc\u00e9s de 77 a\u00f1os ha protagonizado una historia de pel\u00edcula al sobrevivir varios d\u00edas tras despe\u00f1arse&hellip;\n","protected":false},"author":2,"featured_media":221361,"comment_status":"","ping_status":"","sticky":false,"template":"","format":"standard","meta":{"footnotes":""},"categories":[273],"tags":[313,312,168,25,24,23,167],"class_list":{"0":"post-221360","1":"post","2":"type-post","3":"status-publish","4":"format-standard","5":"has-post-thumbnail","7":"category-ciclismo","8":"tag-ciclismo","9":"tag-cycling","10":"tag-deportes","11":"tag-es","12":"tag-espana","13":"tag-spain","14":"tag-sports"},"share_on_mastodon":{"url":"https:\/\/pubeurope.com\/@es\/115502281247556758","error":""},"_links":{"self":[{"href":"https:\/\/www.europesays.com\/es\/wp-json\/wp\/v2\/posts\/221360","targetHints":{"allow":["GET"]}}],"collection":[{"href":"https:\/\/www.europesays.com\/es\/wp-json\/wp\/v2\/posts"}],"about":[{"href":"https:\/\/www.europesays.com\/es\/wp-json\/wp\/v2\/types\/post"}],"author":[{"embeddable":true,"href":"https:\/\/www.europesays.com\/es\/wp-json\/wp\/v2\/users\/2"}],"replies":[{"embeddable":true,"href":"https:\/\/www.europesays.com\/es\/wp-json\/wp\/v2\/comments?post=221360"}],"version-history":[{"count":0,"href":"https:\/\/www.europesays.com\/es\/wp-json\/wp\/v2\/posts\/221360\/revisions"}],"wp:featuredmedia":[{"embeddable":true,"href":"https:\/\/www.europesays.com\/es\/wp-json\/wp\/v2\/media\/221361"}],"wp:attachment":[{"href":"https:\/\/www.europesays.com\/es\/wp-json\/wp\/v2\/media?parent=221360"}],"wp:term":[{"taxonomy":"category","embeddable":true,"href":"https:\/\/www.europesays.com\/es\/wp-json\/wp\/v2\/categories?post=221360"},{"taxonomy":"post_tag","embeddable":true,"href":"https:\/\/www.europesays.com\/es\/wp-json\/wp\/v2\/tags?post=221360"}],"curies":[{"name":"wp","href":"https:\/\/api.w.org\/{rel}","templated":true}]}}