{"id":221366,"date":"2025-11-06T10:31:05","date_gmt":"2025-11-06T10:31:05","guid":{"rendered":"https:\/\/www.europesays.com\/es\/221366\/"},"modified":"2025-11-06T10:31:05","modified_gmt":"2025-11-06T10:31:05","slug":"la-bomba-que-prepara-broncano-para-derrotar-a-pablo-motos-y-la-isla-de-las-tentaciones","status":"publish","type":"post","link":"https:\/\/www.europesays.com\/es\/221366\/","title":{"rendered":"La bomba que prepara Broncano para derrotar a Pablo Motos y &#8216;La isla de las tentaciones&#8217;"},"content":{"rendered":"<p class=\"v-mdl-ath__p v-mdl-ath__p--6\">\nJueves, 6 de noviembre 2025, 08:26<\/p>\n<p>| Actualizado 09:08h.<\/p>\n<p class=\"v-p\">David Broncano prepara el mayor bombazo desde que desembarc\u00f3 en TVE con &#8216;La Revuelta&#8217;. Despu\u00e9s de unas \u00faltimas semanas muy lejos de su rival Pablo Motos en el &#8216;access prime time&#8217;, el presentador ha logrado convencer a una de las cantantes de moda en el mundo para acudir el Teatro Pr\u00edncipe de Gran V\u00eda. Rosal\u00eda se sentar\u00e1 este lunes junto a Broncano, en una entrevista que el humorista lleva peleando a\u00f1os y que siempre se le ha resistido por la negativa de la catalana.<\/p>\n<p class=\"v-p\">La artista presentar\u00e1 su <a href=\"https:\/\/www.elcorreo.com\/culturas\/musica\/lux-nuevo-disco-rosalia-celestial-terrenal-opera-20251107152857-ntrc.html\" target=\"_blank\" title=\"Descubre &#039;Lux&#039;, el nuevo disco de Rosal\u00eda entre lo celestial y lo terrenal, la \u00f3pera y la electr\u00f3nica\" data-voc-vtm-id=\"in-text-traffic\" data-mrf-link=\"www.elcorreo.com\" rel=\"nofollow noopener\">cuarto \u00e1lbum, Lux<\/a>, y lo har\u00e1 en &#8216;La Revuelta&#8217; antes que en &#8216;El Hormiguero&#8217; de Pablo Motos, un espacio que ya hab\u00eda visitado anteriormente. La temporada pasada ya desvelaron en &#8216;La Revuelta&#8217; que Rosal\u00eda siempre hab\u00eda rechazado la invitaci\u00f3n del programa. Lo cont\u00f3 Grison. \u00abSe le ha dicho alguna vez de venir y no ha venido. Hay gente que no quiere venir. Les decimos que sean ellos mismos, pero piensan que tienen que ser muy graciosos y les da miedo no dar la talla\u00bb, se\u00f1al\u00f3. El lunes, Rosal\u00eda estar\u00e1 en &#8216;La Revuelta&#8217;, seg\u00fan adelanta &#8216;Informalia&#8217;.<\/p>\n<p class=\"v-p\">Este golpe en la mesa de Broncano llega en un momento crucial para &#8216;La Revuelta&#8217;, que si ya sufr\u00eda duras derrotas contra Pablo Motos y las hormigas desde esta semana le ha salido un nuevo rival; &#8216;La isla de las tentaciones&#8217;. El programa conducido por Sandra Barneda le comi\u00f3 buena parte de la tostada a Broncano la temporada pasada y los datos de audiencias que registra esta semana ya avanzan que se volver\u00e1 a repetir el esquema. El reality de Telecinco es la tercera opci\u00f3n para los espectadores, tras &#8216;El Hormiguero&#8217; y &#8216;La Revuelta&#8217;, pero su distancia con el espacio de Broncano es m\u00ednima.<\/p>\n<p class=\"v-p\">Broncano siempre ha dejado claro que \u00aba nosotros nos la pela bastante el tema de las audiencias\u00bb, aunque no para de hablar de ellas en su programa, y presume de que en TVE \u00abdamos visibilidad a colectivos m\u00e1s desfavorecidos o que no son tan &#8216;mainstream&#8217;\u00bb. Este lunes, en cambio, &#8216;La Revuelta&#8217; llevar\u00e1 a un personaje con mayor tir\u00f3n que el que acuda al &#8216;Hormiguero&#8217;&#8230; O no. <\/p>\n<p class=\"v-p\">Seg\u00fan desvela Marta Riesco en el programa &#8216;No somos nadie&#8217;, el equipo de Pablo Motos ya habr\u00eda cerrado la entrevista con otro de los cantantes de moda en los \u00faltimos meses; Andy. El gaditano, que se &#8216;ha divorciado&#8217; de su compa\u00f1ero Lucas en las \u00faltimas semanas, arranca su carrera en solitario.<\/p>\n<p>Reporta un error<\/p>\n","protected":false},"excerpt":{"rendered":"Jueves, 6 de noviembre 2025, 08:26 | Actualizado 09:08h. David Broncano prepara el mayor bombazo desde que desembarc\u00f3&hellip;\n","protected":false},"author":2,"featured_media":221367,"comment_status":"","ping_status":"","sticky":false,"template":"","format":"standard","meta":{"footnotes":""},"categories":[174],"tags":[4574,13289,255,44679,146,147,25,24,256,3643,13882,618,5936,23,4473],"class_list":["post-221366","post","type-post","status-publish","format-standard","has-post-thumbnail","category-famosos","tag-bomba","tag-broncano","tag-celebrities","tag-derrotar","tag-entertainment","tag-entretenimiento","tag-es","tag-espana","tag-famosos","tag-isla","tag-motos","tag-pablo","tag-prepara","tag-spain","tag-tentaciones"],"share_on_mastodon":{"url":"https:\/\/pubeurope.com\/@es\/115502297055742910","error":""},"_links":{"self":[{"href":"https:\/\/www.europesays.com\/es\/wp-json\/wp\/v2\/posts\/221366","targetHints":{"allow":["GET"]}}],"collection":[{"href":"https:\/\/www.europesays.com\/es\/wp-json\/wp\/v2\/posts"}],"about":[{"href":"https:\/\/www.europesays.com\/es\/wp-json\/wp\/v2\/types\/post"}],"author":[{"embeddable":true,"href":"https:\/\/www.europesays.com\/es\/wp-json\/wp\/v2\/users\/2"}],"replies":[{"embeddable":true,"href":"https:\/\/www.europesays.com\/es\/wp-json\/wp\/v2\/comments?post=221366"}],"version-history":[{"count":0,"href":"https:\/\/www.europesays.com\/es\/wp-json\/wp\/v2\/posts\/221366\/revisions"}],"wp:featuredmedia":[{"embeddable":true,"href":"https:\/\/www.europesays.com\/es\/wp-json\/wp\/v2\/media\/221367"}],"wp:attachment":[{"href":"https:\/\/www.europesays.com\/es\/wp-json\/wp\/v2\/media?parent=221366"}],"wp:term":[{"taxonomy":"category","embeddable":true,"href":"https:\/\/www.europesays.com\/es\/wp-json\/wp\/v2\/categories?post=221366"},{"taxonomy":"post_tag","embeddable":true,"href":"https:\/\/www.europesays.com\/es\/wp-json\/wp\/v2\/tags?post=221366"}],"curies":[{"name":"wp","href":"https:\/\/api.w.org\/{rel}","templated":true}]}}