{"id":221368,"date":"2025-11-06T10:32:11","date_gmt":"2025-11-06T10:32:11","guid":{"rendered":"https:\/\/www.europesays.com\/es\/221368\/"},"modified":"2025-11-06T10:32:11","modified_gmt":"2025-11-06T10:32:11","slug":"arte-urbano-i-las-esculturas-perdidas-del-entorno-del-jardin-picassiano","status":"publish","type":"post","link":"https:\/\/www.europesays.com\/es\/221368\/","title":{"rendered":"Arte urbano I Las esculturas perdidas del entorno del \u2018jard\u00edn picassiano\u2019"},"content":{"rendered":"<p class=\"ft-text ft-helper-closenews\">Tenemos un <a class=\"ft-link ft-link--decoration\" href=\"https:\/\/www.laopiniondemalaga.es\/tags\/ayuntamiento-de-malaga\/\" target=\"_blank\" rel=\"nofollow noopener\"><strong>Ayuntamiento de M\u00e1laga<\/strong><\/a> tan \u2018presidencialista\u2019, tan extremo dependiente de una sola persona, que en muchas ocasiones, las horas diarias de declaraciones p\u00fablicas de nuestro alcalde, <strong>Paco de la Torre<\/strong>, opacan el mismo trabajo municipal.<\/p>\n<p class=\"ft-text\">Es el caso, por ejemplo, del <strong>\u00c1rea de Cultura<\/strong> que, desde que est\u00e1 al frente la actual concejala<strong> Mariana Pineda<\/strong> ha profesionalizado, por fin, los <strong>Museos de <\/strong><a class=\"ft-link ft-link--decoration\" href=\"https:\/\/www.laopiniondemalaga.es\/malaga\/\" target=\"_blank\" rel=\"nofollow noopener\"><strong>M\u00e1laga<\/strong><\/a> y, en los dos \u00faltimos a\u00f1os, ha <a class=\"ft-link ft-link--decoration\" href=\"https:\/\/www.laopiniondemalaga.es\/malaga\/2025\/10\/26\/ayuntamiento-malaga-restaurado-monumentos-ciudad-123040619.html\" rel=\"nofollow noopener\" target=\"_blank\">restaurado m\u00e1s de una treintena<\/a> de esculturas y fuentes p\u00fablicas.<\/p>\n<p class=\"ft-text\">As\u00ed, han pasado a una mejor situaci\u00f3n las esculturas del <strong>Biznaguero<\/strong>, el<strong> Cenachero<\/strong>, la del propio <strong>Marqu\u00e9s del Larios<\/strong> y, por supuesto, el<a class=\"ft-link ft-link--decoration\" href=\"https:\/\/www.laopiniondemalaga.es\/malaga\/2025\/02\/19\/historia-vandalizado-cristo-faroles-malaga-114418626.html\" rel=\"nofollow noopener\" target=\"_blank\"><strong> Cristo de los Faroles<\/strong><\/a><strong> <\/strong>de la <strong>plazuela de San Juan de Dios<\/strong>, vandalizado en su d\u00eda por almas de c\u00e1ntaro.<\/p>\n<p class=\"ft-text\">Una de las actuaciones m\u00e1s esperadas ha sido el <strong>\u2018Homenaje a Picasso\u2019 <\/strong>en los<strong> Jardines de Picasso<\/strong>, obra de <strong>Miguel Ortiz Berrocal<\/strong>. Tras las reiteradas denuncias en esta secci\u00f3n, el Consistorio <a class=\"ft-link ft-link--decoration\" href=\"https:\/\/www.laopiniondemalaga.es\/malaga\/2024\/02\/16\/ayuntamiento-acuerda-berrocal-jardines-de-picasso-escultura-98207287.html\" rel=\"nofollow noopener\" target=\"_blank\">ha eliminado<\/a> costras y pintadas, y ha dado una capa de protecci\u00f3n a las piezas de exterior.<\/p>\n<p class=\"ft-text\">Como contamos en su d\u00eda, el resultado es esperanzador, pero el monumento sigue luciendo desmejorado; con huellas incluso de golpes. En todo caso, se ha frenado el vandalismo, que ya es algo, aunque lo que necesita es una restauraci\u00f3n profunda.<\/p>\n<p><img decoding=\"async\" src=\"https:\/\/www.europesays.com\/es\/wp-content\/uploads\/2025\/11\/f986a9db-2420-4fe6-942e-166ac8878cf0_alta-libre-aspect-ratio_default_0.jpg\" width=\"1200\" height=\"677\" alt=\"Detalle del castigado monumento a Picasso de Berrocal, hace unos d\u00edas.\" class=\"ft-helper-img-rd\" loading=\"lazy\"\/><\/p>\n<p class=\"ft-helper-fontColor-quaternary ft-helper-fontSize-body-S ft-helper-spacer-t-xxs\">Detalle del castigado monumento a Picasso de Berrocal, hace unos d\u00edas.  \/ A.V.<\/p>\n<p>El grupo escult\u00f3rico &#8216;en fuga&#8217;<\/p>\n<p class=\"ft-text\">La lista de monumentos restaurados proporcionado por el <strong>Consistorio<\/strong> tambi\u00e9n habla del \u2018<strong>\u00c1rbol de la Amistad\u2019<\/strong>, en los Jardines de Picasso, la obra que simboliza el hermanamiento con la ciudad norteamericana de <strong>Mobile<\/strong>. Si es as\u00ed, la restauraci\u00f3n no parece haber llegado a una de las \u2018ramas de este \u00e1rbol\u2019, con una llamativa oxidaci\u00f3n. O ser\u00e1 el cambio de color del oto\u00f1o.<\/p>\n<p class=\"ft-text\">En la misma l\u00ednea, el primer monumento a Picasso erigido en Espa\u00f1a, obra de <strong>Ram\u00f3n Calder\u00f3n<\/strong> tambi\u00e9n en los que fueran los antiguo<a class=\"ft-link ft-link--decoration\" href=\"https:\/\/www.laopiniondemalaga.es\/malaga\/2023\/10\/26\/invernadero-perdido-jardines-aurora-patrimonio-93794676.html\" rel=\"nofollow noopener\" target=\"_blank\">s jardines de La Aurora<\/a>, contin\u00faa a la cuarta pregunta, con una creciente oxidaci\u00f3n.<\/p>\n<p class=\"ft-text\">Sin duda, Cultura del Ayuntamiento tiene campo de trabajo en los Jardines de Picasso; pero sobre todo, en un grupo escult\u00f3rico que hay en el entorno, del que, si nuestro<strong> Consistorio<\/strong> no se da prisa, en unos a\u00f1os ya no quedar\u00e1 ni el recuerdo.<\/p>\n<p class=\"ft-text\">Como alguna vez hemos contado, lo que todav\u00eda sobrevive de \u00e9l se encuentra en los jardines entre la<strong> avenida de la Aurora<\/strong> y la parte posterior de <strong>Centro Larios<\/strong>.<\/p>\n<p class=\"ft-text\">Es el grupo escult\u00f3rico<a class=\"ft-link ft-link--decoration\" href=\"https:\/\/www.laopiniondemalaga.es\/malaga\/2024\/07\/04\/obra-artistica-jardines-picasso-104942504.html\" rel=\"nofollow noopener\" target=\"_blank\"> \u2018Entre, espacios para desaparecer\u2019<\/a>, de <strong>Joaqu\u00edn Ivars<\/strong> y, en los \u00faltimos a\u00f1os, han desaparecido todas las chanclas de bronce que un\u00edan las planchas de m\u00e1rmol, hoy pintarrajeadas y rotas. Hay deberes por hacer. Suerte.<\/p>\n<p data-close=\"closedContent\" class=\"subscribeHideForDisplay\">Suscr\u00edbete para seguir leyendo<\/p>\n","protected":false},"excerpt":{"rendered":"Tenemos un Ayuntamiento de M\u00e1laga tan \u2018presidencialista\u2019, tan extremo dependiente de una sola persona, que en muchas ocasiones,&hellip;\n","protected":false},"author":2,"featured_media":221369,"comment_status":"","ping_status":"","sticky":false,"template":"","format":"standard","meta":{"footnotes":""},"categories":[173],"tags":[229,233,231,230,9039,41211,232,234,146,1083,147,25,8426,24,15174,58886,11736,58885,23],"class_list":{"0":"post-221368","1":"post","2":"type-post","3":"status-publish","4":"format-standard","5":"has-post-thumbnail","7":"category-arte-y-diseno","8":"tag-arte","9":"tag-arte-y-diseno","10":"tag-arts","11":"tag-arts-and-design","12":"tag-berrocal","13":"tag-cronicas-de-la-ciudad","14":"tag-design","15":"tag-diseno","16":"tag-entertainment","17":"tag-entorno","18":"tag-entretenimiento","19":"tag-es","20":"tag-esculturas","21":"tag-espana","22":"tag-jardin","23":"tag-jardines-de-picasso","24":"tag-perdidas","25":"tag-picassiano","26":"tag-spain"},"share_on_mastodon":{"url":"https:\/\/pubeurope.com\/@es\/115502300970573685","error":""},"_links":{"self":[{"href":"https:\/\/www.europesays.com\/es\/wp-json\/wp\/v2\/posts\/221368","targetHints":{"allow":["GET"]}}],"collection":[{"href":"https:\/\/www.europesays.com\/es\/wp-json\/wp\/v2\/posts"}],"about":[{"href":"https:\/\/www.europesays.com\/es\/wp-json\/wp\/v2\/types\/post"}],"author":[{"embeddable":true,"href":"https:\/\/www.europesays.com\/es\/wp-json\/wp\/v2\/users\/2"}],"replies":[{"embeddable":true,"href":"https:\/\/www.europesays.com\/es\/wp-json\/wp\/v2\/comments?post=221368"}],"version-history":[{"count":0,"href":"https:\/\/www.europesays.com\/es\/wp-json\/wp\/v2\/posts\/221368\/revisions"}],"wp:featuredmedia":[{"embeddable":true,"href":"https:\/\/www.europesays.com\/es\/wp-json\/wp\/v2\/media\/221369"}],"wp:attachment":[{"href":"https:\/\/www.europesays.com\/es\/wp-json\/wp\/v2\/media?parent=221368"}],"wp:term":[{"taxonomy":"category","embeddable":true,"href":"https:\/\/www.europesays.com\/es\/wp-json\/wp\/v2\/categories?post=221368"},{"taxonomy":"post_tag","embeddable":true,"href":"https:\/\/www.europesays.com\/es\/wp-json\/wp\/v2\/tags?post=221368"}],"curies":[{"name":"wp","href":"https:\/\/api.w.org\/{rel}","templated":true}]}}