{"id":221381,"date":"2025-11-06T10:42:09","date_gmt":"2025-11-06T10:42:09","guid":{"rendered":"https:\/\/www.europesays.com\/es\/221381\/"},"modified":"2025-11-06T10:42:09","modified_gmt":"2025-11-06T10:42:09","slug":"se-elevan-a-12-los-muertos-incluido-un-nino-en-el-accidente-del-avion-de-ups-en-eeuu","status":"publish","type":"post","link":"https:\/\/www.europesays.com\/es\/221381\/","title":{"rendered":"Se elevan a 12 los muertos, incluido un ni\u00f1o, en el accidente del avi\u00f3n de UPS en EEUU"},"content":{"rendered":"<p>El alcalde de Louisville, Craig Greenberg, ha confirmado este mi\u00e9rcoles que<b> ascienden a doce las v\u00edctimas mortales<\/b> del <a href=\"https:\/\/www.huffingtonpost.es\/global\/accidente-avion-kentucky-avion-ups-estrella-mas-despegar-aeropuerto-louisville.html\" title=\"Al menos cuatro muertos y 11 heridos en el accidente de un avi\u00f3n de UPS en Kentucky\" rel=\"nofollow noopener\" target=\"_blank\">accidente del avi\u00f3n de UPS <\/a>que se estrell\u00f3 el martes tras despegar del aeropuerto Muhammad Ali, en Kentucky. \u201cMe entristece profundamente informar que el n\u00famero de fallecidos ha ascendido a doce, y a\u00fan hay varias personas desaparecidas\u201d, ha escrito en X, donde ha prometido que las autoridades seguir\u00e1n \u201cbrindando recursos y apoyo a todas las personas afectadas por este doloroso suceso\u201d.<\/p>\n<p><b>Entre las v\u00edctimas figura un ni\u00f1o<\/b>, seg\u00fan adelant\u00f3 el gobernador del estado, Andy Beshear, que ha lamentado que \u201ctodos se han ido demasiado pronto\u201d. \u201cEs imposible describir la devastaci\u00f3n causada por el fatal accidente a\u00e9reo de ayer\u201d, a\u00f1adi\u00f3, asegurando tener \u201cel coraz\u00f3n roto\u201d y comprometi\u00e9ndose a permanecer \u201cal lado de las v\u00edctimas\u201d.<\/p>\n<p>El fatal accidente a\u00e9reo se produjo cuando el aparato, un MD-11 de 34 a\u00f1os con destino a Honolulu, acab\u00f3 impactando contra unas instalaciones de la propia compa\u00f1\u00eda UPS, lo que provoc\u00f3 un incendio de grandes dimensiones. La aeronave cubr\u00eda la ruta entre Kentucky y Haw\u00e1i con tres tripulantes a bordo y los dep\u00f3sitos llenos de combustible para un vuelo de m\u00e1s de ocho horas<\/p>\n<p>Halladas las cajas negras<\/p>\n<p>Los investigadores ya han localizado las dos cajas negras \u2014el registrador de vuelo y el de voz de cabina\u2014 entre los restos calcinados del avi\u00f3n. Ambos dispositivos, dise\u00f1ados para resistir impactos y temperaturas extremas, \u201cparecen intactos\u201d, ha confirmado Todd Inman, miembro de la Junta Nacional de Seguridad en el Transporte (NTSB). \u201cNos sentimos confiados en que, una vez en nuestro laboratorio de Washington, podremos obtener una lectura completa de los datos, y eso nos ayudar\u00e1 a entender qu\u00e9 ocurri\u00f3\u201d, ha explicado a la agencia Reuters.<\/p>\n<p>Seg\u00fan Inman, una gran llamarada se origin\u00f3 en el ala izquierda poco antes de que uno de los tres motores se desprendiera durante la carrera de despegue. El avi\u00f3n logr\u00f3 elevarse unos metros, pero acab\u00f3 sobrepasando la valla perimetral y choc\u00f3 contra varias estructuras situadas fuera del recinto aeroportuario. La colisi\u00f3n desencaden\u00f3 una cadena de explosiones e incendios que se extendieron unos 800 metros a lo largo de un corredor industrial, afectando a una planta de reciclaje de petr\u00f3leo que acab\u00f3 estallando.<\/p>\n<p>El impacto y los posteriores incendios obligaron a cerrar el aeropuerto durante toda la noche y paralizaron temporalmente el centro log\u00edstico global de UPS (conocido como Worldport), que gestiona miles de vuelos de mercanc\u00edas cada d\u00eda. La compa\u00f1\u00eda reanud\u00f3 sus operaciones el mi\u00e9rcoles por la noche y conf\u00eda en \u201cretomar el ritmo normal\u201d de entregas este jueves, seg\u00fan un portavoz.<\/p>\n<p>Emergencia estatal: en busca de las causas<\/p>\n<p>El gobernador Beshear ha declarado el estado de emergencia en Kentucky para acelerar el env\u00edo de recursos y asistencia a la zona del siniestro. Nueve de los doce fallecidos se encontraban en tierra, adem\u00e1s de los tres tripulantes del avi\u00f3n, de acuerdo con el \u00faltimo balance oficial.<\/p>\n<p>Al menos once personas resultaron heridas \u2014varias de ellas de gravedad\u2014 y unas 200 participaron en las tareas de extinci\u00f3n y rescate, con medio centenar de camiones desplegados para contener las llamas. El humo negro era visible a kil\u00f3metros de distancia, aunque Beshear confirm\u00f3 que un centro de convenciones, un restaurante y una planta de Ford cercana escaparon de los incendios.<\/p>\n<p>El aeropuerto internacional de Louisville ha reabierto al tr\u00e1fico a\u00e9reo este mi\u00e9rcoles, aunque la pista en la que se produjo el accidente permanecer\u00e1 cerrada durante al menos diez d\u00edas.<\/p>\n<p>La NTSB ha se\u00f1alado que, por el momento, no existen indicios que relacionen el accidente con el cierre parcial del Gobierno federal, que en las \u00faltimas semanas<a href=\"https:\/\/www.huffingtonpost.es\/economia\/ee-uu-reducira-10-actividad-40-aeropuertos-cierre-gobierno-mas-historiabr.html\" title=\"EE UU reducir\u00e1 un 10% la actividad de 40 aeropuertos por el cierre del Gobierno, el m\u00e1s largo de su historia\" rel=\"nofollow noopener\" target=\"_blank\"> ha afectado al sistema de control a\u00e9reo<\/a>. La torre de Louisville \u201cestaba completamente dotada\u201d de personal, ha precisado Inman.<\/p>\n<p>Expertos en seguridad a\u00e9rea han apuntado que la investigaci\u00f3n se centrar\u00e1 en el motor que se incendi\u00f3 y se desprendi\u00f3 del ala. \u201cEl avi\u00f3n est\u00e1 dise\u00f1ado para volar incluso con un motor fuera de servicio, pero debemos analizar el efecto que tuvo la p\u00e9rdida de ese motor en el resto de la estructura\u201d, ha explicado el especialista Anthony Brickhouse.<\/p>\n<p>Boeing, propietaria del programa MD-11 tras la fusi\u00f3n con McDonnell Douglas en 1997, y GE Aerospace, fabricante de los motores, han ofrecido su colaboraci\u00f3n a la investigaci\u00f3n. La NTSB publicar\u00e1 un informe preliminar en un plazo de 30 d\u00edas, aunque la investigaci\u00f3n completa podr\u00eda prolongarse entre 12 y 24 meses.<\/p>\n<p>Se trata del primer accidente mortal de un avi\u00f3n de carga de UPS desde agosto de 2013, cuando un Airbus de la compa\u00f1\u00eda se estrell\u00f3 durante la maniobra de aterrizaje en Birmingham (Alabama), causando la muerte de los dos pilotos.<\/p>\n","protected":false},"excerpt":{"rendered":"El alcalde de Louisville, Craig Greenberg, ha confirmado este mi\u00e9rcoles que ascienden a doce las v\u00edctimas mortales del&hellip;\n","protected":false},"author":2,"featured_media":219207,"comment_status":"","ping_status":"","sticky":false,"template":"","format":"standard","meta":{"footnotes":""},"categories":[42],"tags":[12895,17,18,115,13,14,11,61,62,63,64,25622,19,20,9,10,15,16,12,21,22,65,66,67],"class_list":{"0":"post-221381","1":"post","2":"type-post","3":"status-publish","4":"format-standard","5":"has-post-thumbnail","7":"category-internacional","8":"tag-accidentes-aereos","9":"tag-breaking-news","10":"tag-breakingnews","11":"tag-eeuu","12":"tag-featured-news","13":"tag-featurednews","14":"tag-headlines","15":"tag-internacional","16":"tag-international","17":"tag-international-news","18":"tag-internationalnews","19":"tag-kentucky","20":"tag-latest-news","21":"tag-latestnews","22":"tag-news","23":"tag-noticias","24":"tag-noticias-destacadas","25":"tag-noticiasdestacadas","26":"tag-titulares","27":"tag-ultimas-noticias","28":"tag-ultimasnoticias","29":"tag-world","30":"tag-world-news","31":"tag-worldnews"},"share_on_mastodon":{"url":"https:\/\/pubeurope.com\/@es\/115502340094961110","error":""},"_links":{"self":[{"href":"https:\/\/www.europesays.com\/es\/wp-json\/wp\/v2\/posts\/221381","targetHints":{"allow":["GET"]}}],"collection":[{"href":"https:\/\/www.europesays.com\/es\/wp-json\/wp\/v2\/posts"}],"about":[{"href":"https:\/\/www.europesays.com\/es\/wp-json\/wp\/v2\/types\/post"}],"author":[{"embeddable":true,"href":"https:\/\/www.europesays.com\/es\/wp-json\/wp\/v2\/users\/2"}],"replies":[{"embeddable":true,"href":"https:\/\/www.europesays.com\/es\/wp-json\/wp\/v2\/comments?post=221381"}],"version-history":[{"count":0,"href":"https:\/\/www.europesays.com\/es\/wp-json\/wp\/v2\/posts\/221381\/revisions"}],"wp:featuredmedia":[{"embeddable":true,"href":"https:\/\/www.europesays.com\/es\/wp-json\/wp\/v2\/media\/219207"}],"wp:attachment":[{"href":"https:\/\/www.europesays.com\/es\/wp-json\/wp\/v2\/media?parent=221381"}],"wp:term":[{"taxonomy":"category","embeddable":true,"href":"https:\/\/www.europesays.com\/es\/wp-json\/wp\/v2\/categories?post=221381"},{"taxonomy":"post_tag","embeddable":true,"href":"https:\/\/www.europesays.com\/es\/wp-json\/wp\/v2\/tags?post=221381"}],"curies":[{"name":"wp","href":"https:\/\/api.w.org\/{rel}","templated":true}]}}