{"id":221388,"date":"2025-11-06T10:50:12","date_gmt":"2025-11-06T10:50:12","guid":{"rendered":"https:\/\/www.europesays.com\/es\/221388\/"},"modified":"2025-11-06T10:50:12","modified_gmt":"2025-11-06T10:50:12","slug":"pogacar-un-talento-sobrenatural-as-com","status":"publish","type":"post","link":"https:\/\/www.europesays.com\/es\/221388\/","title":{"rendered":"Pogacar: un talento sobrenatural &#8211; AS.com"},"content":{"rendered":"<p class=\"\">A lo largo de su exitosa trayectoria, los calificativos se han agotado para describir las <b>haza\u00f1as <\/b>de <a href=\"https:\/\/as.com\/noticias\/tadej-pogacar\/\" target=\"_self\" rel=\"nofollow noopener\" title=\"https:\/\/as.com\/noticias\/tadej-pogacar\/\">Tadej Pogacar<\/a> (27 a\u00f1os) sobre la bicicleta. Tan variopintas, como innumerables. Tan esperadas, como espectaculares. Un <b>devorador de r\u00e9cords <\/b>que, como mucho, ya solo tiene por delante a<b> Eddy Merckx <\/b>en el <b>debate<\/b> por ser el <b>mejor de la historia,<\/b> una cuesti\u00f3n imposible de plantear hasta la aparici\u00f3n del fen\u00f3meno esloveno. A\u00f1o a a\u00f1o, el bueno de Pogi ha dado pasos hacia adelante en su progresi\u00f3n para arrasar a lo largo y ancho del calendario, pero los que ha dado en los \u00faltimos tiempos son de gigante. En sus <b>siete temporadas<\/b> en el World Tour ha conseguido la friolera de <b>108 triunfos<\/b>, pero lo <b>llamativo <\/b>es que<b> 45 <\/b>de los mismos corresponden a las <b>dos \u00faltimas<\/b> (25 en 2024 y 20 en 2025). O lo que es lo mismo: ha sumado el <a href=\"https:\/\/as.com\/ciclismo\/mas_ciclismo\/pogacar-es-el-mejor-de-la-historia-merckx-competia-cuando-solo-habia-cuatro-paises-buenos-f202510-n\/\" target=\"_self\" rel=\"nofollow noopener\" title=\"https:\/\/as.com\/ciclismo\/mas_ciclismo\/pogacar-es-el-mejor-de-la-historia-merckx-competia-cuando-solo-habia-cuatro-paises-buenos-f202510-n\/\">42% de su palmar\u00e9s en dos a\u00f1os.<\/a><\/p>\n<p class=\"\">Esa ambici\u00f3n por perfeccionar la excelencia es <b>compartida <\/b>por <b>Pogacar y su equipo<\/b>, el <b>UAE,<\/b> lo que ha generado el binomio m\u00e1s dominador del ciclismo moderno. Para conocer m\u00e1s en profundidad ese punto de inflexi\u00f3n en el rendimiento de Pogacar, en parte motivado por los dos <a href=\"https:\/\/as.com\/ciclismo\/mas_ciclismo\/valverde-roglic-y-vingegaard-los-unicos-que-pudieron-con-pogacar-f202510-n\/\" target=\"_self\" rel=\"nofollow noopener\" title=\"https:\/\/as.com\/ciclismo\/mas_ciclismo\/valverde-roglic-y-vingegaard-los-unicos-que-pudieron-con-pogacar-f202510-n\/\">Tours de Francia consecutivos en los que se vio superado por Jonas Vingegaard,<\/a> AS habla con<b> Joxean Fern\u00e1ndez Matxin, <\/b>m\u00e1nager general de la escuadra emirat\u00ed. Por supuesto, se introdujeron <b>mejoras <\/b>en todos los campos, desde la<b> llegada de Javier Sola<\/b> (sustituto de \u00cd\u00f1igo San Mill\u00e1n) como entrenador de rendimiento hasta la incorporaci\u00f3n de nuevos m\u00e9todos de entrenamiento, como el <a href=\"https:\/\/as.com\/ciclismo\/mas_ciclismo\/asi-es-el-heat-training-el-metodo-que-encumbro-a-pogacar-n\/\" target=\"_self\" rel=\"nofollow noopener\" title=\"https:\/\/as.com\/ciclismo\/mas_ciclismo\/asi-es-el-heat-training-el-metodo-que-encumbro-a-pogacar-n\/\">heat training (sesiones de trabajo a altas temperaturas para una mejor adaptaci\u00f3n).<\/a><\/p>\n<p><img decoding=\"async\" src=\"https:\/\/www.europesays.com\/es\/wp-content\/uploads\/2025\/11\/Q25D7DVJ7FIW3IIDMRTE73AY3M.jpg\" alt=\"Pogacar: un talento sobrenatural\" height=\"4763\" width=\"7145\"   loading=\"lazy\"\/>Pogacar celebra su quinto triunfo consecutivo en el Giro de Lombard\u00eda en la meta de B\u00e9rgamo.MARCO BERTORELLO<\/p>\n<p class=\"\"><b>\u201cEs un c\u00famulo de todo.<\/b> Evidentemente, el <b>m\u00e9rito total es de Tadej<\/b>, y dentro del <b>equipo hay muchos detalles <\/b>como para que sea un solo concepto el que explique su cambio\u201d, analiza Matxin, que alude a un \u201cproceso natural\u201d para entender el grado de rendimiento actual de Pogacar: \u201c<b>Cada a\u00f1o<\/b> <b>se hace m\u00e1s ciclista<\/b>. Est\u00e1 convencido, tranquilo y eso le hace mejorar. Es la nota natural del ser humano y que simplemente cada a\u00f1o est\u00e1 creciendo como deportista y persona. Y creo que <b>todav\u00eda puede mejorar. No s\u00e9 si ser\u00e1 un 2% o un 0,5%,<\/b> pero a\u00fan tiene ese puntito de mejora\u201d.<\/p>\n<p class=\"\">Si a su <b>gen\u00e9tica privilegiada<\/b>, esa que le permite completar entrenamientos de <a href=\"https:\/\/as.com\/ciclismo\/mas_ciclismo\/pogacar-no-me-gustan-las-comparaciones-con-merckx-f202510-n\/\" target=\"_self\" rel=\"nofollow noopener\" title=\"https:\/\/as.com\/ciclismo\/mas_ciclismo\/pogacar-no-me-gustan-las-comparaciones-con-merckx-f202510-n\/\">cinco horas en \u2018Zona 2\u2019 (intensidad suave) a 320-340 vatios,<\/a> le sumas una <b>mentalidad de campe\u00f3n<\/b>, el resultado es la f\u00f3rmula perfecta. Un proceso l\u00f3gico de evoluci\u00f3n que solo puede conducir a un camino: el \u00e9xito.<b> \u201cFisiol\u00f3gicamente<\/b> ha tenido una <b>evoluci\u00f3n natural.<\/b> He pasado muchos a\u00f1os recogiendo el conocimiento y la experiencia que nos ha aportado para saber las cosas que le van bien y las que no. Tadej ha aprendido mucho de s\u00ed mismo y el equipo de \u00e9l, en el rendimiento, en los trabajos que hemos hecho juntos&#8230; Hemos <b>sacado conclusiones<\/b> de <b>qu\u00e9 es lo mejor<\/b>, en un proceso de reconocimiento de la f\u00edsica, de la fisiolog\u00eda, de todo lo que se ha ido percibiendo. Definiendo con detalle el entrenamiento, el descanso, la preparaci\u00f3n, los programas, los calendarios&#8230; vemos que la <b>suma de todo ello la hemos mejorado<\/b> en todos los aspectos\u201d,<b> <\/b>argumenta Matxin.<\/p>\n<p>Noticias relacionadas<a href=\"https:\/\/as.com\/ciclismo\/ayuso-tiene-talento-para-subir-al-podio-del-tour-de-francia-f202511-n\/\" class=\"s_m_w _rt-16x9\" title=\"Luca Guercilena, director del Lidl-Trek, habla en Cycling News sobre la llegada del espa\u00f1ol al equipo tras romper con el UAE. \" data-tb-link=\"\" rel=\"nofollow noopener\" target=\"_blank\"><img decoding=\"async\" src=\"https:\/\/www.europesays.com\/es\/wp-content\/uploads\/2025\/11\/1762426211_762_SYGPYZWZJRI4HD2SOIT5RMQHGU.jpg\" alt=\"\u201cAyuso tiene talento para subir al podio del Tour de Francia\u201d\" class=\"\" height=\"1\" width=\"1\"   loading=\"lazy\" data-tb-thumbnail=\"\"\/><\/a><a href=\"https:\/\/as.com\/ciclismo\/mas_ciclismo\/la-seleccion-conquista-su-septimo-titulo-mundial-seguido-por-equipos-f202511-n\/\" class=\"s_m_w _rt-16x9\" title=\"El combinado nacional de trial, con Montalvo, Bar\u00f3n, Azcona, Asenjo, S\u00e1enz de Ormijana y P\u00e9rez, ha vuelto a dominar con autoridad en Riad.\" data-tb-link=\"\" rel=\"nofollow noopener\" target=\"_blank\"><img decoding=\"async\" src=\"https:\/\/www.europesays.com\/es\/wp-content\/uploads\/2025\/11\/1762426212_645_T4P2AWXX3BBT5H4EFPJMRDCDS4.jpg\" alt=\"La Selecci\u00f3n conquista su s\u00e9ptimo t\u00edtulo mundial seguido por equipos\" class=\"\" height=\"1\" width=\"1\"   loading=\"lazy\" data-tb-thumbnail=\"\"\/><\/a><\/p>\n<p class=\"\">Una m\u00e1quina perfecta, bien engrasada, como m\u00ednimo <b>hasta el 2030 <\/b>en el que acaba contrato con el UAE, y que no demuestra la m\u00e1s m\u00ednima debilidad en competici\u00f3n, ni siquiera una <b>inflamaci\u00f3n de rodilla por retenci\u00f3n de l\u00edquidos<\/b> (su compa\u00f1ero Tim Wellens lo confes\u00f3 recientemente en L\u2019\u00c9quipe) que<b> no le impidi\u00f3 arrasar e<\/b>n el pasado<b> Tour. <\/b>As\u00ed es Pogacar: un talento (sobre)natural.<\/p>\n<p class=\"\"><b>\u00a1Tus opiniones importan!<\/b> Comenta en los art\u00edculos y suscr\u00edbete gratis a nuestra <a href=\"https:\/\/asfan.as.com\/newsletters\/\" target=\"_blank\" rel=\"nofollow noopener\" title=\"https:\/\/asfan.as.com\/newsletters\/\">newsletter<\/a> y a las alertas informativas en la <a href=\"https:\/\/as.com\/aplicacion-de-as-n\/\" target=\"_blank\" rel=\"nofollow noopener\" title=\"https:\/\/as.com\/aplicacion-de-as-n\/\">App<\/a> o el canal de <a href=\"https:\/\/www.whatsapp.com\/channel\/0029VaAasdA7j6g745nz9M10\" target=\"_blank\" rel=\"nofollow noopener\" title=\"https:\/\/www.whatsapp.com\/channel\/0029VaAasdA7j6g745nz9M10\">WhatsApp<\/a>. \u00bfBuscas licenciar contenido? Haz clic <a href=\"https:\/\/profesional.elpais.com\/soluciones-sindicacion?utm_medium=interno&amp;utm_source=crosslinking&amp;utm_campaign=sindicacion_as_pie_articulos\" target=\"_blank\" rel=\"nofollow noopener\" title=\"https:\/\/profesional.elpais.com\/soluciones-sindicacion?utm_medium=interno&amp;utm_source=crosslinking&amp;utm_campaign=sindicacion_as_pie_articulos\">aqu\u00ed<\/a><\/p>\n","protected":false},"excerpt":{"rendered":"A lo largo de su exitosa trayectoria, los calificativos se han agotado para describir las haza\u00f1as de Tadej&hellip;\n","protected":false},"author":2,"featured_media":221389,"comment_status":"","ping_status":"","sticky":false,"template":"","format":"standard","meta":{"footnotes":""},"categories":[273],"tags":[313,312,168,25,24,23,167],"class_list":{"0":"post-221388","1":"post","2":"type-post","3":"status-publish","4":"format-standard","5":"has-post-thumbnail","7":"category-ciclismo","8":"tag-ciclismo","9":"tag-cycling","10":"tag-deportes","11":"tag-es","12":"tag-espana","13":"tag-spain","14":"tag-sports"},"share_on_mastodon":{"url":"https:\/\/pubeurope.com\/@es\/115502371658482636","error":""},"_links":{"self":[{"href":"https:\/\/www.europesays.com\/es\/wp-json\/wp\/v2\/posts\/221388","targetHints":{"allow":["GET"]}}],"collection":[{"href":"https:\/\/www.europesays.com\/es\/wp-json\/wp\/v2\/posts"}],"about":[{"href":"https:\/\/www.europesays.com\/es\/wp-json\/wp\/v2\/types\/post"}],"author":[{"embeddable":true,"href":"https:\/\/www.europesays.com\/es\/wp-json\/wp\/v2\/users\/2"}],"replies":[{"embeddable":true,"href":"https:\/\/www.europesays.com\/es\/wp-json\/wp\/v2\/comments?post=221388"}],"version-history":[{"count":0,"href":"https:\/\/www.europesays.com\/es\/wp-json\/wp\/v2\/posts\/221388\/revisions"}],"wp:featuredmedia":[{"embeddable":true,"href":"https:\/\/www.europesays.com\/es\/wp-json\/wp\/v2\/media\/221389"}],"wp:attachment":[{"href":"https:\/\/www.europesays.com\/es\/wp-json\/wp\/v2\/media?parent=221388"}],"wp:term":[{"taxonomy":"category","embeddable":true,"href":"https:\/\/www.europesays.com\/es\/wp-json\/wp\/v2\/categories?post=221388"},{"taxonomy":"post_tag","embeddable":true,"href":"https:\/\/www.europesays.com\/es\/wp-json\/wp\/v2\/tags?post=221388"}],"curies":[{"name":"wp","href":"https:\/\/api.w.org\/{rel}","templated":true}]}}