{"id":221421,"date":"2025-11-06T11:13:15","date_gmt":"2025-11-06T11:13:15","guid":{"rendered":"https:\/\/www.europesays.com\/es\/221421\/"},"modified":"2025-11-06T11:13:15","modified_gmt":"2025-11-06T11:13:15","slug":"el-paso-del-tour-por-tarragona-frena-el-arranque-del-carril-bici-de-llevant","status":"publish","type":"post","link":"https:\/\/www.europesays.com\/es\/221421\/","title":{"rendered":"El paso del Tour por Tarragona frena el arranque del carril bici de Llevant"},"content":{"rendered":"<p>                                    <img decoding=\"async\" loading=\"lazy\" src=\"https:\/\/www.europesays.com\/es\/wp-content\/uploads\/2025\/11\/68519e439174b.jpeg\" alt=\"N\u00faria Riu\" width=\"40\" height=\"40\" data-full-src=\"https:\/\/www.europesays.com\/es\/wp-content\/uploads\/2025\/11\/68519e439174b.jpeg\"\/><\/p>\n<p class=\"paragraph\">El inicio de la <b>segunda etapa del Tour de Francia<\/b> desde <b>Tarragona<\/b> condicionar\u00e1 las <b>obras del carril bici de Llevant<\/b>, que no se pondr\u00e1n en marcha hasta que la comitiva de la Grande Boucle abandone la ciudad. As\u00ed lo han acordado el Ajuntament de Tarragona y el Estado, que <b>priorizar\u00e1n la ampliaci\u00f3n del puente del Francol\u00ed<\/b> con tal de no interferir en la celebraci\u00f3n de la prueba reina.<\/p>\n<p>            <a href=\"#\" title=\"\"><\/p>\n<p>                    <img loading=\"lazy\" decoding=\"async\" data-index=\"\" width=\"140\" height=\"140\" alt=\"Estefan\u00eda Serrano, Enric Adell, Rub\u00e9n Vi\u00f1uales y Mario Soler, durante la presentaci\u00f3n.\" data-full=\"[object Object]\" data-original=\"[object Object]\" src=\"https:\/\/imagenes.diaridetarragona.com\/files\/related_image\/uploads\/2025\/10\/24\/68fb4cfef24d0.jpeg\" data-full-src=\"https:\/\/www.europesays.com\/es\/wp-content\/uploads\/2025\/11\/68fb4cfef24d0.jpeg\"\/><\/p>\n<p>            <\/a><\/p>\n<p class=\"paragraph\">As\u00ed lo confirma el Ajuntament de Tarragona, que plante\u00f3 esta posibilidad a los responsables territoriales de Carreteras, teniendo en cuenta que <b>el inicio de las obras est\u00e1 fijado para principios de a\u00f1o.<\/b> Ambas partes coincidieron en la necesidad de que los trabajos no interfirieran en la celebraci\u00f3n de la prueba, teniendo en cuenta que, <a href=\"https:\/\/www.diaridetarragona.com\/tarragona\/243219\/asi-sera-etapa-tour-tarragona-80-000-espectadores-salida-savinosa.html\" rel=\"nofollow noopener\" target=\"_blank\">tras el recorrido por las calles m\u00e1s c\u00e9ntricas de la ciudad<\/a>, el Tour seguir\u00e1 su camino hacia Barcelona a trav\u00e9s de la antigua<b> N-340.<\/b><\/p>\n<p class=\"paragraph\">El Tour es el evento deportivo que se celebra anualmente y que despierta m\u00e1s inter\u00e9s a nivel mundial despu\u00e9s de la Super Bowl. Las estimaciones m\u00e1s optimistas sit\u00faan en unas <b>80.000 las persona<\/b>s que seguir\u00e1n el evento desde las calles de Tarragona, sumando el p\u00fablico local y los miles de personas que vendr\u00e1n de fuera. A esto hay que a\u00f1adirle las im\u00e1genes que aparecer\u00e1n en los televisores de todo el mundo.<\/p>\n<p class=\"c-detail__highlight full \">\n<p>Las obras en el recorrido<br \/>deber\u00e1n acabarse un mes antes<\/p>\n<p class=\"paragraph\">La ciudad quiere aprovechar este evento y estar impoluta, ofreciendo su mejor versi\u00f3n. Asimismo, quiere evitarse a toda costa que unas obras inesperadas en la v\u00eda p\u00fablica acaben interfiriendo. Por este motivo, desde el <b>departamento de Llic\u00e8ncies d\u2019Obres<\/b> se han establecido un conjunto de directrices que deber\u00e1n tenerse en cuenta semanas antes de la etapa, que se celebrar\u00e1 el <b>5 de julio.<\/b><\/p>\n<p class=\"paragraph\">Las primeras medidas empezar\u00e1n <b>un mes antes<\/b> y afectar\u00e1n a todas las <b>solicitudes de licencias<\/b> que influyan en la <b>apertura de zanjas u ocupaciones de v\u00eda p\u00fablica <\/b>situadas en el trazado del recorrido o en las zonas que ocupar\u00e1 la log\u00edstica del Tour. En primer lugar, desde el ayuntamiento se comunicar\u00e1 a estas personas que tienen <b>hasta el 5 de junio<\/b> para ejecutar los trabajos, es decir, un mes antes.<\/p>\n<p class=\"paragraph\">Tambi\u00e9n se les advertir\u00e1 que, en el per\u00edodo comprendido entre el <b>5 y el 20 de junio<\/b> de <b>2026<\/b>, se realizar\u00e1n inspecciones por parte de los servicios t\u00e9cnicos municipales en los tramos incluidos en el recorrido. En el caso de que se detecte cualquier desperfecto o sea necesario realizar alguna <b>medida correctora,<\/b> se har\u00e1 un requerimiento, \u00abcon car\u00e1cter de urgencia\u00bb, al titular de la licencia otorgada.<\/p>\n<p>Se inicia la fase de expropiaciones para las obras<\/p>\n<p class=\"paragraph\">Tras abrirse el proceso de licitaci\u00f3n para buscar la empresa o empresas que se encargar\u00e1n de la <b>humanizaci\u00f3n de las antiguas carreteras nacionales,<\/b> esta semana el Butllet\u00ed Oficial de la Prov\u00edncia de Tarragona (BOPT) publicaba la relaci\u00f3n de los bienes afectados por las expropiaciones que comportar\u00e1n las obras.<\/p>\n<p class=\"paragraph\">Aqu\u00ed se incluyen los <b>tres proyectos <\/b>que forman parte del paquete, es decir, el carril bici de Llevant, la <b>ampliaci\u00f3n del puente del Francol\u00ed<\/b> y la <b>instalaci\u00f3n de las pantallas ac\u00fasticas en la A-7<\/b>, en su paso por el centro de la ciudad. El siguiente paso tiene que ser la adjudicaci\u00f3n de los trabajos, que comportar\u00e1n una inversi\u00f3n de m\u00e1s de nueve millones.<\/p>\n<p>            <a href=\"#\" title=\"\"><\/p>\n<p>                    <img loading=\"lazy\" decoding=\"async\" data-index=\"\" width=\"140\" height=\"140\" alt=\"En este puente se habilitar\u00e1 un carril bici.\" data-full=\"[object Object]\" data-original=\"[object Object]\" src=\"https:\/\/imagenes.diaridetarragona.com\/files\/related_image\/uploads\/2025\/09\/17\/68ca813d5cd25.jpeg\" data-full-src=\"https:\/\/www.europesays.com\/es\/wp-content\/uploads\/2025\/11\/68ca813d5cd25.jpeg\"\/><\/p>\n<p>            <\/a><\/p>\n","protected":false},"excerpt":{"rendered":"El inicio de la segunda etapa del Tour de Francia desde Tarragona condicionar\u00e1 las obras del carril bici&hellip;\n","protected":false},"author":2,"featured_media":221422,"comment_status":"","ping_status":"","sticky":false,"template":"","format":"standard","meta":{"footnotes":""},"categories":[273],"tags":[313,312,168,25,24,23,167],"class_list":{"0":"post-221421","1":"post","2":"type-post","3":"status-publish","4":"format-standard","5":"has-post-thumbnail","7":"category-ciclismo","8":"tag-ciclismo","9":"tag-cycling","10":"tag-deportes","11":"tag-es","12":"tag-espana","13":"tag-spain","14":"tag-sports"},"share_on_mastodon":{"url":"https:\/\/pubeurope.com\/@es\/115502462192592843","error":""},"_links":{"self":[{"href":"https:\/\/www.europesays.com\/es\/wp-json\/wp\/v2\/posts\/221421","targetHints":{"allow":["GET"]}}],"collection":[{"href":"https:\/\/www.europesays.com\/es\/wp-json\/wp\/v2\/posts"}],"about":[{"href":"https:\/\/www.europesays.com\/es\/wp-json\/wp\/v2\/types\/post"}],"author":[{"embeddable":true,"href":"https:\/\/www.europesays.com\/es\/wp-json\/wp\/v2\/users\/2"}],"replies":[{"embeddable":true,"href":"https:\/\/www.europesays.com\/es\/wp-json\/wp\/v2\/comments?post=221421"}],"version-history":[{"count":0,"href":"https:\/\/www.europesays.com\/es\/wp-json\/wp\/v2\/posts\/221421\/revisions"}],"wp:featuredmedia":[{"embeddable":true,"href":"https:\/\/www.europesays.com\/es\/wp-json\/wp\/v2\/media\/221422"}],"wp:attachment":[{"href":"https:\/\/www.europesays.com\/es\/wp-json\/wp\/v2\/media?parent=221421"}],"wp:term":[{"taxonomy":"category","embeddable":true,"href":"https:\/\/www.europesays.com\/es\/wp-json\/wp\/v2\/categories?post=221421"},{"taxonomy":"post_tag","embeddable":true,"href":"https:\/\/www.europesays.com\/es\/wp-json\/wp\/v2\/tags?post=221421"}],"curies":[{"name":"wp","href":"https:\/\/api.w.org\/{rel}","templated":true}]}}