{"id":221438,"date":"2025-11-06T11:25:09","date_gmt":"2025-11-06T11:25:09","guid":{"rendered":"https:\/\/www.europesays.com\/es\/221438\/"},"modified":"2025-11-06T11:25:09","modified_gmt":"2025-11-06T11:25:09","slug":"no-lo-vuelvo-a-consentir-2","status":"publish","type":"post","link":"https:\/\/www.europesays.com\/es\/221438\/","title":{"rendered":"No lo vuelvo a consentir"},"content":{"rendered":"<p class=\"ft-text\"><a class=\"ft-link ft-link--decoration\" href=\"https:\/\/www.elperiodico.com\/es\/temas\/isla-tentaciones-43417\" target=\"_blank\" rel=\"nofollow noopener\"><strong>&#8216;La isla de las tentaciones 9&#8217; <\/strong><\/a>emiti\u00f3 anoche su tercer programa de la temporada con el reencuentro entre parejas antes de despedirse hasta el final de la aventura.<\/p>\n<p class=\"ft-text\">Fue un momento lleno de tensi\u00f3n tras lo vivido en sus primeros encuentros con las solteras y los solteros. Los primeros encontronazos se dejaban ver con las parejas enfrentadas a cada lado del jard\u00edn sin poder acercarse, algo que intent\u00f3 romper <strong>Rodri<\/strong>.<\/p>\n<p class=\"ft-text\">\u00ab<strong>No, por favor, \u00bfd\u00f3nde vas?<\/strong> \u00bfpor qu\u00e9 te quer\u00edas acercar a Helena?\u00bb, le fren\u00f3 en seco la presentadora. Despu\u00e9s cada uno tuvo que elegir a su primera cita y en una de esas elecciones Dar\u00edo intent\u00f3 abrazar a su chica para consolarla, desquiciando de nuevo a Barneda: \u00ab<strong>Las normas son claras, no me sirve el perd\u00f3n<\/strong>, tus compa\u00f1eros est\u00e1n respetando, quieren acercarse y abrazar a sus parejas\u00bb.<\/p>\n<p class=\"ft-text\">Cuando lleg\u00f3 el turno de Lorenzo, su novia abandon\u00f3 el jard\u00edn y \u00e9l sali\u00f3 corriendo detr\u00e1s de ella, algo que ten\u00eda prohibido hacer y Sandra Barneda sali\u00f3 detr\u00e1s de la pareja para recordarlo. Sin embargo, era en ese momento cuando el resto aprovechaba la ausencia de la presentadora para hablar cara a cara y saltarse las normas, desatando el cabreo de Sandra.<\/p>\n<p class=\"ft-text\">\u00abPor favor, \u00bfqu\u00e9 est\u00e1 pasando aqu\u00ed? Os lo digo de verdad, hab\u00e9is decidido todos participar en &#8216;La isla de las tentaciones&#8217;, conoc\u00e9is perfectamente las normas y os las hab\u00e9is saltado todos, es absolutamente inadmisible. <strong>No lo vuelvo a consentir una vez m\u00e1s, quien rompa la norma se va<\/strong>\u00ab, dijo seria la presentadora.<\/p>\n","protected":false},"excerpt":{"rendered":"&#8216;La isla de las tentaciones 9&#8217; emiti\u00f3 anoche su tercer programa de la temporada con el reencuentro entre&hellip;\n","protected":false},"author":2,"featured_media":221439,"comment_status":"","ping_status":"","sticky":false,"template":"","format":"standard","meta":{"footnotes":""},"categories":[91],"tags":[7280,58893,8369,146,147,25,24,3643,14194,7279,4253,26099,23,692,4473],"class_list":{"0":"post-221438","1":"post","2":"type-post","3":"status-publish","4":"format-standard","5":"has-post-thumbnail","7":"category-entretenimiento","8":"tag-barneda","9":"tag-cabreada","10":"tag-eleva","11":"tag-entertainment","12":"tag-entretenimiento","13":"tag-es","14":"tag-espana","15":"tag-isla","16":"tag-la-isla-de-las-tentaciones","17":"tag-sandra","18":"tag-sandra-barneda","19":"tag-solteros","20":"tag-spain","21":"tag-telecinco","22":"tag-tentaciones"},"share_on_mastodon":{"url":"https:\/\/pubeurope.com\/@es\/115502509500014118","error":""},"_links":{"self":[{"href":"https:\/\/www.europesays.com\/es\/wp-json\/wp\/v2\/posts\/221438","targetHints":{"allow":["GET"]}}],"collection":[{"href":"https:\/\/www.europesays.com\/es\/wp-json\/wp\/v2\/posts"}],"about":[{"href":"https:\/\/www.europesays.com\/es\/wp-json\/wp\/v2\/types\/post"}],"author":[{"embeddable":true,"href":"https:\/\/www.europesays.com\/es\/wp-json\/wp\/v2\/users\/2"}],"replies":[{"embeddable":true,"href":"https:\/\/www.europesays.com\/es\/wp-json\/wp\/v2\/comments?post=221438"}],"version-history":[{"count":0,"href":"https:\/\/www.europesays.com\/es\/wp-json\/wp\/v2\/posts\/221438\/revisions"}],"wp:featuredmedia":[{"embeddable":true,"href":"https:\/\/www.europesays.com\/es\/wp-json\/wp\/v2\/media\/221439"}],"wp:attachment":[{"href":"https:\/\/www.europesays.com\/es\/wp-json\/wp\/v2\/media?parent=221438"}],"wp:term":[{"taxonomy":"category","embeddable":true,"href":"https:\/\/www.europesays.com\/es\/wp-json\/wp\/v2\/categories?post=221438"},{"taxonomy":"post_tag","embeddable":true,"href":"https:\/\/www.europesays.com\/es\/wp-json\/wp\/v2\/tags?post=221438"}],"curies":[{"name":"wp","href":"https:\/\/api.w.org\/{rel}","templated":true}]}}