{"id":221451,"date":"2025-11-06T11:36:13","date_gmt":"2025-11-06T11:36:13","guid":{"rendered":"https:\/\/www.europesays.com\/es\/221451\/"},"modified":"2025-11-06T11:36:13","modified_gmt":"2025-11-06T11:36:13","slug":"la-bilbao-bilbao26-abre-su-inscripcion-online","status":"publish","type":"post","link":"https:\/\/www.europesays.com\/es\/221451\/","title":{"rendered":"La Bilbao-Bilbao&#8217;26 abre su inscripci\u00f3n online"},"content":{"rendered":"<p><img fetchpriority=\"high\" class=\"v-a-img\" src=\"https:\/\/www.europesays.com\/es\/wp-content\/uploads\/2025\/11\/CF1VG1O1.jpg\" loading=\"eager\" decoding=\"async\" alt=\"Imagen de la salida de la pasada edici\u00f3n.\"  width=\"1200\" height=\"840\"\/><\/p>\n<p>Imagen de la salida de la pasada edici\u00f3n.          E. C.        <\/p>\n<p>La emblem\u00e1tica prueba cicloturista, que buscar\u00e1 los 7.000 participantes, se celebrar\u00e1 el 15 de marzo de 2026 con sus recorridos cl\u00e1sicos<\/p>\n<p class=\"v-mdl-ath__p v-mdl-ath__p--6\">\nJueves, 6 de noviembre 2025, 01:05<\/p>\n<p class=\"v-p\">A falta de cuatro meses para celebrar el 15 de marzo de 2026 la 37\u00aa edici\u00f3n de la Occident Bilbao-Bilbao, la prueba ciclorturista por excelencia de Bizkaia ha puesto en marcha las inscripciones \u00abonline\u00bb. Ser trata de una medida que el pasado a\u00f1o se estren\u00f3 con \u00abgran acogida\u00bb, seg\u00fan el director de esta cl\u00e1sica cicloturista, Philippe Govaert. \u00abSiempre nos visita gente de fuera y para ellos les permite organizarse mejor. El pasado a\u00f1o en los primeros d\u00edas en los que se abri\u00f3 el plazo se apunt\u00f3 mucha gente de diferentes lugares\u00bb, explic\u00f3 el responsable de una prueba que cuenta un a\u00f1o m\u00e1s con el patrocinio de EL CORREO. Por eso, desde hoy los interesados pueden acudir a la web www.bilbaobilbao.com donde se detallan todos los pormenores.<\/p>\n<p class=\"v-p\">Lo que no cambian son sus tres recorridos. El m\u00e1s accesible, de 85 kil\u00f3metros, el tradicional que tiene 115 y el m\u00e1s exigente que incluye la ascensi\u00f3n a El Vivero \u2013125 kil\u00f3metros\u2013. Se saldr\u00e1 entre las 8 y las 9 de la ma\u00f1ana con intervalos de quince minutos. El itinerario m\u00e1s corto cuenta con los puertos de Andraka y Unbe como principales dificultades. Los que optan por este trazado, tras el avituallamiento en el Parque Tecnol\u00f3gico de Zamudio, se dirigir\u00e1n hacia Galdakao y la Gran V\u00eda de Bilbao. Los ciclistas que completan la ruta cl\u00e1sica \u2013115 kil\u00f3metros\u2013, por su parte, tras reponer fuerzas en Zamudio contin\u00faan por Artebakarra y Morga antes de bajar a Larrabetzu y enlazar con la ruta anterior por Galdakao.<\/p>\n<p class=\"v-p\"><strong>29 euros<\/strong><\/p>\n<p class=\"v-p\">La prueba tiene distintos precios. Hasta el 15 de enero la inscripci\u00f3n en la Occident Bilbao Bilbao cuesta 29 euros, desde esa fecha hasta el 19 de febrero aumenta a 32 mientras que el \u00faltimo plazo hasta el 23 de marzo el importe ser\u00e1 de 35 euros. En todas ellas los federados pagan cinco euros menos. El objetivo, como en ediciones anteriores, es rondar los 7.000 participantes en una cita que tiene un gran arraigo entre los amantes de la bicicleta. <\/p>\n<p>Reporta un error<\/p>\n","protected":false},"excerpt":{"rendered":"Imagen de la salida de la pasada edici\u00f3n. E. C. La emblem\u00e1tica prueba cicloturista, que buscar\u00e1 los 7.000&hellip;\n","protected":false},"author":2,"featured_media":221452,"comment_status":"","ping_status":"","sticky":false,"template":"","format":"standard","meta":{"footnotes":""},"categories":[273],"tags":[490,58894,313,312,168,25,24,3249,133,23,167],"class_list":{"0":"post-221451","1":"post","2":"type-post","3":"status-publish","4":"format-standard","5":"has-post-thumbnail","7":"category-ciclismo","8":"tag-abre","9":"tag-bilbaobilbao26","10":"tag-ciclismo","11":"tag-cycling","12":"tag-deportes","13":"tag-es","14":"tag-espana","15":"tag-inscripcion","16":"tag-online","17":"tag-spain","18":"tag-sports"},"share_on_mastodon":{"url":"https:\/\/pubeurope.com\/@es\/115502552619415691","error":""},"_links":{"self":[{"href":"https:\/\/www.europesays.com\/es\/wp-json\/wp\/v2\/posts\/221451","targetHints":{"allow":["GET"]}}],"collection":[{"href":"https:\/\/www.europesays.com\/es\/wp-json\/wp\/v2\/posts"}],"about":[{"href":"https:\/\/www.europesays.com\/es\/wp-json\/wp\/v2\/types\/post"}],"author":[{"embeddable":true,"href":"https:\/\/www.europesays.com\/es\/wp-json\/wp\/v2\/users\/2"}],"replies":[{"embeddable":true,"href":"https:\/\/www.europesays.com\/es\/wp-json\/wp\/v2\/comments?post=221451"}],"version-history":[{"count":0,"href":"https:\/\/www.europesays.com\/es\/wp-json\/wp\/v2\/posts\/221451\/revisions"}],"wp:featuredmedia":[{"embeddable":true,"href":"https:\/\/www.europesays.com\/es\/wp-json\/wp\/v2\/media\/221452"}],"wp:attachment":[{"href":"https:\/\/www.europesays.com\/es\/wp-json\/wp\/v2\/media?parent=221451"}],"wp:term":[{"taxonomy":"category","embeddable":true,"href":"https:\/\/www.europesays.com\/es\/wp-json\/wp\/v2\/categories?post=221451"},{"taxonomy":"post_tag","embeddable":true,"href":"https:\/\/www.europesays.com\/es\/wp-json\/wp\/v2\/tags?post=221451"}],"curies":[{"name":"wp","href":"https:\/\/api.w.org\/{rel}","templated":true}]}}