{"id":221457,"date":"2025-11-06T11:40:34","date_gmt":"2025-11-06T11:40:34","guid":{"rendered":"https:\/\/www.europesays.com\/es\/221457\/"},"modified":"2025-11-06T11:40:34","modified_gmt":"2025-11-06T11:40:34","slug":"la-dura-revela-su-lucha-contra-una-infeccion-renal-en-instagram","status":"publish","type":"post","link":"https:\/\/www.europesays.com\/es\/221457\/","title":{"rendered":"La Dura revela su lucha contra una infecci\u00f3n renal en Instagram"},"content":{"rendered":"<p>La influencer cubana Diliamne Jouve, m\u00e1s conocida como La Dura, preocup\u00f3 a sus seguidores tras confesar que hace unos d\u00edas tuvo que acudir a urgencias debido a un fuerte dolor en la zona de los ri\u00f1ones.<\/p>\n<p>A trav\u00e9s de sus historias de Instagram, la ex pareja del reguetonero Jacob Forever explic\u00f3 que llevaba tiempo sintiendo molestias cada vez que pasaba muchas horas sentada.<\/p>\n<p>\u201cCuando paso mucho tiempo sentada me causa mucho dolor aqu\u00ed abajo, en la zona de los ri\u00f1ones. No les hab\u00eda comentado, pero la semana pasada tuve que ir a emergencia porque ten\u00eda un dolor muy fuerte aqu\u00ed abajo, en la zona de los ri\u00f1ones, y resulta ser que ten\u00eda infecci\u00f3n en los ri\u00f1ones. Estoy tomando ahora antibi\u00f3ticos, cuid\u00e1ndome para mejorar cada d\u00eda\u201d, cont\u00f3 La Dura en el video.<\/p>\n<p>La popular creadora de contenido, que cuenta con millones de seguidores en redes sociales, asegur\u00f3 que se encuentra en tratamiento y enfocada en recuperarse completamente.<\/p>\n<p>Sus fan\u00e1ticos le enviaron numerosos mensajes de apoyo, dese\u00e1ndole pronta recuperaci\u00f3n y agradeci\u00e9ndole por compartir de manera tan abierta su experiencia de salud.<\/p>\n","protected":false},"excerpt":{"rendered":"La influencer cubana Diliamne Jouve, m\u00e1s conocida como La Dura, preocup\u00f3 a sus seguidores tras confesar que hace&hellip;\n","protected":false},"author":2,"featured_media":221458,"comment_status":"","ping_status":"","sticky":false,"template":"","format":"standard","meta":{"footnotes":""},"categories":[174],"tags":[255,58895,146,147,25,24,629,256,5764,4536,2661,58896,58897,20561,1922,166,23,1018],"class_list":{"0":"post-221457","1":"post","2":"type-post","3":"status-publish","4":"format-standard","5":"has-post-thumbnail","7":"category-famosos","8":"tag-celebrities","9":"tag-diliamne-jouve","10":"tag-entertainment","11":"tag-entretenimiento","12":"tag-es","13":"tag-espana","14":"tag-estados-unidos","15":"tag-famosos","16":"tag-influencer","17":"tag-instagram","18":"tag-internacionales","19":"tag-jacob-forever","20":"tag-la-dura-diliamne-jouve-gonzalez","21":"tag-noticias-de-miami","22":"tag-redes-sociales","23":"tag-salud","24":"tag-spain","25":"tag-videos"},"share_on_mastodon":{"url":"https:\/\/pubeurope.com\/@es\/115502568314509712","error":""},"_links":{"self":[{"href":"https:\/\/www.europesays.com\/es\/wp-json\/wp\/v2\/posts\/221457","targetHints":{"allow":["GET"]}}],"collection":[{"href":"https:\/\/www.europesays.com\/es\/wp-json\/wp\/v2\/posts"}],"about":[{"href":"https:\/\/www.europesays.com\/es\/wp-json\/wp\/v2\/types\/post"}],"author":[{"embeddable":true,"href":"https:\/\/www.europesays.com\/es\/wp-json\/wp\/v2\/users\/2"}],"replies":[{"embeddable":true,"href":"https:\/\/www.europesays.com\/es\/wp-json\/wp\/v2\/comments?post=221457"}],"version-history":[{"count":0,"href":"https:\/\/www.europesays.com\/es\/wp-json\/wp\/v2\/posts\/221457\/revisions"}],"wp:featuredmedia":[{"embeddable":true,"href":"https:\/\/www.europesays.com\/es\/wp-json\/wp\/v2\/media\/221458"}],"wp:attachment":[{"href":"https:\/\/www.europesays.com\/es\/wp-json\/wp\/v2\/media?parent=221457"}],"wp:term":[{"taxonomy":"category","embeddable":true,"href":"https:\/\/www.europesays.com\/es\/wp-json\/wp\/v2\/categories?post=221457"},{"taxonomy":"post_tag","embeddable":true,"href":"https:\/\/www.europesays.com\/es\/wp-json\/wp\/v2\/tags?post=221457"}],"curies":[{"name":"wp","href":"https:\/\/api.w.org\/{rel}","templated":true}]}}