{"id":221459,"date":"2025-11-06T11:41:08","date_gmt":"2025-11-06T11:41:08","guid":{"rendered":"https:\/\/www.europesays.com\/es\/221459\/"},"modified":"2025-11-06T11:41:08","modified_gmt":"2025-11-06T11:41:08","slug":"el-tribunal-de-cuentas-de-francia-critica-que-el-louvre-prefirio-adquirir-obras-a-invertir-en-seguridad-cultura","status":"publish","type":"post","link":"https:\/\/www.europesays.com\/es\/221459\/","title":{"rendered":"El Tribunal de Cuentas de Francia critica que el Louvre prefiri\u00f3 adquirir obras a invertir en seguridad | Cultura"},"content":{"rendered":"<p class=\"\">El tribunal de Cuentas de Francia ha publicado este jueves el informe sobre la gesti\u00f3n del Museo del Louvre, menos de un mes despu\u00e9s del <a href=\"https:\/\/elpais.com\/cultura\/2025-10-20\/las-claves-del-robo-en-el-louvre-siete-minutos-cuatro-asaltantes-y-una-escalera-para-acceder-a-las-joyas-de-la-corona.html\" target=\"_self\" rel=\"nofollow noopener\" title=\"https:\/\/elpais.com\/cultura\/2025-10-20\/las-claves-del-robo-en-el-louvre-siete-minutos-cuatro-asaltantes-y-una-escalera-para-acceder-a-las-joyas-de-la-corona.html\">robo de ocho joyas de la Corona<\/a> del pasado 19 de octubre. El organismo, que elabor\u00f3 el documento antes de que se produjera el asalto, abarca el periodo de 2018 a 2024 y critica que, durante todos esos a\u00f1os, la direcci\u00f3n del museo prioriz\u00f3 la adquisici\u00f3n de obras a la seguridad o mejora de las instalaciones. Se compraron 2.754 piezas en ocho a\u00f1os.<\/p>\n<p class=\"\">El museo \u201cprioriz\u00f3 operaciones visibles y atractivas (en particular la adquisici\u00f3n de obras) al mantenimiento y renovaci\u00f3n de edificios e instalaciones, especialmente los sistemas de seguridad que, sin embargo, son esenciales para asegurar el funcionamiento sostenible de la instituci\u00f3n y garantizar condiciones satisfactorias para los visitantes\u201d, se\u00f1ala el documento, de m\u00e1s de 100 p\u00e1ginas.<\/p>\n<p>M\u00e1s informaci\u00f3n<\/p>\n<p class=\"\">Durante el periodo analizado ha habido dos presidentes: Jean-Luc Mart\u00ednez, de 2013 a 2021, y <a href=\"https:\/\/elpais.com\/cultura\/2025-10-22\/la-presidenta-del-louvre-el-robo-es-una-herida-inmensa-hemos-fracasado.html\" target=\"_self\" rel=\"nofollow noopener\" title=\"https:\/\/elpais.com\/cultura\/2025-10-22\/la-presidenta-del-louvre-el-robo-es-una-herida-inmensa-hemos-fracasado.html\">Laurence des Cars<\/a>, nombrada ese a\u00f1o y actual responsable. El museo solo moviliz\u00f3 en estos a\u00f1os 27 millones de euros para trabajos de mantenimiento de las instalaciones y 60 millones para labores de restauraci\u00f3n. Esto contrasta con los 105,4 millones comprometidos para la adquisici\u00f3n de obras. Seg\u00fan el Tribunal de Cuentas, el presupuesto de adquisiciones \u201cdebe ajustarse en funci\u00f3n de las otras necesidades de financiaci\u00f3n\u201d. <\/p>\n<p class=\"\">El informe lo ha presentado Pierre Moscovici, presidente del Tribunal de Cuentas. \u201cNuestra primera observaci\u00f3n es que el Louvre se ha retrasado considerablemente en la modernizaci\u00f3n de su infraestructura t\u00e9cnica y en la restauraci\u00f3n del palacio, un retraso que debe subsanar cuanto antes. Estas inversiones son esenciales para garantizar la viabilidad a largo plazo de la instituci\u00f3n\u201d, ha dicho en la presentaci\u00f3n del informe.<\/p>\n<p><img decoding=\"auto\" class=\"_re lazyload a_m-h\" height=\"276\"  width=\"414\"  src=\"https:\/\/www.europesays.com\/es\/wp-content\/uploads\/2025\/11\/WH6NRNVQAFJHDCAZK4RKPJYHDE.jpg\" loading=\"lazy\"\/>El presidente del Tribunal de Cuentas franc\u00e9s, Pierre Moscovici, durante la presentaci\u00f3n del informe sobre el Louvre.Sarah Meyssonnier (REUTERS)<\/p>\n<p class=\"\">Ha se\u00f1alado que el museo \u201cno tom\u00f3 conciencia de la urgencia de la situaci\u00f3n hasta 2023\u201d, despu\u00e9s de que se tuviese que cerrar de manera anticipada la exposici\u00f3n de Claude Gillot y N\u00e1poles en Par\u00eds por problemas t\u00e9cnicos. El museo estima en 480 millones de euros en diez a\u00f1os el coste de los trabajos de renovaci\u00f3n necesarios.<\/p>\n<p class=\"\">\u201cEl Louvre se enfrenta a una paradoja. Aunque sus propios recursos han aumentado considerablemente durante el per\u00edodo examinado, su trayectoria financiera a medio plazo es fr\u00e1gil\u201d, ha apuntado Moscovici, que ha subrayado que el museo \u201cno es v\u00edctima de medios insuficientes (\u2026) Los problemas no se deben a una disminuci\u00f3n de sus recursos, que son considerables, sino a la definici\u00f3n de su rumbo estrat\u00e9gico\u201d.<\/p>\n<p class=\"\">Tras el robo del Louvre el pasado d\u00eda 19, contin\u00faa la investigaci\u00f3n. Hay <a href=\"https:\/\/elpais.com\/cultura\/2025-11-01\/una-mujer-de-38-anos-entre-los-detenidos-por-el-robo-del-louvre.html\" target=\"_self\" rel=\"nofollow noopener\" title=\"https:\/\/elpais.com\/cultura\/2025-11-01\/una-mujer-de-38-anos-entre-los-detenidos-por-el-robo-del-louvre.html\">siete personas imputadas, cuatro de ellas en prisi\u00f3n preventiva<\/a>. De momento lo que no se han encontrado son las ocho joyas de la Corona, las que cuatro asaltantes se llevaron rompiendo con radiales las vitrinas donde se encontraban, en la galer\u00eda de Apolo, una de las salas m\u00e1s visitadas del museo.<\/p>\n","protected":false},"excerpt":{"rendered":"El tribunal de Cuentas de Francia ha publicado este jueves el informe sobre la gesti\u00f3n del Museo del&hellip;\n","protected":false},"author":2,"featured_media":221460,"comment_status":"","ping_status":"","sticky":false,"template":"","format":"standard","meta":{"footnotes":""},"categories":[173],"tags":[229,233,231,230,209,232,234,146,147,25,24,317,41530,3873,4759,11989,23],"class_list":{"0":"post-221459","1":"post","2":"type-post","3":"status-publish","4":"format-standard","5":"has-post-thumbnail","7":"category-arte-y-diseno","8":"tag-arte","9":"tag-arte-y-diseno","10":"tag-arts","11":"tag-arts-and-design","12":"tag-cultura","13":"tag-design","14":"tag-diseno","15":"tag-entertainment","16":"tag-entretenimiento","17":"tag-es","18":"tag-espana","19":"tag-francia","20":"tag-museo-del-louvre","21":"tag-museos","22":"tag-paris","23":"tag-robos","24":"tag-spain"},"share_on_mastodon":{"url":"https:\/\/pubeurope.com\/@es\/115502572265791150","error":""},"_links":{"self":[{"href":"https:\/\/www.europesays.com\/es\/wp-json\/wp\/v2\/posts\/221459","targetHints":{"allow":["GET"]}}],"collection":[{"href":"https:\/\/www.europesays.com\/es\/wp-json\/wp\/v2\/posts"}],"about":[{"href":"https:\/\/www.europesays.com\/es\/wp-json\/wp\/v2\/types\/post"}],"author":[{"embeddable":true,"href":"https:\/\/www.europesays.com\/es\/wp-json\/wp\/v2\/users\/2"}],"replies":[{"embeddable":true,"href":"https:\/\/www.europesays.com\/es\/wp-json\/wp\/v2\/comments?post=221459"}],"version-history":[{"count":0,"href":"https:\/\/www.europesays.com\/es\/wp-json\/wp\/v2\/posts\/221459\/revisions"}],"wp:featuredmedia":[{"embeddable":true,"href":"https:\/\/www.europesays.com\/es\/wp-json\/wp\/v2\/media\/221460"}],"wp:attachment":[{"href":"https:\/\/www.europesays.com\/es\/wp-json\/wp\/v2\/media?parent=221459"}],"wp:term":[{"taxonomy":"category","embeddable":true,"href":"https:\/\/www.europesays.com\/es\/wp-json\/wp\/v2\/categories?post=221459"},{"taxonomy":"post_tag","embeddable":true,"href":"https:\/\/www.europesays.com\/es\/wp-json\/wp\/v2\/tags?post=221459"}],"curies":[{"name":"wp","href":"https:\/\/api.w.org\/{rel}","templated":true}]}}