{"id":221495,"date":"2025-11-06T12:06:09","date_gmt":"2025-11-06T12:06:09","guid":{"rendered":"https:\/\/www.europesays.com\/es\/221495\/"},"modified":"2025-11-06T12:06:09","modified_gmt":"2025-11-06T12:06:09","slug":"la-isla-de-las-tentaciones-y-el-1-moderan-su-audiencia-mientras-que-el-hormiguero-y-la-revuelta-suben","status":"publish","type":"post","link":"https:\/\/www.europesays.com\/es\/221495\/","title":{"rendered":"&#8216;La isla de las tentaciones&#8217; y &#8216;El 1%&#8217; moderan su audiencia mientras que &#8216;El Hormiguero&#8217; y &#8216;La Revuelta&#8217; suben"},"content":{"rendered":"<p class=\"c-paragraph\">La noche del mi\u00e9rcoles dio el pulso de las audiencias para algunos formatos despu\u00e9s de sus estrenos o ya con varias emisiones, en una jornada en la que los <b>programas del access prime time estuvieron entre lo m\u00e1s visto de la jornada.\u00a0<\/b><\/p>\n<p class=\"c-paragraph\"><a href=\"https:\/\/www.20minutos.es\/tags\/instituciones-empresas\/el-hormiguero.html\" title=\"El hormiguero\" rel=\"nofollow noopener\" target=\"_blank\">El Hormiguero <\/a>registr\u00f3 para Antena 3 un buen 15,2% de cuota y 1.939.000 espectadores. <a href=\"https:\/\/www.20minutos.es\/tags\/temas\/la-revuelta.html\" title=\"La Revuelta\" rel=\"nofollow noopener\" target=\"_blank\">La Revuelta<\/a>, en<b> La 1 tambi\u00e9n subi\u00f3 respecto al d\u00eda anterior, aunque se queda lejos<\/b>, con un\u00a011,4% y 1.455.000 televidentes. El tercer programa en liza, <a href=\"https:\/\/www.20minutos.es\/tags\/temas\/la-isla-de-las-tentaciones.html\" title=\"La isla de las tentaciones\" rel=\"nofollow noopener\" target=\"_blank\">La isla de las tentaciones<\/a>, en Telecinco, comenz\u00f3 a moderar su audiencia en la segunda emisi\u00f3n de su versi\u00f3n de tira diaria, con un 10% y 1.280.000 seguidores.\u00a0<\/p>\n<p class=\"c-paragraph\">En cualquier caso, <b>lo m\u00e1s visto de la jornada fueron los informativos de Antena 3 Noticias<\/b>, que hicieron en la primera emisi\u00f3n un 24,5% y 2.331.000 espectadores, y en la segunda un 18% y 2.164.000 seguidores, con Pasapalabra cerrando el p\u00f3dium, con un 20,1% y 2.067.000 espectadores.\u00a0<\/p>\n<p class=\"c-paragraph\">Ya en el prime time, <b>lider\u00f3 el concurso de Arturo Valls El 1%<\/b>, aunque como suele ser normal, con una ligera bajada respecto a su muy exitoso estreno. Del 16% de cuota y\u00a01.185.000 espectadores pas\u00f3 a <b>un buen 14% y 929.000 televidentes en su segunda emisi\u00f3n de la temporada.\u00a0<\/b><\/p>\n<p class=\"c-paragraph\">Enfrente estuvo una serie documental de La 1 sobre la dictadura, que obtuvo buenos resultados.\u00a0<b>50 a\u00f1os del gran cambio: La foto<\/b><b> marc\u00f3 un 12,4% de share y 1.092.000 espectadores.<\/b> La segunda entrega, inmediatamente despu\u00e9s, fue\u00a0La democracia no se har\u00e1 sin nosotrxs que baj\u00f3 al\u00a010.2% de cuota y 573.000 televidentes.<\/p>\n<p class=\"c-paragraph\">Otros programas de la noche fueron la serie\u00a0La agencia (Telecinco) con un 9,7% y 703.000;\u00a0<b>Callejeros: Sexo de carretera (Cuatro), con 6,5% y 481.000<\/b>;\u00a0El Taquillazo: Tenemos que hablar (La Sexta), con 4,6% y 345.000; y\u00a0En primicia: Pedro piqueras (La 2) con 2,2% de cuota y 276.000 espectadores.<\/p>\n<p class=\"c-paragraph\">Por cadenas, <b>el d\u00eda lo gan\u00f3 Antena 3 con un buen 14,8%<\/b>, seguido de La 1, con 12,6%; Telecinco, con 9,4%; La Sexta, con 6,4%; Cuatro, con 5,6% y La 2, con 3,6%.\u00a0<\/p>\n","protected":false},"excerpt":{"rendered":"La noche del mi\u00e9rcoles dio el pulso de las audiencias para algunos formatos despu\u00e9s de sus estrenos o&hellip;\n","protected":false},"author":2,"featured_media":221496,"comment_status":"","ping_status":"","sticky":false,"template":"","format":"standard","meta":{"footnotes":""},"categories":[171],"tags":[3099,146,147,25,24,3643,4207,58901,23,4473,214],"class_list":{"0":"post-221495","1":"post","2":"type-post","3":"status-publish","4":"format-standard","5":"has-post-thumbnail","7":"category-tv","8":"tag-3099","9":"tag-entertainment","10":"tag-entretenimiento","11":"tag-es","12":"tag-espana","13":"tag-isla","14":"tag-las","15":"tag-moderan","16":"tag-spain","17":"tag-tentaciones","18":"tag-tv"},"share_on_mastodon":{"url":"https:\/\/pubeurope.com\/@es\/115502670614585897","error":""},"_links":{"self":[{"href":"https:\/\/www.europesays.com\/es\/wp-json\/wp\/v2\/posts\/221495","targetHints":{"allow":["GET"]}}],"collection":[{"href":"https:\/\/www.europesays.com\/es\/wp-json\/wp\/v2\/posts"}],"about":[{"href":"https:\/\/www.europesays.com\/es\/wp-json\/wp\/v2\/types\/post"}],"author":[{"embeddable":true,"href":"https:\/\/www.europesays.com\/es\/wp-json\/wp\/v2\/users\/2"}],"replies":[{"embeddable":true,"href":"https:\/\/www.europesays.com\/es\/wp-json\/wp\/v2\/comments?post=221495"}],"version-history":[{"count":0,"href":"https:\/\/www.europesays.com\/es\/wp-json\/wp\/v2\/posts\/221495\/revisions"}],"wp:featuredmedia":[{"embeddable":true,"href":"https:\/\/www.europesays.com\/es\/wp-json\/wp\/v2\/media\/221496"}],"wp:attachment":[{"href":"https:\/\/www.europesays.com\/es\/wp-json\/wp\/v2\/media?parent=221495"}],"wp:term":[{"taxonomy":"category","embeddable":true,"href":"https:\/\/www.europesays.com\/es\/wp-json\/wp\/v2\/categories?post=221495"},{"taxonomy":"post_tag","embeddable":true,"href":"https:\/\/www.europesays.com\/es\/wp-json\/wp\/v2\/tags?post=221495"}],"curies":[{"name":"wp","href":"https:\/\/api.w.org\/{rel}","templated":true}]}}