{"id":221499,"date":"2025-11-06T12:08:09","date_gmt":"2025-11-06T12:08:09","guid":{"rendered":"https:\/\/www.europesays.com\/es\/221499\/"},"modified":"2025-11-06T12:08:09","modified_gmt":"2025-11-06T12:08:09","slug":"documental-popel-recrea-la-historia-de-anjel-lekuona","status":"publish","type":"post","link":"https:\/\/www.europesays.com\/es\/221499\/","title":{"rendered":"Documental \u2018Popel\u2019 recrea la historia de Anjel Lekuona"},"content":{"rendered":"<p>\n        Eentre las mil y una virtudes del cine est\u00e1 la de arrojar luces sobre la oscuridad del pasado, claridad ante los cr\u00edmenes de guerra, los desmanes del desbocado siglo XX donde las guerras y sus atrocidades se sucedieron sin soluci\u00f3n de continuidad. La historia que hoy vengo a contarles, con permiso de <strong>Anton Gandarias, familiar del triste protagonista, Anjel Lekuona; el investigador Unai Egia y el realizador firmante del documental Popel<\/strong> (\u201ccenizas\u201d, en checo&#8230;), <strong>Oier Plaza<\/strong>, y con el de todas las otras personas que en ella sufrieron (en este caso el de <strong>Enric Moner,<\/strong> personalidad suplantada por el impostor<strong> Enric Marco;  Antonio Medina, Antonio Clemente, Pedro Raga y Rafael Moy\u00e1<\/strong>),  es un claro ejemplo de lo que les dije.\n<\/p>\n<p class=\"article-body__text \">\n        Se cuenta en un santiam\u00e9n. <strong>Franti\u0161ek Such\u00fd y su hijo,<\/strong> arriesgando su vida, crearon listas secretas en el crematorio de Praga y escondieron las cenizas de m\u00e1s de 2.200 personas v\u00edctimas del nazismo, entre ellas las de Lekuona y sus compa\u00f1eros. De todo ello tuvieron sobrecogedora noticia en el preestreno vivido en la sala BBK dos lehendakaris, el ohia,<strong> I\u00f1igo Urkullu,<\/strong> y el vigente, Imanol Pradales; el alcalde de Bilbao, <strong>Juan Mari Aburto<\/strong>; la presidenta de Juntas Generales de Bizkaia,<strong> Leixuri Arrizabalaga<\/strong>; el presidente de la BBK, Xabier Sagredo; el presidente del EBB, Aitor Esteban; el presidente del BBB, <strong>I\u00f1igo Ansola, Leixuri Arrizabalaga, Bego\u00f1a de Ibarra, Nora Sarasola, Koldo Bilbao, Bego\u00f1a Ortuondo, Bego\u00f1a Atxalandabaso, Joserra Plaza<\/strong>, padre de Oier; el cocinero del Boroa, <strong>Jabi Gartzia,<\/strong> padrino del realizador; <strong>Mireia Zarate , I\u00f1aki Goiogana, I\u00f1aki Ruiz, Aitor Bikandi<\/strong>, de la Fundaci\u00f3n Sabino Arana; Jes\u00fas Becci y un buen pu\u00f1ado de hombres y mujeres, muy interesados en aquella historia rescatada de los tiempos duros.\n<\/p>\n<p class=\"article-body__text \">\n        C\u00f3mo no iban a estarlo si buena parte de la frondosa familia de <strong>Anjel <\/strong>se reuni\u00f3 en el preestreno. Les acompa\u00f1aron, adem\u00e1s de la gente citada, Alberto Alonso; el consejero de Industria, Transici\u00f3n energ\u00e9tica y Sostenibilidad, <strong>Mikel Jauregi;<\/strong> la consejera de Justicia y Derechos Humanos, <strong>Mar\u00eda Jes\u00fas San Jos\u00e9; Lorea Bilbao, Nerea Abasolo, Nora Atxena, Isaac Amezaga, Kepa Argote, Naroa Atxeno , I\u00f1aki Gordejuela<\/strong>, quien se detuvo en el photocall de la calle, interesado con esta historia con la que se dio de bruces; Jon Mancisidor, acompa\u00f1ado por su hija,<strong> Libe Mancisidor; Ricardo Barkala<\/strong>, emocionado con su inminente visita a Praga acompa\u00f1ando al Athletic, <strong>Ana Molina, Arturo Trueba, Aitor Bilbao, Andoni Gainza<\/strong>; una amplia delegaci\u00f3n de la ikastola de Lauro; <strong>Leyre Madariaga, Arantza Madariaga, Anjel Goikoetxea y una multitud. <\/strong>\n<\/p>\n<p class=\"article-body__text \">\n        Cuentan los programas de mano de esta proyecci\u00f3n, que  Popel  combina de forma singular, atrevida y original,  animaci\u00f3n e imagen real, gracias a la colaboraci\u00f3n del animador guipuzcoano Kote Camacho, y cuenta con una banda sonora conmovedora compuesta por Aitor Etxebarria . Todo un lujo.<\/p>\n","protected":false},"excerpt":{"rendered":"Eentre las mil y una virtudes del cine est\u00e1 la de arrojar luces sobre la oscuridad del pasado,&hellip;\n","protected":false},"author":2,"featured_media":221500,"comment_status":"","ping_status":"","sticky":false,"template":"","format":"standard","meta":{"footnotes":""},"categories":[169],"tags":[58902,177,6084,146,147,25,24,176,53924,10539,175,19745,58459,23],"class_list":{"0":"post-221499","1":"post","2":"type-post","3":"status-publish","4":"format-standard","5":"has-post-thumbnail","7":"category-cine","8":"tag-anjel","9":"tag-cine","10":"tag-documental","11":"tag-entertainment","12":"tag-entretenimiento","13":"tag-es","14":"tag-espana","15":"tag-film","16":"tag-lekuona","17":"tag-luces","18":"tag-movies","19":"tag-oscuridad","20":"tag-popel","21":"tag-spain"},"share_on_mastodon":{"url":"https:\/\/pubeurope.com\/@es\/115502678301625583","error":""},"_links":{"self":[{"href":"https:\/\/www.europesays.com\/es\/wp-json\/wp\/v2\/posts\/221499","targetHints":{"allow":["GET"]}}],"collection":[{"href":"https:\/\/www.europesays.com\/es\/wp-json\/wp\/v2\/posts"}],"about":[{"href":"https:\/\/www.europesays.com\/es\/wp-json\/wp\/v2\/types\/post"}],"author":[{"embeddable":true,"href":"https:\/\/www.europesays.com\/es\/wp-json\/wp\/v2\/users\/2"}],"replies":[{"embeddable":true,"href":"https:\/\/www.europesays.com\/es\/wp-json\/wp\/v2\/comments?post=221499"}],"version-history":[{"count":0,"href":"https:\/\/www.europesays.com\/es\/wp-json\/wp\/v2\/posts\/221499\/revisions"}],"wp:featuredmedia":[{"embeddable":true,"href":"https:\/\/www.europesays.com\/es\/wp-json\/wp\/v2\/media\/221500"}],"wp:attachment":[{"href":"https:\/\/www.europesays.com\/es\/wp-json\/wp\/v2\/media?parent=221499"}],"wp:term":[{"taxonomy":"category","embeddable":true,"href":"https:\/\/www.europesays.com\/es\/wp-json\/wp\/v2\/categories?post=221499"},{"taxonomy":"post_tag","embeddable":true,"href":"https:\/\/www.europesays.com\/es\/wp-json\/wp\/v2\/tags?post=221499"}],"curies":[{"name":"wp","href":"https:\/\/api.w.org\/{rel}","templated":true}]}}