{"id":221505,"date":"2025-11-06T12:11:07","date_gmt":"2025-11-06T12:11:07","guid":{"rendered":"https:\/\/www.europesays.com\/es\/221505\/"},"modified":"2025-11-06T12:11:07","modified_gmt":"2025-11-06T12:11:07","slug":"javier-camara-protagoniza-yakarta-una-serie-que-abraza-la-derrota","status":"publish","type":"post","link":"https:\/\/www.europesays.com\/es\/221505\/","title":{"rendered":"Javier C\u00e1mara protagoniza &#8216;Yakarta&#8217;, una serie que \u00ababraza la derrota\u00bb"},"content":{"rendered":"<p>06\/11\/2025 a las 12:57h.<\/p>\n<p class=\"voc-save-news__paragraph\">Esta funcionalidad es s\u00f3lo para suscriptores<\/p>\n<p><a href=\"https:\/\/secure.abc.es\/suscripcion#vca=suscribete&amp;vso=abc&amp;vmc=on&amp;vli=comentarios-btn-flujo\" data-voc-vtm-id=\"comienzoSuscripcionON\" data-voc-vtm-info=\"btncomentar\" class=\"voc-btn voc-btn--w voc-btn--xs voc-save-news__btn\" rel=\"nofollow noopener\" target=\"_blank\"><br \/>\nSuscribete<br \/>\n<\/a><\/p>\n<p class=\"voc-p\" style=\"\">&#8216;Yakarta&#8217;, la nueva serie de Diego San Jos\u00e9, aterriza en Movistar Plus+ este jueves 6 de noviembre. La ficci\u00f3n, protagonizada por Javier C\u00e1mara y Carla Qu\u00edlez, sigue a un exjugador ol\u00edmpico de b\u00e1dminton que comienza a entrenar a una joven con la esperanza de  &#8230; llevarla a competir en la capital de Indonesia, ciudad en la que se valora verdaderamente ese deporte, y as\u00ed cerrar sus propias heridas del pasado.<\/p>\n<p>\nArt\u00edculo solo para suscriptores\n<\/p>\n<p>Reportar un error<\/p>\n<p class=\"voc-save-news__paragraph\">Esta funcionalidad es s\u00f3lo para suscriptores<\/p>\n<p><a href=\"https:\/\/secure.abc.es\/suscripcion#vca=suscribete&amp;vso=abc&amp;vmc=on&amp;vli=comentarios-btn-flujo\" data-voc-vtm-id=\"comienzoSuscripcionON\" data-voc-vtm-info=\"btncomentar\" class=\"voc-btn voc-btn--w voc-btn--xs voc-save-news__btn\" rel=\"nofollow noopener\" target=\"_blank\"><br \/>\nSuscribete<br \/>\n<\/a><\/p>\n","protected":false},"excerpt":{"rendered":"06\/11\/2025 a las 12:57h. Esta funcionalidad es s\u00f3lo para suscriptores Suscribete &#8216;Yakarta&#8217;, la nueva serie de Diego San&hellip;\n","protected":false},"author":2,"featured_media":221506,"comment_status":"","ping_status":"","sticky":false,"template":"","format":"standard","meta":{"footnotes":""},"categories":[91],"tags":[58903,3250,2244,146,147,25,24,5264,20521,156,23,58798],"class_list":{"0":"post-221505","1":"post","2":"type-post","3":"status-publish","4":"format-standard","5":"has-post-thumbnail","7":"category-entretenimiento","8":"tag-abraza","9":"tag-camara","10":"tag-derrota","11":"tag-entertainment","12":"tag-entretenimiento","13":"tag-es","14":"tag-espana","15":"tag-javier","16":"tag-protagoniza","17":"tag-serie","18":"tag-spain","19":"tag-yakarta"},"share_on_mastodon":{"url":"https:\/\/pubeurope.com\/@es\/115502690257819406","error":""},"_links":{"self":[{"href":"https:\/\/www.europesays.com\/es\/wp-json\/wp\/v2\/posts\/221505","targetHints":{"allow":["GET"]}}],"collection":[{"href":"https:\/\/www.europesays.com\/es\/wp-json\/wp\/v2\/posts"}],"about":[{"href":"https:\/\/www.europesays.com\/es\/wp-json\/wp\/v2\/types\/post"}],"author":[{"embeddable":true,"href":"https:\/\/www.europesays.com\/es\/wp-json\/wp\/v2\/users\/2"}],"replies":[{"embeddable":true,"href":"https:\/\/www.europesays.com\/es\/wp-json\/wp\/v2\/comments?post=221505"}],"version-history":[{"count":0,"href":"https:\/\/www.europesays.com\/es\/wp-json\/wp\/v2\/posts\/221505\/revisions"}],"wp:featuredmedia":[{"embeddable":true,"href":"https:\/\/www.europesays.com\/es\/wp-json\/wp\/v2\/media\/221506"}],"wp:attachment":[{"href":"https:\/\/www.europesays.com\/es\/wp-json\/wp\/v2\/media?parent=221505"}],"wp:term":[{"taxonomy":"category","embeddable":true,"href":"https:\/\/www.europesays.com\/es\/wp-json\/wp\/v2\/categories?post=221505"},{"taxonomy":"post_tag","embeddable":true,"href":"https:\/\/www.europesays.com\/es\/wp-json\/wp\/v2\/tags?post=221505"}],"curies":[{"name":"wp","href":"https:\/\/api.w.org\/{rel}","templated":true}]}}