{"id":221517,"date":"2025-11-06T12:20:19","date_gmt":"2025-11-06T12:20:19","guid":{"rendered":"https:\/\/www.europesays.com\/es\/221517\/"},"modified":"2025-11-06T12:20:19","modified_gmt":"2025-11-06T12:20:19","slug":"tres-espanoles-se-aseguran-la-tarjeta-del-dp-world-tour-para-2026","status":"publish","type":"post","link":"https:\/\/www.europesays.com\/es\/221517\/","title":{"rendered":"Tres espa\u00f1oles se aseguran la tarjeta del DP World Tour para 2026"},"content":{"rendered":"<p data-gtm-element-container=\"modulo-texto-link\" class=\"paragraph\">Los espa\u00f1oles<strong> Sebasti\u00e1n Garc\u00eda<\/strong>,<strong> Quim Vidal<\/strong> y <strong>Rocco Repetto<\/strong> disputar\u00e1n la pr\u00f3xima temporada el <strong>DP World Tour<\/strong>, el principal circuito europeo de golf, despu\u00e9s de clasificarse entre los veinte primeros del <strong>HotelPlanner Tour<\/strong>, la \u2018segunda divisi\u00f3n\u2019, una vez concluida la gran final que se disput\u00f3 en el campo de la <strong>Alcanada<\/strong>, en <strong>Alc\u00fadia (Mallorca)<\/strong>.<\/p>\n<p data-gtm-element-container=\"modulo-texto-link\" class=\"paragraph\">El madrile\u00f1o Sebas Garc\u00eda, que ya ten\u00eda garantizada la tarjeta antes del \u00faltimo torneo despu\u00e9s de ganar en China en octubre, fue el que mejor posici\u00f3n obtuvo en la general del antes conocido como Challenge Tour, al quedar 10\u00ba, por delante del barcelon\u00e9s Quim Vidal (15\u00ba) y del malague\u00f1o Rocco Repetto (18\u00ba).<\/p>\n<p data-gtm-element-container=\"modulo-texto-link\" class=\"paragraph\">Garc\u00eda aspiraba a meterse en el top cinco, lo que le hubiera dado opci\u00f3n de jugar m\u00e1s competiciones en la primera divisi\u00f3n del golf europeo en 2026, pero su rendimiento en el campo de golf situado en Alcudia le dej\u00f3 lejos a diez golpes del ganador, el ingl\u00e9s James Morrison, que venci\u00f3 con un global de -15.<\/p>\n<p data-gtm-element-container=\"modulo-texto-link\" class=\"paragraph\">El tambi\u00e9n catal\u00e1n <strong>Adri Arnaus<\/strong> (42\u00ba) y el cordob\u00e9s <strong>V\u00edctor Pastor<\/strong> (43\u00ba), que afrontaron el torneo de Mallorca fuera de los veinte primeros clasificados en la general, no pudieron colarse en este grupo y no obtuvieron la tarjeta en Alc\u00fadia, pero se han ganado un puesto en la final de la escuela del DP World Tour.<\/p>\n<p>    Lee tambi\u00e9n<\/p>\n<p data-gtm-element-container=\"modulo-texto-link\" class=\"paragraph\">Despu\u00e9s de 29 torneos, el campe\u00f3n del HotelPlanner Tour de esta temporada ha sido el sudafricano<strong> JC Ritchie<\/strong>, de 31 a\u00f1os, quien toma el relevo del dan\u00e9s Rasmus Neergaard-Petersen (2024) y del ingl\u00e9s Marco Penge (2023), una de las revelaciones del DP World Tour de este a\u00f1o, con tres t\u00edtulos, entre ellos, el Abierto de Espa\u00f1a.<\/p>\n<p data-gtm-element-container=\"modulo-texto-link\" class=\"paragraph\">En la final del circuito, que desde 2019 se ha disputado en la Alcanada, tomaron parte los 45 mejores clasificados en la \u2018Road to Mallorca 2025\u2019.<\/p>\n<p data-gtm-element-container=\"modulo-texto-link\" class=\"paragraph\">La victoria de Morrison en el torneo le permiti\u00f3 subir del 36\u00ba puesto al sexto en la general y lograr as\u00ed el billete para regresar a la m\u00e1xima categor\u00eda del golf europeo.<\/p>\n","protected":false},"excerpt":{"rendered":"Los espa\u00f1oles Sebasti\u00e1n Garc\u00eda, Quim Vidal y Rocco Repetto disputar\u00e1n la pr\u00f3xima temporada el DP World Tour, el&hellip;\n","protected":false},"author":2,"featured_media":221518,"comment_status":"","ping_status":"","sticky":false,"template":"","format":"standard","meta":{"footnotes":""},"categories":[275],"tags":[168,25,24,329,23,167],"class_list":{"0":"post-221517","1":"post","2":"type-post","3":"status-publish","4":"format-standard","5":"has-post-thumbnail","7":"category-golf","8":"tag-deportes","9":"tag-es","10":"tag-espana","11":"tag-golf","12":"tag-spain","13":"tag-sports"},"share_on_mastodon":{"url":"https:\/\/pubeurope.com\/@es\/115502725692895881","error":""},"_links":{"self":[{"href":"https:\/\/www.europesays.com\/es\/wp-json\/wp\/v2\/posts\/221517","targetHints":{"allow":["GET"]}}],"collection":[{"href":"https:\/\/www.europesays.com\/es\/wp-json\/wp\/v2\/posts"}],"about":[{"href":"https:\/\/www.europesays.com\/es\/wp-json\/wp\/v2\/types\/post"}],"author":[{"embeddable":true,"href":"https:\/\/www.europesays.com\/es\/wp-json\/wp\/v2\/users\/2"}],"replies":[{"embeddable":true,"href":"https:\/\/www.europesays.com\/es\/wp-json\/wp\/v2\/comments?post=221517"}],"version-history":[{"count":0,"href":"https:\/\/www.europesays.com\/es\/wp-json\/wp\/v2\/posts\/221517\/revisions"}],"wp:featuredmedia":[{"embeddable":true,"href":"https:\/\/www.europesays.com\/es\/wp-json\/wp\/v2\/media\/221518"}],"wp:attachment":[{"href":"https:\/\/www.europesays.com\/es\/wp-json\/wp\/v2\/media?parent=221517"}],"wp:term":[{"taxonomy":"category","embeddable":true,"href":"https:\/\/www.europesays.com\/es\/wp-json\/wp\/v2\/categories?post=221517"},{"taxonomy":"post_tag","embeddable":true,"href":"https:\/\/www.europesays.com\/es\/wp-json\/wp\/v2\/tags?post=221517"}],"curies":[{"name":"wp","href":"https:\/\/api.w.org\/{rel}","templated":true}]}}