{"id":221521,"date":"2025-11-06T12:22:10","date_gmt":"2025-11-06T12:22:10","guid":{"rendered":"https:\/\/www.europesays.com\/es\/221521\/"},"modified":"2025-11-06T12:22:10","modified_gmt":"2025-11-06T12:22:10","slug":"la-sentida-y-carinosa-despedida-del-club-ciclista-de-pravia-del-companero-muerto-arrollado-en-la-carretera-en-soto-del-barco","status":"publish","type":"post","link":"https:\/\/www.europesays.com\/es\/221521\/","title":{"rendered":"la sentida y cari\u00f1osa despedida del club ciclista de Pravia del compa\u00f1ero muerto arrollado en la carretera en Soto del Barco"},"content":{"rendered":"<p class=\"ft-text ft-helper-closenews\">\u00abNos ha golpeado la tragedia de cerca. Un accidente de tr\u00e1fico se ha llevado por delante a nuestro amigo Nacho \u00abEl Vasco\u00bb.<strong> Una persona prudente donde las hubiera, y conciliadora, incluso en nuestras discusiones futboleras que a \u00e9l ni le iban ni le ven\u00edan\u00bb.<\/strong><\/p>\n<p class=\"ft-text\">Es la triste despedida de los integrantes del club de bicicleta \u00abLin de Cubel\u00bb de Pravia de<strong> Ignacio Su\u00e1rez Cuesta, Nacho \u00abEl Vasco\u00bb, ciclista de 58 a\u00f1os<\/strong> que <a class=\"ft-link ft-link--decoration\" href=\"https:\/\/www.lne.es\/asturias\/2025\/11\/06\/consternacion-muerte-nacho-vasco-ciclista-123408313.html\" rel=\"nofollow noopener\" target=\"_blank\">muri\u00f3 la tarde del mi\u00e9rcoles al ser arrollado por un monovolumen en la carretera que une Soto del Barco con Pravia, la AS-16.<\/a> Aunque domicilado en Oviedo, viv\u00eda en Riberas (Soto del Barco) y era muy popular y querido en toda la comarca. Era miembro tambi\u00e9n del Club de Atletismo de Pravia (CAP), con el que participaba en competiciones de atletismo, duatl\u00f3n y triatl\u00f3n.<\/p>\n<p class=\"ft-text\"><strong>\u00abTe vamos a echar de menos, amigos\u00bb, le han dedicado en un publicaci\u00f3n en las redes sociales<\/strong> sus compa\u00f1eros del club de bicicleta, junto a una foto de Nacho Su\u00e1rez, consumado deportista y, como queda de manifiesto en las palabras que le dedican sus compa\u00f1eros y amigos, una persona muy querida.<\/p>\n<p class=\"ft-text\">Nacho Su\u00e1rez iba a acompa\u00f1ado en el momento de ser atropellado por otros dos compa\u00f1eros que se libraron, pero que han quedado conmocionados con lo sucedido. El escenario del fat\u00eddico accidente<strong> se trata de una carretera que apenas tiene arcenes<\/strong>, y muy estrecha, donde, adem\u00e1s, los veh\u00edculos circulan a gran velocidad. Solo en los tramos de traves\u00eda est\u00e1 limitada a 50 kil\u00f3metros por hora. En el resto, se sube a 90, pero muchos veh\u00edculos la sobrepasan con creces.<\/p>\n<p class=\"ft-text\">En el momento del siniestro a\u00fan era de d\u00eda.\u00a0El monovolumen hizo una maniobra de adelantamiento, pero no calcul\u00f3 bien la distancia y termin\u00f3 llev\u00e1ndose por delante al ciclista. A la zona se desplazaron dos patrullas de la\u00a0<a href=\"https:\/\/www.lne.es\/tags\/guardia-civil\/\" class=\"ft-link ft-link--decoration\" rel=\"nofollow noopener\" target=\"_blank\">Guardia Civil<\/a>\u00a0de Tr\u00e1fico y un Equipo UNIS (Unidad de investigaci\u00f3n de siniestros viales) del Sector de Tr\u00e1fico de Asturias, para realizar las correspondientes diligencias. Tambi\u00e9n fue necesario regular el tr\u00e1fico en la carretera, desviando los veh\u00edculos a trav\u00e9s de Los Cabos, ya que uno de los carriles qued\u00f3 cortado a la circulaci\u00f3n.<\/p>\n<p data-close=\"closedContent\" class=\"subscribeHideForDisplay\">Suscr\u00edbete para seguir leyendo<\/p>\n","protected":false},"excerpt":{"rendered":"\u00abNos ha golpeado la tragedia de cerca. Un accidente de tr\u00e1fico se ha llevado por delante a nuestro&hellip;\n","protected":false},"author":2,"featured_media":221522,"comment_status":"","ping_status":"","sticky":false,"template":"","format":"standard","meta":{"footnotes":""},"categories":[273],"tags":[4205,4420,20744,313,312,168,204,43285,25,24,20656,58906,23,167],"class_list":{"0":"post-221521","1":"post","2":"type-post","3":"status-publish","4":"format-standard","5":"has-post-thumbnail","7":"category-ciclismo","8":"tag-accidente","9":"tag-amigo","10":"tag-carinosa","11":"tag-ciclismo","12":"tag-cycling","13":"tag-deportes","14":"tag-despedida","15":"tag-echar","16":"tag-es","17":"tag-espana","18":"tag-sentida","19":"tag-siniestralidad-vial","20":"tag-spain","21":"tag-sports"},"share_on_mastodon":{"url":"https:\/\/pubeurope.com\/@es\/115502733293895635","error":""},"_links":{"self":[{"href":"https:\/\/www.europesays.com\/es\/wp-json\/wp\/v2\/posts\/221521","targetHints":{"allow":["GET"]}}],"collection":[{"href":"https:\/\/www.europesays.com\/es\/wp-json\/wp\/v2\/posts"}],"about":[{"href":"https:\/\/www.europesays.com\/es\/wp-json\/wp\/v2\/types\/post"}],"author":[{"embeddable":true,"href":"https:\/\/www.europesays.com\/es\/wp-json\/wp\/v2\/users\/2"}],"replies":[{"embeddable":true,"href":"https:\/\/www.europesays.com\/es\/wp-json\/wp\/v2\/comments?post=221521"}],"version-history":[{"count":0,"href":"https:\/\/www.europesays.com\/es\/wp-json\/wp\/v2\/posts\/221521\/revisions"}],"wp:featuredmedia":[{"embeddable":true,"href":"https:\/\/www.europesays.com\/es\/wp-json\/wp\/v2\/media\/221522"}],"wp:attachment":[{"href":"https:\/\/www.europesays.com\/es\/wp-json\/wp\/v2\/media?parent=221521"}],"wp:term":[{"taxonomy":"category","embeddable":true,"href":"https:\/\/www.europesays.com\/es\/wp-json\/wp\/v2\/categories?post=221521"},{"taxonomy":"post_tag","embeddable":true,"href":"https:\/\/www.europesays.com\/es\/wp-json\/wp\/v2\/tags?post=221521"}],"curies":[{"name":"wp","href":"https:\/\/api.w.org\/{rel}","templated":true}]}}