{"id":221533,"date":"2025-11-06T12:30:12","date_gmt":"2025-11-06T12:30:12","guid":{"rendered":"https:\/\/www.europesays.com\/es\/221533\/"},"modified":"2025-11-06T12:30:12","modified_gmt":"2025-11-06T12:30:12","slug":"z-live-2026-confirma-dos-bandas-mas","status":"publish","type":"post","link":"https:\/\/www.europesays.com\/es\/221533\/","title":{"rendered":"Z! LIVE 2026 confirma dos bandas m\u00e1s"},"content":{"rendered":"<p>\u00a0<\/p>\n<p>\u00a0<\/p>\n<p><strong>Z! LIVE 2026 confirma dos bandas m\u00e1s<\/strong><br \/>\n<img fetchpriority=\"high\" decoding=\"async\" src=\"https:\/\/www.europesays.com\/es\/wp-content\/uploads\/2025\/11\/confirmaciones3_500x267.jpg\" alt=\"Z! LIVE 2026 \" width=\"500\" height=\"267\"\/><\/p>\n<p><strong><a href=\"https:\/\/zliverock.com\/\" target=\"_blank\" rel=\"noopener nofollow\"><strong>Z! LIVE<\/strong><\/a> 2026 <\/strong> confirma a <strong>SU TA GAR y LATZEN<\/strong><\/p>\n<p><img loading=\"lazy\" decoding=\"async\" src=\"https:\/\/www.europesays.com\/es\/wp-content\/uploads\/2025\/11\/su_ta_gar.jpg\" alt=\"Z! LIVE\" width=\"401\" height=\"500\"\/><br \/>\n<img loading=\"lazy\" decoding=\"async\" src=\"https:\/\/www.europesays.com\/es\/wp-content\/uploads\/2025\/11\/latzen.jpg\" alt=\"Z! LIVE\" width=\"401\" height=\"500\"\/><\/p>\n<p><strong>LATZEN<\/strong> regresa con su nuevo \u00e1lbum Denboraren Orbainak<\/p>\n<p><strong>SU TA GAR<\/strong>, pioneros del heavy metal en euskera y una de las bandas m\u00e1s influyentes del metal estatal.<\/p>\n<p>Con estas incorporaciones, el <strong><a href=\"https:\/\/zliverock.com\/\" target=\"_blank\" rel=\"noopener nofollow\"><strong>Z! LIVE<\/strong><\/a><\/strong> Rock Fest 2026 refuerza su compromiso con la diversidad del metal y con las bandas que han construido su historia desde la honestidad y la pasi\u00f3n. Su Ta Gar se une a un cartel que ya cuenta con <strong>TWISTED SISTER, EMPEROR, DELALMA, H.E.A.T., TESSERACT, SOZIEDAD ALKOHOLIKA, BROTHERS OF METAL o SERIOUS BLACK<\/strong>, entre otros.<\/p>\n<p>El Z! Live mantiene su filosof\u00eda: <strong>aforo limitado a 10 000 personas, sin solapamientos y con una experiencia dise\u00f1ada para disfrutar cada concierto como si fuera en primera fila<\/strong>, consolidando a Zamora como una de las capitales europeas del metal.<\/p>\n<p><strong>El <a href=\"https:\/\/zliverock.com\/\" target=\"_blank\" rel=\"noopener nofollow\"><strong>Z! LIVE<\/strong><\/a> Rock Fest 2026<\/strong>, que celebrar\u00e1 su und\u00e9cima edici\u00f3n del <strong>11 al 13 de junio<\/strong> en el recinto ferial <strong>IFEZA (Zamora)<\/strong>,<\/p>\n<ul>\n<li><strong>Z! LIVE ROCK FEST 2026<\/strong><\/li>\n<li><strong>IFEZA (Zamora) \u2013 11 \u00b7 12 \u00b7 13 junio 2026<\/strong><\/li>\n<li>Abonos disponibles en <a href=\"https:\/\/www.zliverock.com\" target=\"_blank\" rel=\"noopener nofollow\">www.zliverock.com<\/a> \u2013 130 \u20ac + gastos de gesti\u00f3n.<\/li>\n<\/ul>\n<p align=\"center\">El cartel de <strong><a href=\"https:\/\/zliverock.com\/\" target=\"_blank\" rel=\"noopener nofollow\"><strong>Z! LIVE<\/strong><\/a><\/strong> queda asi, de momento:<\/p>\n<ul>\n<li><strong>TWISTED SISTER<\/strong><\/li>\n<li><strong>H.E.A.T<\/strong><\/li>\n<li><strong>EMPEROR<\/strong><\/li>\n<li><strong>TESSERACT<\/strong><\/li>\n<li><strong>SOZIEDAD ALKOH\u00d3LIKA<\/strong><\/li>\n<li><strong>DELALMA<\/strong><\/li>\n<li><strong>BROTHERS OF METAL<\/strong><\/li>\n<li><strong>SERIOUS BLACK<\/strong><\/li>\n<li><strong>ROMANTHICA<\/strong><\/li>\n<li><strong>NOAH HISTERIA<\/strong><\/li>\n<li><strong>XERIA<\/strong><\/li>\n<li><strong>SU TA GAR<\/strong><\/li>\n<li><strong>LATZEN<\/strong><\/li>\n<\/ul>\n<p><strong>Esta semana el festival anunciar\u00e1 m\u00e1s incorporaciones al cartel del <a href=\"https:\/\/zliverock.com\/\" target=\"_blank\" rel=\"noopener nofollow\"><strong>Z! LIVE<\/strong><\/a> 2026.<\/strong><\/p>\n<p>\u00a0<\/p>\n<p>\u00a0<\/p>\n","protected":false},"excerpt":{"rendered":"\u00a0 \u00a0 Z! LIVE 2026 confirma dos bandas m\u00e1s Z! LIVE 2026 confirma a SU TA GAR y&hellip;\n","protected":false},"author":2,"featured_media":221534,"comment_status":"","ping_status":"","sticky":false,"template":"","format":"standard","meta":{"footnotes":""},"categories":[170],"tags":[146,147,25,24,184,185,23,42228],"class_list":{"0":"post-221533","1":"post","2":"type-post","3":"status-publish","4":"format-standard","5":"has-post-thumbnail","7":"category-musica","8":"tag-entertainment","9":"tag-entretenimiento","10":"tag-es","11":"tag-espana","12":"tag-music","13":"tag-musica","14":"tag-spain","15":"tag-z-live-rock-fest"},"share_on_mastodon":{"url":"https:\/\/pubeurope.com\/@es\/115502765117630688","error":""},"_links":{"self":[{"href":"https:\/\/www.europesays.com\/es\/wp-json\/wp\/v2\/posts\/221533","targetHints":{"allow":["GET"]}}],"collection":[{"href":"https:\/\/www.europesays.com\/es\/wp-json\/wp\/v2\/posts"}],"about":[{"href":"https:\/\/www.europesays.com\/es\/wp-json\/wp\/v2\/types\/post"}],"author":[{"embeddable":true,"href":"https:\/\/www.europesays.com\/es\/wp-json\/wp\/v2\/users\/2"}],"replies":[{"embeddable":true,"href":"https:\/\/www.europesays.com\/es\/wp-json\/wp\/v2\/comments?post=221533"}],"version-history":[{"count":0,"href":"https:\/\/www.europesays.com\/es\/wp-json\/wp\/v2\/posts\/221533\/revisions"}],"wp:featuredmedia":[{"embeddable":true,"href":"https:\/\/www.europesays.com\/es\/wp-json\/wp\/v2\/media\/221534"}],"wp:attachment":[{"href":"https:\/\/www.europesays.com\/es\/wp-json\/wp\/v2\/media?parent=221533"}],"wp:term":[{"taxonomy":"category","embeddable":true,"href":"https:\/\/www.europesays.com\/es\/wp-json\/wp\/v2\/categories?post=221533"},{"taxonomy":"post_tag","embeddable":true,"href":"https:\/\/www.europesays.com\/es\/wp-json\/wp\/v2\/tags?post=221533"}],"curies":[{"name":"wp","href":"https:\/\/api.w.org\/{rel}","templated":true}]}}