{"id":221562,"date":"2025-11-06T12:50:13","date_gmt":"2025-11-06T12:50:13","guid":{"rendered":"https:\/\/www.europesays.com\/es\/221562\/"},"modified":"2025-11-06T12:50:13","modified_gmt":"2025-11-06T12:50:13","slug":"la-teoria-de-un-checo","status":"publish","type":"post","link":"https:\/\/www.europesays.com\/es\/221562\/","title":{"rendered":"la teor\u00eda de un checo"},"content":{"rendered":"<p>El reciente robo en el Museo del Louvre, que se resolvi\u00f3 en apenas ocho minutos, ha vuelto a cuestionarse<b> c\u00f3mo se puede garantizar la vigilancia completa<\/b> de un espacio con el menor n\u00famero posible de c\u00e1maras o guardias.<\/p>\n<p>El fallo en la cobertura de seguridad no solo revela una negligencia t\u00e9cnica, sino tambi\u00e9n una desconexi\u00f3n entre la planificaci\u00f3n arquitect\u00f3nica y la l\u00f3gica matem\u00e1tica.<\/p>\n<p>En medio de ese debate ha resurgido una teor\u00eda formulada hace m\u00e1s de medio siglo<b> por el matem\u00e1tico checo V\u00e1clav Chv\u00e1tal<\/b>, conocida como el \u00abproblema de los museos\u00bb.<\/p>\n<p>Una idea que naci\u00f3 del dibujo geom\u00e9trico<\/p>\n<p>En 1973, Chv\u00e1tal se pregunt\u00f3 <b>cu\u00e1l era el n\u00famero m\u00ednimo de guardias necesarios para vigilar un museo<\/b> con una planta de forma irregular, llena de pasillos y recovecos.<\/p>\n<p>Su respuesta fue tan elegante como precisa, <b>con \u230an\/3\u230b guardias (siendo n el n\u00famero de v\u00e9rtices del plano del edificio) se puede cubrir todo el espacio <\/b>sin dejar puntos ciegos.<\/p>\n<p>Cinco a\u00f1os despu\u00e9s, el matem\u00e1tico estadounidense Steve Fisk demostr\u00f3 que<b> bastaba dividir el plano en tri\u00e1ngulos, colorear los v\u00e9rtices con tres colores distintos y elegir uno de ellos para ubicar los guardias<\/b> o c\u00e1maras.<\/p>\n<p>El resultado se convirti\u00f3 en una referencia cl\u00e1sica de la geometr\u00eda computacional, utilizada hoy en campos tan diversos como la rob\u00f3tica, la planificaci\u00f3n de sensores o la vigilancia urbana.<\/p>\n<p>El Louvre y la geometr\u00eda de la vigilancia<\/p>\n<p>La teor\u00eda de Chv\u00e1tal no resolver\u00eda por s\u00ed sola los problemas de seguridad, pero<b> podr\u00eda haber servido como herramienta para identificar los puntos \u00f3ptimos de vigilancia<\/b>.<\/p>\n<p>Un an\u00e1lisis geom\u00e9trico del edificio permitir\u00eda determinar <b>cu\u00e1ntas c\u00e1maras son necesarias y d\u00f3nde colocarlas<\/b> para que no haya zonas fuera de alcance. De haberse aplicado un modelo de ese tipo, probablemente la c\u00e1mara del balc\u00f3n que los ladrones aprovecharon para entrar no habr\u00eda estado orientada en otra direcci\u00f3n.<\/p>\n<p><img decoding=\"async\" loading=\"lazy\" src=\"https:\/\/www.europesays.com\/es\/wp-content\/uploads\/2025\/11\/atraco-louvre-recuerda-robo-olvidado-espana-que-sigue-resolver-medio-siglo-despues_58.jpg\" alt=\"El atraco al Louvre recuerda un robo olvidado en Espa\u00f1a que sigue sin resolver medio siglo despu\u00e9s\" width=\"600\" height=\"400\"\/><b>El atraco al Louvre recuerda un robo olvidado en Espa\u00f1a que sigue sin resolver medio siglo despu\u00e9s<\/b>Cabildo de Gran CanariaLa distancia entre la matem\u00e1tica y la realidad<\/p>\n<p>Los museos no son pol\u00edgonos planos tienen obst\u00e1culos, niveles, columnas y vitrinas que interrumpen la l\u00ednea de visi\u00f3n. Adem\u00e1s, <b>la disposici\u00f3n de las salas cambia con cada exposici\u00f3n<\/b>, lo que obliga a recalcular constantemente los puntos de cobertura.<\/p>\n<p>A ello se suman limitaciones presupuestarias, decisiones pol\u00edticas y errores humanos que escapan a cualquier modelo matem\u00e1tico.<\/p>\n<p>Pensar la seguridad desde la geometr\u00eda puede reducir dr\u00e1sticamente los puntos ciegos. En un edificio tan simb\u00f3lico como el Louvre, <b>esa planificaci\u00f3n deber\u00eda ser parte esencial del dise\u00f1o operativo<\/b>, del mismo modo que lo son la conservaci\u00f3n o la iluminaci\u00f3n de las obras.<\/p>\n<p>El llamado \u00abproblema de los museos\u00bb ha trascendido su origen acad\u00e9mico.<\/p>\n<p>Hoy se aplica a la planificaci\u00f3n de redes de c\u00e1maras urbanas, la colocaci\u00f3n de antenas, la vigilancia por drones y la gesti\u00f3n de emergencias. En todos los casos se busca lo mismo, m\u00e1xima cobertura con los m\u00ednimos recursos.<\/p>\n","protected":false},"excerpt":{"rendered":"El reciente robo en el Museo del Louvre, que se resolvi\u00f3 en apenas ocho minutos, ha vuelto a&hellip;\n","protected":false},"author":2,"featured_media":221563,"comment_status":"","ping_status":"","sticky":false,"template":"","format":"standard","meta":{"footnotes":""},"categories":[173],"tags":[229,233,231,230,232,234,146,147,25,24,23],"class_list":{"0":"post-221562","1":"post","2":"type-post","3":"status-publish","4":"format-standard","5":"has-post-thumbnail","7":"category-arte-y-diseno","8":"tag-arte","9":"tag-arte-y-diseno","10":"tag-arts","11":"tag-arts-and-design","12":"tag-design","13":"tag-diseno","14":"tag-entertainment","15":"tag-entretenimiento","16":"tag-es","17":"tag-espana","18":"tag-spain"},"share_on_mastodon":{"url":"https:\/\/pubeurope.com\/@es\/115502843425602204","error":""},"_links":{"self":[{"href":"https:\/\/www.europesays.com\/es\/wp-json\/wp\/v2\/posts\/221562","targetHints":{"allow":["GET"]}}],"collection":[{"href":"https:\/\/www.europesays.com\/es\/wp-json\/wp\/v2\/posts"}],"about":[{"href":"https:\/\/www.europesays.com\/es\/wp-json\/wp\/v2\/types\/post"}],"author":[{"embeddable":true,"href":"https:\/\/www.europesays.com\/es\/wp-json\/wp\/v2\/users\/2"}],"replies":[{"embeddable":true,"href":"https:\/\/www.europesays.com\/es\/wp-json\/wp\/v2\/comments?post=221562"}],"version-history":[{"count":0,"href":"https:\/\/www.europesays.com\/es\/wp-json\/wp\/v2\/posts\/221562\/revisions"}],"wp:featuredmedia":[{"embeddable":true,"href":"https:\/\/www.europesays.com\/es\/wp-json\/wp\/v2\/media\/221563"}],"wp:attachment":[{"href":"https:\/\/www.europesays.com\/es\/wp-json\/wp\/v2\/media?parent=221562"}],"wp:term":[{"taxonomy":"category","embeddable":true,"href":"https:\/\/www.europesays.com\/es\/wp-json\/wp\/v2\/categories?post=221562"},{"taxonomy":"post_tag","embeddable":true,"href":"https:\/\/www.europesays.com\/es\/wp-json\/wp\/v2\/tags?post=221562"}],"curies":[{"name":"wp","href":"https:\/\/api.w.org\/{rel}","templated":true}]}}