{"id":221579,"date":"2025-11-06T13:00:12","date_gmt":"2025-11-06T13:00:12","guid":{"rendered":"https:\/\/www.europesays.com\/es\/221579\/"},"modified":"2025-11-06T13:00:12","modified_gmt":"2025-11-06T13:00:12","slug":"al-menos-doce-muertos-incluido-un-nino-por-el-siniestro-de-un-avion-de-carga-en-kentucky","status":"publish","type":"post","link":"https:\/\/www.europesays.com\/es\/221579\/","title":{"rendered":"Al menos doce muertos, incluido un ni\u00f1o, por el siniestro de un avi\u00f3n de carga en Kentucky"},"content":{"rendered":"<p>\n        El alcalde de Louisville, Craig Greenberg, ha confirmado en las \u00faltimas horas<strong> la muerte de doce personas y la desaparici\u00f3n de \u00abvarias\u00bb a causa del siniestro de un avi\u00f3n de carga despu\u00e9s de despegar del Aeropuerto Internacional Muhamad Al\u00ed <\/strong>de esta localidad situada en el estado de <a href=\"https:\/\/www.deia.eus\/tags\/eeuu\/\" title=\"Kentucky\" rel=\"nofollow noopener\" target=\"_blank\" class=\"link copy\">Kentucky<\/a>.\n<\/p>\n<p class=\"article-body__text \">\n        <strong>\u00abMe entristece profundamente informar que el n\u00famero de fallecidos ha ascendido a doce, y a\u00fan hay varias personas desaparecidas\u00bb, ha afirmado<\/strong>, tras asegurar que las autoridades seguir\u00e1n \u00abbrindando recursos y apoyo a todas las personas afectadas por este doloroso suceso\u00bb.\n<\/p>\n<p>  Mortal siniestro<\/p>\n<p class=\"article-body__text \">\n        Entre los fallecidos podr\u00eda haber un \u00abni\u00f1o peque\u00f1o\u00bb, seg\u00fan ha se\u00f1alado el gobernador del estado de Kentuky, Andy Beshar, quien ha lamentado que \u00abtodos se han ido demasiado pronto\u00bb.\n<\/p>\n<p>            <a href=\"https:\/\/www.deia.eus\/mundo\/2024\/03\/26\/sido-derrumbe-mayor-puente-baltimore-8044888.html\" title=\"As\u00ed ha sido el derrumbe del mayor puente de Baltimore tras el choque de un carguero\" class=\"new__media\" rel=\"nofollow noopener\" target=\"_blank\"><\/p>\n<p>                <img alt=\"As\u00ed ha sido el derrumbe del mayor puente de Baltimore tras el choque de un carguero\" data-src=\"https:\/\/www.europesays.com\/es\/wp-content\/uploads\/2025\/11\/6249d5e9-50ef-4c7a-a162-0b79551e1e57_16-9-aspect-ratio_default_0.jpg\" class=\"lozad\"\/><\/p>\n<p>        <\/a><\/p>\n<p>        <a href=\"https:\/\/www.deia.eus\/mundo\/2024\/03\/26\/sido-derrumbe-mayor-puente-baltimore-8044888.html\" title=\"As\u00ed ha sido el derrumbe del mayor puente de Baltimore tras el choque de un carguero\" class=\"new__headline\" rel=\"nofollow noopener\" target=\"_blank\"><br \/>\n            As\u00ed ha sido el derrumbe del mayor puente de Baltimore tras el choque de un carguero<br \/>\n        <\/a><\/p>\n<p class=\"article-body__text \">\n        \u00abEs imposible describir la devastaci\u00f3n causada por el fatal accidente a\u00e9reo de ayer\u00bb, ha declarado al tiempo que ha afirmado tener \u00abel coraz\u00f3n roto\u00bb y ha prometido permanecer al lado de las v\u00edctimas.<strong> \u00abSaldremos adelante juntos\u00bb, ha agregado.<\/strong>\n<\/p>\n<p class=\"article-body__text \">\n        El accidente tuvo lugar alrededor de las 17.15 horas (hora local) del martes, de acuerdo a las informaciones difundidas por la Administraci\u00f3n Federal de Aviaci\u00f3n de Estados Unidos (FAA, por sus siglas en ingl\u00e9s), cuando un avi\u00f3n de carga que ten\u00eda como destino el Aeropuerto Internacional Daniel K. Inouye en Honolulu, en el estado de Haw\u00e1i, se ha estrellado contra unas grandes instalaciones de UPS, ocasionando un incendio.<\/p>\n","protected":false},"excerpt":{"rendered":"El alcalde de Louisville, Craig Greenberg, ha confirmado en las \u00faltimas horas la muerte de doce personas y&hellip;\n","protected":false},"author":2,"featured_media":221580,"comment_status":"","ping_status":"","sticky":false,"template":"","format":"standard","meta":{"footnotes":""},"categories":[42],"tags":[17,18,2235,13,14,11,37109,61,62,63,64,19,20,5161,9,899,10,15,16,58914,12,21,22,65,66,67],"class_list":{"0":"post-221579","1":"post","2":"type-post","3":"status-publish","4":"format-standard","5":"has-post-thumbnail","7":"category-internacional","8":"tag-breaking-news","9":"tag-breakingnews","10":"tag-doce","11":"tag-featured-news","12":"tag-featurednews","13":"tag-headlines","14":"tag-incluido","15":"tag-internacional","16":"tag-international","17":"tag-international-news","18":"tag-internationalnews","19":"tag-latest-news","20":"tag-latestnews","21":"tag-muertos","22":"tag-news","23":"tag-nino","24":"tag-noticias","25":"tag-noticias-destacadas","26":"tag-noticiasdestacadas","27":"tag-siniestro","28":"tag-titulares","29":"tag-ultimas-noticias","30":"tag-ultimasnoticias","31":"tag-world","32":"tag-world-news","33":"tag-worldnews"},"share_on_mastodon":{"url":"https:\/\/pubeurope.com\/@es\/115502882795613397","error":""},"_links":{"self":[{"href":"https:\/\/www.europesays.com\/es\/wp-json\/wp\/v2\/posts\/221579","targetHints":{"allow":["GET"]}}],"collection":[{"href":"https:\/\/www.europesays.com\/es\/wp-json\/wp\/v2\/posts"}],"about":[{"href":"https:\/\/www.europesays.com\/es\/wp-json\/wp\/v2\/types\/post"}],"author":[{"embeddable":true,"href":"https:\/\/www.europesays.com\/es\/wp-json\/wp\/v2\/users\/2"}],"replies":[{"embeddable":true,"href":"https:\/\/www.europesays.com\/es\/wp-json\/wp\/v2\/comments?post=221579"}],"version-history":[{"count":0,"href":"https:\/\/www.europesays.com\/es\/wp-json\/wp\/v2\/posts\/221579\/revisions"}],"wp:featuredmedia":[{"embeddable":true,"href":"https:\/\/www.europesays.com\/es\/wp-json\/wp\/v2\/media\/221580"}],"wp:attachment":[{"href":"https:\/\/www.europesays.com\/es\/wp-json\/wp\/v2\/media?parent=221579"}],"wp:term":[{"taxonomy":"category","embeddable":true,"href":"https:\/\/www.europesays.com\/es\/wp-json\/wp\/v2\/categories?post=221579"},{"taxonomy":"post_tag","embeddable":true,"href":"https:\/\/www.europesays.com\/es\/wp-json\/wp\/v2\/tags?post=221579"}],"curies":[{"name":"wp","href":"https:\/\/api.w.org\/{rel}","templated":true}]}}