{"id":221594,"date":"2025-11-06T13:13:11","date_gmt":"2025-11-06T13:13:11","guid":{"rendered":"https:\/\/www.europesays.com\/es\/221594\/"},"modified":"2025-11-06T13:13:11","modified_gmt":"2025-11-06T13:13:11","slug":"el-periodista-jesus-bastante-la-beatificacion-de-gaudi-esta-bastante-cerca","status":"publish","type":"post","link":"https:\/\/www.europesays.com\/es\/221594\/","title":{"rendered":"El periodista Jes\u00fas Bastante: \u00abLa beatificaci\u00f3n de Gaud\u00ed est\u00e1 bastante cerca\u00bb"},"content":{"rendered":"<p><a class=\"v-mdl-ath__fig-a\" href=\"https:\/\/www.elcorreo.com\/autor\/ramon-albertus-2283.html\" title=\"Ram\u00f3n Albertus\" rel=\"nofollow noopener\" target=\"_blank\"><br \/>\n<img decoding=\"async\" class=\"v-mdl-ath__img\" src=\"https:\/\/www.europesays.com\/es\/wp-content\/uploads\/2025\/08\/autor-2283-foto-2.jpeg\" alt=\"Ram\u00f3n Albertus\"\/><br \/>\n<\/a><\/p>\n<p class=\"v-mdl-ath__p v-mdl-ath__p--6\">\nJueves, 6 de noviembre 2025, 00:39<\/p>\n<p>| Actualizado 11:45h.<\/p>\n<p class=\"v-p\">Jes\u00fas Bastante (Madrid, 1976) es uno de los periodistas que m\u00e1s sabe de informaci\u00f3n religiosa. Con su segunda novela, &#8216;El aprendiz de Gaud\u00ed&#8217; (La Esfera de los Libros), se permite volver a saltarse unas cuantas normas del periodismo, como la de \u00abbuscar la verdad a toda costa\u00bb para \u00abcolocar piezas sin necesidad de que todas sean reales\u00bb. Lo hace, eso s\u00ed, con rigor hist\u00f3rico y un importante material de documentaci\u00f3n. Presenta el libro este jueves 6 de noviembre en la iglesia de la Coronaci\u00f3n de <a href=\"https:\/\/www.elcorreo.com\/temas\/generales\/agenda-alava.html\" target=\"_blank\" data-voc-vtm-id=\"in-text-traffic\" title=\"Vitoria \" data-mrf-link=\"www.elcorreo.com\" rel=\"nofollow noopener\">Vitoria <\/a>(19.00 horas, entrada libre), junto al arquitecto Ferr\u00e1n Sol\u00e9 y el obispo Jes\u00fas Mart\u00ednez Gordo. \u00abNo se me ocurre mejor compa\u00f1\u00eda para hablar del &#8216;Arquitecto de Dios&#8217;\u00bb, apunta. <\/p>\n<p class=\"v-p\">\u00abGaud\u00ed es el \u00faltimo gran genio de los dos \u00faltimos siglos. No hay otro artista, no s\u00f3lo arquitecto, que se haya atrevido a innovar como lo hizo en su tiempo, pese a la incomprensi\u00f3n de muchos\u00bb, se\u00f1ala el autor, que recurre al inicio de la construcci\u00f3n de la Sagrada Familia como decorado de una historia de \u00abamor y belleza\u00bb en la Barcelona del siglo XIX.<\/p>\n<p class=\"v-p\"><strong>\u2013 Ese romance es el de Rosetta y Pau. \u00bfDe qui\u00e9nes beben estos personajes?<\/strong><\/p>\n<p class=\"v-p\">\u2013 Rosetta es un personaje real, la sobrina de Gaud\u00ed, aunque muy desconocida para el gran p\u00fablico. Es una ni\u00f1a diagnosticada como oligofr\u00e9nica y apartada de todo contacto social, que a la vez cuenta con un impresionante mundo interior. Su imaginaci\u00f3n, en la novela, sirve para que su tiet no pierda los sue\u00f1os, la imaginaci\u00f3n desbordante de los ni\u00f1os. El arte, adem\u00e1s, se convierte en su v\u00e1lvula de escape para un mundo que no la entiende ni quiere saber de ella. Pau, que s\u00ed que es un personaje ficticio, simboliza tantos ni\u00f1os rotos de la \u00e9poca.<\/p>\n<p class=\"v-p\"><strong>\u2013 La historia se desarrolla en una Barcelona en plena transformaci\u00f3n. \u00bfQu\u00e9 ecos cree que tiene aquel tiempo en la sociedad actual?<\/strong><\/p>\n<p class=\"v-p\">\u2013 Siempre digo que esta es una novela como una mu\u00f1eca rusa. Es la historia de la construcci\u00f3n de un amor, dentro de la construcci\u00f3n de una iglesia, dentro del desarrollo de una ciudad (el Eixample multiplica por cuatro la poblaci\u00f3n de Barcelona) y en mitad de un mundo que se reinventa, el de la crisis de final del siglo XIX. Las luchas pol\u00edticas y sociales convierten en ese tiempo a Barcelona en la ciudad de las bombas y la capital del anarquismo, el comunismo y las luchas obreras. En este sentido, esa \u00e9poca sirve para explicar muchas de las cosas que nos est\u00e1n ocurriendo. Curiosamente, o tal vez no tanto, estamos asistiendo, como entonces, a c\u00f3mo los ricos (la burgues\u00eda de la \u00e9poca) est\u00e1 convenciendo a &#8216;sus&#8217; pobres (los de la Barcelona del XIX) de que otros m\u00e1s pobres que ellos (los migrantes de la Espa\u00f1a peninsular en la \u00e9poca, los provenientes de distintos rincones hoy), son los culpables de su miseria. Mientras se fomenta el odio al otro, y los de siempre se siguen llenando los bolsillos. Hay lecciones de la Historia que nos resistimos a aprender. Y pese a todo, siempre surgen genios, o rebeldes, que tratan de aportar esperanza.<\/p>\n<p>Presentaci\u00f3n en la iglesia de Coronaci\u00f3n<\/p>\n<ul class=\"v-u\">\n<li class=\"v-u__l\">\n<p class=\"v-p\">\nJueves 6 de noviembre<br \/>\nJes\u00fas Bastante presenta la novela &#8216;El aprendiz de Gaud\u00ed&#8217;, una historia de amor ambientada en los primeros a\u00f1os de la construcci\u00f3n de la Sagrada Familia. Le acompa\u00f1an Ferr\u00e1n Sol\u00e9 y Jes\u00fas Mart\u00ednez Gordo, en un acto organizado por Foro Krisare. Habr\u00e1 firma de libros.\n<\/p>\n<\/li>\n<\/ul>\n<p class=\"v-p\"><strong>\u2013 Hace unos meses Gaud\u00ed fue declarado en abril venerable por el Vaticano, paso previo a la beatificaci\u00f3n. \u00bfC\u00f3mo la ve de cerca?<\/strong><\/p>\n<p class=\"v-p\">\u2013 Sinceramente, bastante cerca. La declaraci\u00f3n de venerable fue lo \u00faltimo que firm\u00f3 el Papa Francisco. Actualmente, hay una fecha marcada en rojo: el 10 de junio, de 2026, cuando se celebra el centenario de la muerte de Gaud\u00ed, se ha fijado el final de la construcci\u00f3n del templo (colocando la \u00faltima de las cruces en la torre de Jes\u00fas) y se ha invitado al Papa Le\u00f3n. S\u00e9 que se hay dos posibles milagros atribuidos a la intercesi\u00f3n de Gaud\u00ed (requisito imprescindible para ser declarado beato), y si alguno se aprueba, se podr\u00eda dar la situaci\u00f3n deseada tanto por la Iglesia catalana como por la Sagrada Familia.<\/p>\n<p class=\"v-p\"><strong>&#8211; Se suele destacar de Gaud\u00ed su genialidad art\u00edstica, pero no se ahonda mucho en su religiosidad.<\/strong><\/p>\n<p class=\"v-p\">&#8211; Creo que definir a Gaud\u00ed solo como un gran artista, o \u00fanicamente como un esteta religioso es un error. Como todos, Gaud\u00ed est\u00e1 formado de instantes que conforman una vida. \u00c9l no siempre fue un creyente estricto, casi fundamentalista. De hecho, su acercamiento, casi obsesivo, a la religi\u00f3n, tiene que ver con un desenga\u00f1o afectivo, y especialmente con la consagraci\u00f3n de su vida a la Sagrada Familia. Creo que Gaud\u00ed fue un hombre que quiso, y no pudo, vivir una vida normal, y que encontr\u00f3 en el arte una ocasi\u00f3n para trascender. Y, afortunadamente para todos, su obra es un fiel reflejo de eternidad.<\/p>\n<p class=\"v-p\"><strong>\u2013 Presenta (hoy) el libro en una iglesia de Fisac. De primeras su arquitectura no guarda mucha relaci\u00f3n. \u00bfLes une algo?<\/strong><\/p>\n<p class=\"v-p\">\u2013 La belleza. Fisac es un arquitecto enorme, y tengo muchas ganas de poder vincular ambos estilos, que son diferentes, en torno a la conversaci\u00f3n. Adem\u00e1s me acompa\u00f1ar\u00e1n un arquitecto y un te\u00f3logo. No se me ocurre mejor compa\u00f1\u00eda para hablar del &#8216;Arquitecto de Dios&#8217;.<\/p>\n<p class=\"v-p\"><strong>\u2013 En Vitoria se habla desde hace a\u00f1os en convertir otra iglesia modernista, la de San Francisco (conocida por los sucesos del 3 de marzo) en un <a href=\"https:\/\/www.elcorreo.com\/alava\/araba\/iglesia-tres-marzo-vitoria-encara-fase-final-espacio-memoria-20251021101715-nt.html\" target=\"_blank\" data-voc-vtm-id=\"in-text-traffic\" title=\"memorial\" data-mrf-link=\"www.elcorreo.com\" rel=\"nofollow noopener\">memorial<\/a>. \u00bfConoce otros ejemplos de templos que se hayan reconvertido de esta manera?<\/strong><\/p>\n<p class=\"v-p\">\u2013 No soy un experto en el tema, pero creo que la iglesia de San Francisco tiene una significaci\u00f3n especial, mucho m\u00e1s all\u00e1 de su estilo arquitect\u00f3nico, y como tal merece ser un espacio de la memoria, independientemente de su permanencia o no como templo. Salvando todas las distancias, a lo largo de la historia, los templos (de la religi\u00f3n que sea) se han ido reconvirtiendo seg\u00fan las necesidades de la \u00e9poca. La mezquita de C\u00f3rdoba, hoy catedral cat\u00f3lica, es solo un ejemplo universal.<\/p>\n<p>Reporta un error<\/p>\n","protected":false},"excerpt":{"rendered":"Jueves, 6 de noviembre 2025, 00:39 | Actualizado 11:45h. Jes\u00fas Bastante (Madrid, 1976) es uno de los periodistas&hellip;\n","protected":false},"author":2,"featured_media":221595,"comment_status":"","ping_status":"","sticky":false,"template":"","format":"standard","meta":{"footnotes":""},"categories":[173],"tags":[229,233,231,230,32738,58915,3570,232,234,146,147,25,24,31791,5782,23],"class_list":{"0":"post-221594","1":"post","2":"type-post","3":"status-publish","4":"format-standard","5":"has-post-thumbnail","7":"category-arte-y-diseno","8":"tag-arte","9":"tag-arte-y-diseno","10":"tag-arts","11":"tag-arts-and-design","12":"tag-bastante","13":"tag-beatificacion","14":"tag-cerca","15":"tag-design","16":"tag-diseno","17":"tag-entertainment","18":"tag-entretenimiento","19":"tag-es","20":"tag-espana","21":"tag-gaudi","22":"tag-jesus","23":"tag-spain"},"share_on_mastodon":{"url":"https:\/\/pubeurope.com\/@es\/115502934101892176","error":""},"_links":{"self":[{"href":"https:\/\/www.europesays.com\/es\/wp-json\/wp\/v2\/posts\/221594","targetHints":{"allow":["GET"]}}],"collection":[{"href":"https:\/\/www.europesays.com\/es\/wp-json\/wp\/v2\/posts"}],"about":[{"href":"https:\/\/www.europesays.com\/es\/wp-json\/wp\/v2\/types\/post"}],"author":[{"embeddable":true,"href":"https:\/\/www.europesays.com\/es\/wp-json\/wp\/v2\/users\/2"}],"replies":[{"embeddable":true,"href":"https:\/\/www.europesays.com\/es\/wp-json\/wp\/v2\/comments?post=221594"}],"version-history":[{"count":0,"href":"https:\/\/www.europesays.com\/es\/wp-json\/wp\/v2\/posts\/221594\/revisions"}],"wp:featuredmedia":[{"embeddable":true,"href":"https:\/\/www.europesays.com\/es\/wp-json\/wp\/v2\/media\/221595"}],"wp:attachment":[{"href":"https:\/\/www.europesays.com\/es\/wp-json\/wp\/v2\/media?parent=221594"}],"wp:term":[{"taxonomy":"category","embeddable":true,"href":"https:\/\/www.europesays.com\/es\/wp-json\/wp\/v2\/categories?post=221594"},{"taxonomy":"post_tag","embeddable":true,"href":"https:\/\/www.europesays.com\/es\/wp-json\/wp\/v2\/tags?post=221594"}],"curies":[{"name":"wp","href":"https:\/\/api.w.org\/{rel}","templated":true}]}}