{"id":221642,"date":"2025-11-06T13:46:11","date_gmt":"2025-11-06T13:46:11","guid":{"rendered":"https:\/\/www.europesays.com\/es\/221642\/"},"modified":"2025-11-06T13:46:11","modified_gmt":"2025-11-06T13:46:11","slug":"nadie-puede-vulnerar-nuestro-espacio-personal-presidenta-de-mexico-denuncia-a-hombre-que-la-acoso-en-plena-calle","status":"publish","type":"post","link":"https:\/\/www.europesays.com\/es\/221642\/","title":{"rendered":"\u201cNadie puede vulnerar nuestro espacio personal\u201d: presidenta de M\u00e9xico denuncia a hombre que la acos\u00f3 en plena calle"},"content":{"rendered":"<p class=\"article-body__paragraph\">La presidenta de <a href=\"https:\/\/www.latercera.com\/etiqueta\/mexico\/\" rel=\"nofollow noopener\" target=\"_blank\">M\u00e9xico<\/a>, <b>Claudia Sheinbaum<\/b>, present\u00f3 una denuncia contra un hombre que la acos\u00f3 mientras caminaba por el centro hist\u00f3rico de <b>Ciudad de M\u00e9xico.<\/b><\/p>\n<p class=\"article-body__paragraph\">El episodio ocurri\u00f3 el martes 4 de noviembre, mientras la mandataria se trasladaba hacia la primera reuni\u00f3n nacional de Universidades e Instituciones de Educaci\u00f3n Superior en la Secretar\u00eda de Educaci\u00f3n P\u00fablica (SEP), ubicada en las cercan\u00edas del Palacio Nacional.<\/p>\n<p class=\"article-body__paragraph\">La presentaci\u00f3n de la denuncia se realiz\u00f3 el mi\u00e9rcoles, seg\u00fan confirm\u00f3 Sheinbaum.<\/p>\n<p class=\"article-body__paragraph\">\u201cPresent\u00e9 la denuncia, una querella, que mand\u00e9 por escrito a la fiscal de Justicia de la Ciudad de M\u00e9xico y ya ver\u00e9 con ella, sin privilegios, para poder firmar ante el Ministerio P\u00fablico\u201d, afirm\u00f3 durante su conferencia de prensa matutina.<\/p>\n<p class=\"article-body__paragraph\">En un video difundido a trav\u00e9s de redes sociales se ve c\u00f3mo el hombre se acerc\u00f3 por detr\u00e1s de la presidenta, para luego intentar abrazarla y besarla en el cuello.<\/p>\n<p class=\"article-body__paragraph\">El equipo de seguridad de la mandataria lo apart\u00f3 antes de que siguiera.<\/p>\n<p class=\"article-body__paragraph\">Tras el episodio, el sujeto en cuesti\u00f3n fue detenido.<\/p>\n<p><img alt=\"\" class=\"global-image\" decoding=\"async\"  src=\"https:\/\/www.europesays.com\/es\/wp-content\/uploads\/2025\/11\/V5VQXOX7NFGQF7OK7ET3ZXNMWQ.jpg\"  fetchpriority=\"low\" loading=\"lazy\"\/>\u201cNadie puede vulnerar nuestro espacio personal\u201d: presidenta de M\u00e9xico denuncia a hombre que la acos\u00f3 en plena calle. Foto: archivo. Henry Romero Qu\u00e9 declar\u00f3 Sheinbaum tras presentar la denuncia contra el hombre que la acos\u00f3 en plena calle<\/p>\n<p class=\"article-body__paragraph\">Durante la conferencia, Sheinbaum hizo un llamado contra el acoso hacia las mujeres.<\/p>\n<p class=\"article-body__paragraph\">\u201cEs algo que no debe ocurrir en nuestro pa\u00eds y no lo digo como presidenta, sino como mujer y en representaci\u00f3n de las mujeres mexicanas. No debe ocurrir. Nuestro espacio personal nadie lo puede vulnerar. Nadie\u201d, enfatiz\u00f3 la presidenta.<\/p>\n<p class=\"article-body__paragraph\">Tambi\u00e9n anunci\u00f3 que el gobierno revisar\u00e1 si el acoso est\u00e1 tipificado como delito penal en todos los estados del pa\u00eds.<\/p>\n<p class=\"article-body__paragraph\">Junto con ello, anticip\u00f3 que se har\u00e1 una campa\u00f1a nacional centrada en el respeto hacia las mujeres.<\/p>\n<p class=\"article-body__paragraph\">\u201cSi esto le hacen a la presidenta, pues qu\u00e9 va a pasar con todas las j\u00f3venes mujeres en nuestro pa\u00eds\u201d, dijo Sheinbaun, quien asegur\u00f3 que no es la primera vez que sufre de acoso.<\/p>\n<p class=\"article-body__paragraph\">Bajo esta l\u00ednea, inst\u00f3 a todas las mujeres que sufran situaciones similares a presentar denuncias ante las autoridades.<\/p>\n<p class=\"article-body__paragraph\">\u201cNo hay que dejarlo pasar\u201d, recalc\u00f3 Sheinbaum.<\/p>\n<p class=\"article-body__paragraph\">Seg\u00fan datos del Instituto Nacional de Estad\u00edstica y Geograf\u00eda (INEGI), m\u00e1s del 70% de las mujeres mexicanas mayores de 15 a\u00f1os ha sufrido alg\u00fan tipo de abuso, mientras que casi la mitad de ellas ha sido v\u00edctima de violencia sexual.<\/p>\n","protected":false},"excerpt":{"rendered":"La presidenta de M\u00e9xico, Claudia Sheinbaum, present\u00f3 una denuncia contra un hombre que la acos\u00f3 mientras caminaba por&hellip;\n","protected":false},"author":2,"featured_media":221643,"comment_status":"","ping_status":"","sticky":false,"template":"","format":"standard","meta":{"footnotes":""},"categories":[42],"tags":[19530,10239,17,18,27959,18291,13,14,11,61,62,63,64,35760,19,20,1906,3013,9,10,15,16,15118,5819,12,21,22,65,66,67],"class_list":{"0":"post-221642","1":"post","2":"type-post","3":"status-publish","4":"format-standard","5":"has-post-thumbnail","7":"category-internacional","8":"tag-acoso","9":"tag-acoso-sexual","10":"tag-breaking-news","11":"tag-breakingnews","12":"tag-ciudad-de-mexico","13":"tag-claudia-sheinbaum","14":"tag-featured-news","15":"tag-featurednews","16":"tag-headlines","17":"tag-internacional","18":"tag-international","19":"tag-international-news","20":"tag-internationalnews","21":"tag-la-tercera","22":"tag-latest-news","23":"tag-latestnews","24":"tag-mexico","25":"tag-mundo","26":"tag-news","27":"tag-noticias","28":"tag-noticias-destacadas","29":"tag-noticiasdestacadas","30":"tag-policial","31":"tag-sheinbaum","32":"tag-titulares","33":"tag-ultimas-noticias","34":"tag-ultimasnoticias","35":"tag-world","36":"tag-world-news","37":"tag-worldnews"},"share_on_mastodon":{"url":"","error":"Validation failed: Text character limit of 500 exceeded"},"_links":{"self":[{"href":"https:\/\/www.europesays.com\/es\/wp-json\/wp\/v2\/posts\/221642","targetHints":{"allow":["GET"]}}],"collection":[{"href":"https:\/\/www.europesays.com\/es\/wp-json\/wp\/v2\/posts"}],"about":[{"href":"https:\/\/www.europesays.com\/es\/wp-json\/wp\/v2\/types\/post"}],"author":[{"embeddable":true,"href":"https:\/\/www.europesays.com\/es\/wp-json\/wp\/v2\/users\/2"}],"replies":[{"embeddable":true,"href":"https:\/\/www.europesays.com\/es\/wp-json\/wp\/v2\/comments?post=221642"}],"version-history":[{"count":0,"href":"https:\/\/www.europesays.com\/es\/wp-json\/wp\/v2\/posts\/221642\/revisions"}],"wp:featuredmedia":[{"embeddable":true,"href":"https:\/\/www.europesays.com\/es\/wp-json\/wp\/v2\/media\/221643"}],"wp:attachment":[{"href":"https:\/\/www.europesays.com\/es\/wp-json\/wp\/v2\/media?parent=221642"}],"wp:term":[{"taxonomy":"category","embeddable":true,"href":"https:\/\/www.europesays.com\/es\/wp-json\/wp\/v2\/categories?post=221642"},{"taxonomy":"post_tag","embeddable":true,"href":"https:\/\/www.europesays.com\/es\/wp-json\/wp\/v2\/tags?post=221642"}],"curies":[{"name":"wp","href":"https:\/\/api.w.org\/{rel}","templated":true}]}}