{"id":221661,"date":"2025-11-06T14:04:11","date_gmt":"2025-11-06T14:04:11","guid":{"rendered":"https:\/\/www.europesays.com\/es\/221661\/"},"modified":"2025-11-06T14:04:11","modified_gmt":"2025-11-06T14:04:11","slug":"la-musica-menorquina-triunfa-con-cuatro-premios-en-los-enderrock","status":"publish","type":"post","link":"https:\/\/www.europesays.com\/es\/221661\/","title":{"rendered":"La m\u00fasica menorquina triunfa con cuatro premios en los Enderrock"},"content":{"rendered":"<p>Los VIII Premios de la M\u00fasica Balear Enderrock 2025 han elegido a Maria Hein como la mejor artista del a\u00f1o y su disco &#8216;Katana&#8217; como el mejor de pop; el disco &#8216;Metallix,&#8217; de Fades, como mejor \u00e1lbum de m\u00fasica urbana; y <strong>&#8216;Paren\u00f2stic&#8217;, de <a href=\"https:\/\/www.menorca.info\/etiqueta\/Anna+Ferrer.html?utm_source=Inline-tag&amp;utm_medium=internal\" rel=\"nofollow noopener\" target=\"_blank\">Anna Ferrer<\/a> como el mejor de folk.<\/strong><\/p>\n<p>En total, hasta tres veces subieron al escenario del Teatro Principal de Palma este mi\u00e9rcoles por la noche los grandes triunfadores de los Premios Enderrock de la M\u00fasica Balear 2025, Maria Hein y Fades, que junto a<strong> Anna Ferrer, con dos galardones<\/strong>, han compartido el podio de la octava edici\u00f3n de la gala.<\/p>\n<p><img loading=\"lazy\" decoding=\"async\" src=\"https:\/\/www.europesays.com\/es\/wp-content\/uploads\/2025\/11\/3548647.jpg\" border=\"0\" alt=\"\" width=\"1600\" height=\"1138\"\/>&#13;<br \/>\nAnna Ferrer se lleva el premio al mejor disco balear de folk, tanto por la cr\u00edtica como por votaci\u00f3n popular. | Foto: Juan Miguel Morales&#13;<\/p>\n<p>La menorquina<strong> mostr\u00f3 su trabajo en directo cantando &#8216;Glosa a Menorca&#8217;<\/strong>, un tema que reivindica el amor por el territorio y la cultura propia de Ferrer. La canci\u00f3n &#8216;Mon Cheri Go Home&#8217; de Fades y Maria Jaume ha sido elegida la mejor del a\u00f1o por votaci\u00f3n popular, que tambi\u00e9n ha elegido como mejor directo el de Pitxorines, galardonadas hace apenas un a\u00f1o con los premios de la cr\u00edtica y el p\u00fablico a mejor disco folk por &#8216;Un so qui no es gasta&#8217;; y como mejor artista revelaci\u00f3n del a\u00f1o en Balears a Nineta, que fue semifinalista del Sona9 2025 y ha debutado con &#8216;Salut i Merc\u00e8&#8217;.<\/p>\n<p><strong>El p\u00fablico tambi\u00e9n ha premiado los trabajos de <a href=\"https:\/\/www.menorca.info\/etiqueta\/P%C3%A8l+de+gall.html?utm_source=Inline-tag&amp;utm_medium=internal\" rel=\"nofollow noopener\" target=\"_blank\">P\u00e8l de Gall<\/a><\/strong>, Samantha Hudson, Pere Navarro y la Banda Simf\u00f2nica de les Illes Balears; mientras la cr\u00edtica ha optado por Sa\u00efm, Negre, Marasme, Alanaire, Go Cactus, <strong><a href=\"https:\/\/www.menorca.info\/etiqueta\/Marco+Mezquida.html?utm_source=Inline-tag&amp;utm_medium=internal\" rel=\"nofollow noopener\" target=\"_blank\">Marco Mezquida<\/a> &amp; Chicuelo<\/strong> y Miquel Brunet.<\/p>\n<p><img loading=\"lazy\" decoding=\"async\" src=\"https:\/\/www.europesays.com\/es\/wp-content\/uploads\/2025\/11\/3548655.jpg\" border=\"0\" alt=\"\" width=\"576\" height=\"391\"\/>&#13;<br \/>\nP\u00e8l de Gall se lleva el premio al mejor disco de pop-rock por &#8216;Entre sa llum i sa foscor&#8217;. | Foto: Juan Miguel Morales&#13;<\/p>\n<p>Adem\u00e1s, la Nit Enderrock tambi\u00e9n concedi\u00f3 sus galardones especiales al grupo Ant\u00f2nia Font, a Cap Pela a Pere Estelrich.<\/p>\n<p><img loading=\"lazy\" decoding=\"async\" src=\"https:\/\/www.europesays.com\/es\/wp-content\/uploads\/2025\/11\/3548649.jpg\" border=\"0\" alt=\"\" width=\"1600\" height=\"1066\"\/>&#13;<br \/>\nMarco Mezquida &amp; Chicuelo se lleva el premio de la cr\u00edtica al mejor disco de jazz por &#8216;Del alma&#8217;. | Foto: Juan Miguel Morales&#13;<\/p>\n<p>Los m\u00e1s de 24.000 votos \u00fanicos recibidos durante las dos fases de votaci\u00f3n popular de los premios, que han vuelto a superar la edici\u00f3n anterior, han servido para elegir<strong> &#8216;Entre sa llum i sa foscor&#8217;, de P\u00e8l de Gall, como mejor disco de pop-rock<\/strong>; &#8216;Quintessential&#8217;, de Pere Navarro como mejor disco de jazz, &#8216;M\u00fasica para mu\u00f1ecas&#8217;, de Samantha Hudson como mejor disco en lengua no catalana, y &#8216;Xiuxiuejos en blau&#8217; de la Banda Simf\u00f2nica de les Illes Balears el mejor de cl\u00e1sica.<\/p>\n","protected":false},"excerpt":{"rendered":"Los VIII Premios de la M\u00fasica Balear Enderrock 2025 han elegido a Maria Hein como la mejor artista&hellip;\n","protected":false},"author":2,"featured_media":221662,"comment_status":"","ping_status":"","sticky":false,"template":"","format":"standard","meta":{"footnotes":""},"categories":[170],"tags":[46047,209,146,147,25,24,46048,184,185,58931,23],"class_list":{"0":"post-221661","1":"post","2":"type-post","3":"status-publish","4":"format-standard","5":"has-post-thumbnail","7":"category-musica","8":"tag-anna-ferrer","9":"tag-cultura","10":"tag-entertainment","11":"tag-entretenimiento","12":"tag-es","13":"tag-espana","14":"tag-marco-mezquida","15":"tag-music","16":"tag-musica","17":"tag-pel-de-gall","18":"tag-spain"},"share_on_mastodon":{"url":"https:\/\/pubeurope.com\/@es\/115503134720362559","error":""},"_links":{"self":[{"href":"https:\/\/www.europesays.com\/es\/wp-json\/wp\/v2\/posts\/221661","targetHints":{"allow":["GET"]}}],"collection":[{"href":"https:\/\/www.europesays.com\/es\/wp-json\/wp\/v2\/posts"}],"about":[{"href":"https:\/\/www.europesays.com\/es\/wp-json\/wp\/v2\/types\/post"}],"author":[{"embeddable":true,"href":"https:\/\/www.europesays.com\/es\/wp-json\/wp\/v2\/users\/2"}],"replies":[{"embeddable":true,"href":"https:\/\/www.europesays.com\/es\/wp-json\/wp\/v2\/comments?post=221661"}],"version-history":[{"count":0,"href":"https:\/\/www.europesays.com\/es\/wp-json\/wp\/v2\/posts\/221661\/revisions"}],"wp:featuredmedia":[{"embeddable":true,"href":"https:\/\/www.europesays.com\/es\/wp-json\/wp\/v2\/media\/221662"}],"wp:attachment":[{"href":"https:\/\/www.europesays.com\/es\/wp-json\/wp\/v2\/media?parent=221661"}],"wp:term":[{"taxonomy":"category","embeddable":true,"href":"https:\/\/www.europesays.com\/es\/wp-json\/wp\/v2\/categories?post=221661"},{"taxonomy":"post_tag","embeddable":true,"href":"https:\/\/www.europesays.com\/es\/wp-json\/wp\/v2\/tags?post=221661"}],"curies":[{"name":"wp","href":"https:\/\/api.w.org\/{rel}","templated":true}]}}