{"id":221667,"date":"2025-11-06T14:07:09","date_gmt":"2025-11-06T14:07:09","guid":{"rendered":"https:\/\/www.europesays.com\/es\/221667\/"},"modified":"2025-11-06T14:07:09","modified_gmt":"2025-11-06T14:07:09","slug":"salud-anuncia-que-la-gripe-se-esta-atenuando-gracias-a-la-aceleracion-de-la-vacunacion","status":"publish","type":"post","link":"https:\/\/www.europesays.com\/es\/221667\/","title":{"rendered":"Salud anuncia que la gripe \u00abse est\u00e1 atenuando\u00bb gracias a la aceleraci\u00f3n de la vacunaci\u00f3n"},"content":{"rendered":"<p>Despu\u00e9s de varias semanas al alza, la curva de la gripe en Euskadi \u00abse est\u00e1 atenuando\u00bb, en parte, despu\u00e9s de que el Departamento de Salud  &#8230; acelerase la campa\u00f1a de inmunizaci\u00f3n contra el virus de la influenza con la habilitaci\u00f3n de un &#8216;vacun\u00f3dromo&#8217; en La Casilla de Bilbao y adelantando una semana la profilaxis a la poblaci\u00f3n general en el caso de Gipuzkoa y \u00c1lava. As\u00ed lo ha anunciado esta ma\u00f1ana el consejero del \u00e1rea, Alberto Mart\u00ednez, que se ha reunido con el alcalde de Donostia, Jon Insausti, para analizar las futuras inversiones en la capital guipuzcoana, que rondar\u00e1 los 50 millones de euros.<\/p>\n<p class=\"v-p\">Mart\u00ednez ha se\u00f1alado que la gripe se ha anticipado \u00abcasi cuatro semanas\u00bb esta temporada en Euskadi, especialmente en Bizkaia, con un impacto directo en los hospitales de Osakidetza, que han llegado a tener el 75% de sus camas ocupadas por pacientes contagiados por esta patolog\u00eda. <\/p>\n<p class=\"v-p\">Para hacer frente a esta situaci\u00f3n, Salud habilit\u00f3 un \u00abpunto de refuerzo\u00bb de vacunaci\u00f3n en La Casilla de Bilbao y adelant\u00f3 una semana la opci\u00f3n de inmunizarse a la poblaci\u00f3n general en Gipuzkoa y \u00c1lava. \u00abLo que hemos querido era, que si la gripe se anticipaba, anticipar la vacunaci\u00f3n para que a toda la poblaci\u00f3n le pillara con el nivel de inmunizaci\u00f3n necesario y suficiente\u00bb, ha explicado, dejando la puerta abierta a que \u00abpara otros a\u00f1os plantearnos un calendario de vacunaci\u00f3n que sea m\u00e1s favorable y m\u00e1s facilitador para los pacientes\u00bb.<\/p>\n<p class=\"v-p\">Gracias a ello, el consejero ha adelantado que la curva de incidencia \u00abse est\u00e1 atenuando\u00bb, mientras la presi\u00f3n asistencial \u00absigue un crecimiento natural y progresivo\u00bb. No obstante, hay algunos hospitales \u00abcon un poquito m\u00e1s de ingresos\u00bb, como el de la OSI Galdakao, \u00abpero el resto est\u00e1 controlado\u00bb.<\/p>\n<p>Turnos de tarde en Gros<\/p>\n<p class=\"v-p\">Mart\u00ednez se ha desplazado este jueves hasta San Sebasti\u00e1n para mantener una reuni\u00f3n de trabajo con el alcalde, Jon Insausti, con el que ha recorrido varios centros sanitarios, tanto de Atenci\u00f3n Primaria como la ciudad sanitaria donostia, donde ha podido comprobar de primera mano las obras de construcci\u00f3n de edificio que albergar\u00e1 en su interior la m\u00e1quina de protonterapia frente al c\u00e1ncer donada a Euskadi por la Fundaci\u00f3n Amancio Ortega, unos trabajos que contar\u00e1n con un montante de cerca de 23 millones en los Presupuestos del departamento de cara al pr\u00f3ximo a\u00f1o.<\/p>\n<p class=\"v-p\">La jornada no obstante ha arrancado en el \u00e1mbito ambulatorio, concretamente en el centro de salud de la Parte Vieja donde \u00abhemos hecho una valoraci\u00f3n de cu\u00e1les son los problemas que tenemos\u00bb en los 13 puntos de Atenci\u00f3n Primaria con los que cuenta la capital guipuzcoana. Uno de los puntos cr\u00edticos, ha asegurado el consejero, est\u00e1 en el ambulatorio de Gros, \u00abespecialmente en los turnos de tarde\u00bb donde \u00abtenemos dificultades\u00bb para crubir las plazas.<\/p>\n<p class=\"v-p\">En este nivel asistencial, el titular de Salud ha reconocido tambi\u00e9n \u00abalgunas incidencias\u00bb en el servicio de Pediatr\u00eda \u00aben aquellos centros que son uniplaza; es decir, cuando hay una incidencia y solo hay un pediatra\u00bb. <\/p>\n<p class=\"v-p\">Insuati, por su parte, ha agradecido al consejero \u00abtoda la implicaci\u00f3n que el departamento ha tenido, est\u00e1 teniendo y va a tener en Donostia\u00bb y ha resaltado que en dos a\u00f1o la capital guipuzcoana \u00abse va a convertir en referente en la cura e investigaci\u00f3n del c\u00e1ncer\u00bb con la puesta en marcha de la m\u00e1quina de protonterapia, que dar\u00e1 servicio a m\u00e1s de 7 millones de pacientes de Euskadi, el norte del Estado e Iparralde. \u00abEsto va a generar nuevos servicio para la ciudadan\u00eda, pero tambi\u00e9n va a ser la cuna para nuevos investigadores y empleo. Todo lo que est\u00e1 pasando en el entorno de Miramon nos est\u00e1 dando un ecosistema muy potente de cara al futuro\u00bb, ha reivindicado.<\/p>\n","protected":false},"excerpt":{"rendered":"Despu\u00e9s de varias semanas al alza, la curva de la gripe en Euskadi \u00abse est\u00e1 atenuando\u00bb, en parte,&hellip;\n","protected":false},"author":2,"featured_media":221668,"comment_status":"","ping_status":"","sticky":false,"template":"","format":"standard","meta":{"footnotes":""},"categories":[92],"tags":[25,24,7749,165,166,23,7589],"class_list":{"0":"post-221667","1":"post","2":"type-post","3":"status-publish","4":"format-standard","5":"has-post-thumbnail","7":"category-salud","8":"tag-es","9":"tag-espana","10":"tag-gripe","11":"tag-health","12":"tag-salud","13":"tag-spain","14":"tag-vacunacion"},"share_on_mastodon":{"url":"https:\/\/pubeurope.com\/@es\/115503146321072409","error":""},"_links":{"self":[{"href":"https:\/\/www.europesays.com\/es\/wp-json\/wp\/v2\/posts\/221667","targetHints":{"allow":["GET"]}}],"collection":[{"href":"https:\/\/www.europesays.com\/es\/wp-json\/wp\/v2\/posts"}],"about":[{"href":"https:\/\/www.europesays.com\/es\/wp-json\/wp\/v2\/types\/post"}],"author":[{"embeddable":true,"href":"https:\/\/www.europesays.com\/es\/wp-json\/wp\/v2\/users\/2"}],"replies":[{"embeddable":true,"href":"https:\/\/www.europesays.com\/es\/wp-json\/wp\/v2\/comments?post=221667"}],"version-history":[{"count":0,"href":"https:\/\/www.europesays.com\/es\/wp-json\/wp\/v2\/posts\/221667\/revisions"}],"wp:featuredmedia":[{"embeddable":true,"href":"https:\/\/www.europesays.com\/es\/wp-json\/wp\/v2\/media\/221668"}],"wp:attachment":[{"href":"https:\/\/www.europesays.com\/es\/wp-json\/wp\/v2\/media?parent=221667"}],"wp:term":[{"taxonomy":"category","embeddable":true,"href":"https:\/\/www.europesays.com\/es\/wp-json\/wp\/v2\/categories?post=221667"},{"taxonomy":"post_tag","embeddable":true,"href":"https:\/\/www.europesays.com\/es\/wp-json\/wp\/v2\/tags?post=221667"}],"curies":[{"name":"wp","href":"https:\/\/api.w.org\/{rel}","templated":true}]}}