{"id":221717,"date":"2025-11-06T14:42:14","date_gmt":"2025-11-06T14:42:14","guid":{"rendered":"https:\/\/www.europesays.com\/es\/221717\/"},"modified":"2025-11-06T14:42:14","modified_gmt":"2025-11-06T14:42:14","slug":"salida-en-mont-roig-del-camp-y-llegada-en-vila-seca","status":"publish","type":"post","link":"https:\/\/www.europesays.com\/es\/221717\/","title":{"rendered":"salida en Mont-roig del Camp y llegada en Vila-seca"},"content":{"rendered":"<p class=\"paragraph\">La 105\u00aa edici\u00f3n de la<b> Volta Ciclista a Catalunya<\/b>, que se celebrar\u00e1 del 23 al 29 de marzo de 2026,<b> contar\u00e1 con una etapa que transcurrir\u00e1 \u00edntegramente por las comarcas de la Costa Daurada<\/b>. La salida ser\u00e1 in\u00e9dita desde <b>Mont-roig del Camp<\/b>, mientras que la llegada se realizar\u00e1 en <b>Vila-seca<\/b>, que acoge una meta de etapa por quinta vez en su historia.<\/p>\n<p class=\"paragraph\"><b>Mont-roig del Camp, incluyendo Miami Platja, se estrena como sede<\/b> de la Volta, mientras que Vila-seca, Pineda Platja, recibir\u00e1 nuevamente a los equipos por novena ocasi\u00f3n, habiendo sido sede de salida en cuatro ediciones y de llegada en otras cuatro. Ambos municipios cuentan con el certificado en Cicloturismo de la <b>Ag\u00e8ncia Catalana de Turisme<\/b>, lo que garantiza servicios adaptados a los ciclistas que visiten la zona.<\/p>\n<p>            <a href=\"#\" title=\"\"><\/p>\n<p>                    <img loading=\"lazy\" decoding=\"async\" data-index=\"\" width=\"140\" height=\"140\" alt=\"Estefan\u00eda Serrano, Enric Adell, Rub\u00e9n Vi\u00f1uales y Mario Soler, durante la presentaci\u00f3n.\" data-full=\"[object Object]\" data-original=\"[object Object]\" src=\"https:\/\/imagenes.diaridetarragona.com\/files\/related_image\/uploads\/2025\/10\/24\/68fb4cfef24d0.jpeg\" data-full-src=\"https:\/\/www.europesays.com\/es\/wp-content\/uploads\/2025\/11\/1762440134_478_68fb4cfef24d0.jpeg\"\/><\/p>\n<p>            <\/a><\/p>\n<p class=\"paragraph\">La pasada edici\u00f3n de la Volta incluy\u00f3 una etapa \u00edntegra por las <b>Terres de l\u2019Ebre<\/b>, con final en Amposta, y este 2026 los mejores ciclistas del mundo trasladar\u00e1n el espect\u00e1culo a la Costa Daurada. Entre los hitos recientes de la Volta en la zona, destaca la etapa de 2022 entre <b>Salou y Cambrils<\/b>, con casi 170 km de media monta\u00f1a y una memorable escapada de Richard Carapaz y Sergio Higuita.<\/p>\n<p class=\"paragraph\"><b>El alcalde de Mont-roig del Camp, Fran Morancho<\/b>, afirm\u00f3 que \u201cnos hace mucha ilusi\u00f3n que la Volta comience en nuestro municipio. El ciclismo forma parte de nuestra identidad y contar con el Vel\u00f3dromo Josep Florencio es un s\u00edmbolo de nuestra pasi\u00f3n\u201d.<\/p>\n<p class=\"paragraph\">Por su parte, <b>Pere Segura, alcalde de Vila-seca<\/b>, destac\u00f3 que \u201ces un orgullo volver a ser escenario de la Volta. Recibir a los mejores ciclistas del mundo es una oportunidad para mostrar la vitalidad y dinamismo de nuestro municipio y de la Costa Daurada\u201d.<\/p>\n<p class=\"c-detail__media__subtitle\">\n<p>        La salida ser\u00e1 in\u00e9dita desde Mont-roig del Camp, mientras que la llegada se realizar\u00e1 en Vila-seca, que acoge una meta de etapa por quinta vez en su historiaDT<\/p>\n<p class=\"paragraph\">El <b>presidente del Patronat de Turisme de la Diputaci\u00f3 de Tarragona, Enric Adell<\/b>, subray\u00f3 que \u201cla Costa Daurada se ha consolidado como un destino destacado en turismo deportivo y ciclismo, y eventos como la Volta contribuyen a su proyecci\u00f3n internacional\u201d.<\/p>\n<p class=\"paragraph\">Finalmente, el <b>director general de la Volta, Rub\u00e8n Peris<\/b>, celebr\u00f3 la incorporaci\u00f3n de Mont-roig como sede in\u00e9dita: \u201cEstamos convencidos de que viviremos una gran etapa en la Costa Daurada, con paisajes espectaculares y un espect\u00e1culo deportivo de primer nivel\u201d.<\/p>\n<p class=\"paragraph\">La Volta 2026 promete llevar la Costa Daurada al mundo, con retransmisi\u00f3n televisiva a 190 pa\u00edses, mostrando la riqueza paisaj\u00edstica, cultural y deportiva de la regi\u00f3n.<\/p>\n","protected":false},"excerpt":{"rendered":"La 105\u00aa edici\u00f3n de la Volta Ciclista a Catalunya, que se celebrar\u00e1 del 23 al 29 de marzo&hellip;\n","protected":false},"author":2,"featured_media":221718,"comment_status":"","ping_status":"","sticky":false,"template":"","format":"standard","meta":{"footnotes":""},"categories":[273],"tags":[313,312,168,25,24,23,167],"class_list":{"0":"post-221717","1":"post","2":"type-post","3":"status-publish","4":"format-standard","5":"has-post-thumbnail","7":"category-ciclismo","8":"tag-ciclismo","9":"tag-cycling","10":"tag-deportes","11":"tag-es","12":"tag-espana","13":"tag-spain","14":"tag-sports"},"share_on_mastodon":{"url":"https:\/\/pubeurope.com\/@es\/115503283932069141","error":""},"_links":{"self":[{"href":"https:\/\/www.europesays.com\/es\/wp-json\/wp\/v2\/posts\/221717","targetHints":{"allow":["GET"]}}],"collection":[{"href":"https:\/\/www.europesays.com\/es\/wp-json\/wp\/v2\/posts"}],"about":[{"href":"https:\/\/www.europesays.com\/es\/wp-json\/wp\/v2\/types\/post"}],"author":[{"embeddable":true,"href":"https:\/\/www.europesays.com\/es\/wp-json\/wp\/v2\/users\/2"}],"replies":[{"embeddable":true,"href":"https:\/\/www.europesays.com\/es\/wp-json\/wp\/v2\/comments?post=221717"}],"version-history":[{"count":0,"href":"https:\/\/www.europesays.com\/es\/wp-json\/wp\/v2\/posts\/221717\/revisions"}],"wp:featuredmedia":[{"embeddable":true,"href":"https:\/\/www.europesays.com\/es\/wp-json\/wp\/v2\/media\/221718"}],"wp:attachment":[{"href":"https:\/\/www.europesays.com\/es\/wp-json\/wp\/v2\/media?parent=221717"}],"wp:term":[{"taxonomy":"category","embeddable":true,"href":"https:\/\/www.europesays.com\/es\/wp-json\/wp\/v2\/categories?post=221717"},{"taxonomy":"post_tag","embeddable":true,"href":"https:\/\/www.europesays.com\/es\/wp-json\/wp\/v2\/tags?post=221717"}],"curies":[{"name":"wp","href":"https:\/\/api.w.org\/{rel}","templated":true}]}}