{"id":221737,"date":"2025-11-06T14:55:09","date_gmt":"2025-11-06T14:55:09","guid":{"rendered":"https:\/\/www.europesays.com\/es\/221737\/"},"modified":"2025-11-06T14:55:09","modified_gmt":"2025-11-06T14:55:09","slug":"el-dlc-megadimension-para-leyendas-pokemon-z-a-se-lanzara-el-10-de-diciembre","status":"publish","type":"post","link":"https:\/\/www.europesays.com\/es\/221737\/","title":{"rendered":"El DLC Megadimensi\u00f3n para Leyendas Pok\u00e9mon Z-A se lanzar\u00e1 el 10 de diciembre"},"content":{"rendered":"<p>&#13;<br \/>\nThe Pok\u00e9mon Company ha publicado un nuevo tr\u00e1iler del DLC Megadimensi\u00f3n para Leyendas Pok\u00e9mon Z-A.&#13;\n<\/p>\n<p>&#13;<br \/>\nEste contenido descargable de pago nos permite viajar a una versi\u00f3n alternativa de Ciudad Luminalia con Pok\u00e9mon a niveles superiores. &#13;\n<\/p>\n<p>La historia recuperar\u00e1 a varios personajes de la trama principal y tambi\u00e9n a personajes anteriores como Corelia de Pok\u00e9mon X e Y, adem\u00e1s de introducir a Anya como nueva hu\u00e9sped del Hotel Z junto a su travieso Hoopa.<\/p>\n<p>Tambi\u00e9n llegar\u00e1n nuevas megaevoluciones como Mega-Raichu X, Mega-Raichu Y o Mega-Chimecho, e introducir\u00e1 a Pok\u00e9mon conocidos como Baxcalibur o Galisopod, Pok\u00e9mon regionales (Cubone de Alola, Mr. Mime de Galar&#8230;) y m\u00e1s.<\/p>\n<p>El DLC Megadimensi\u00f3n para Leyendas Pok\u00e9mon Z-A se lanzar\u00e1 el 10 de diciembre.<\/p>\n<p><a class=\"button video\" href=\"https:\/\/www.youtube.com\/watch?v=l1dokR6owoc\" rel=\"noopener nofollow\" target=\"_blank\">Ver en YouTube<\/a><\/p>\n<p>El calendario de combates clasificatorios actual es el siguiente:<\/p>\n<ul>\n<li>2\u00aa temporada (recompensa: Delphoxita): desde hoy hasta el mi\u00e9rcoles 26 de noviembre<\/li>\n<li>3\u00aa temporada (recompensa: Chesnaughtita): desde el 26 de noviembre hasta una fecha inneterminada<\/li>\n<li>4\u00aa temporada (recompensa: Baxcaliburita): tras la 4\u00aa temporada<\/li>\n<\/ul>\n<p>Tambi\u00e9n se ha anunciado que a lo largo del d\u00eda de hoy se podr\u00e1 conseguir una Diancita para megaevolucionar a Diancie en Leyendas Pok\u00e9mon Z-A. Adem\u00e1s, se desbloquear\u00e1 una Misi\u00f3n Secundaria Extra (\u00abBrillante como una joya\u00bb) al canjearlo que nos servir\u00e1 para conseguir al Pok\u00e9mon singular Diancie.<\/p>\n<p><a class=\"button video\" href=\"https:\/\/www.youtube.com\/watch?v=1wfbamga-no\" rel=\"noopener nofollow\" target=\"_blank\">Ver en YouTube<\/a><\/p>\n<p>&#13;<br \/>\nAqu\u00ed puedes leer nuestro <a href=\"https:\/\/www.eurogamer.es\/analisis-de-pokemon-leyendas-z-a-tras-algunos-tropiezos-la-saga-encuentra-el-camino-a-seguir\" rel=\"nofollow noopener\" target=\"_blank\">an\u00e1lisis de Leyendas Pok\u00e9mon Z-A<\/a>: \u00abIncluso si, sin duda alguna, una saga multimillonaria podr\u00eda aspirar m\u00e1s alto en lo t\u00e9cnico, Leyendas Z-A es un paso hacia delante en todos los aspectos, carism\u00e1tico y adictivo como pocos otros RPG\u00bb.&#13;<br \/>\n&#13;\n<\/p>\n<p>&#13;<br \/>\nLeyendas Pok\u00e9mon Z-A est\u00e1 disponible en Switch y Switch 2.&#13;\n<\/p>\n<p><a class=\"button video\" href=\"https:\/\/www.youtube.com\/watch?v=35Wg1gF7MaY\" rel=\"noopener nofollow\" target=\"_blank\">Ver en YouTube<\/a><\/p>\n","protected":false},"excerpt":{"rendered":"&#13; The Pok\u00e9mon Company ha publicado un nuevo tr\u00e1iler del DLC Megadimensi\u00f3n para Leyendas Pok\u00e9mon Z-A.&#13; &#13; Este&hellip;\n","protected":false},"author":2,"featured_media":221738,"comment_status":"","ping_status":"","sticky":false,"template":"","format":"standard","meta":{"footnotes":""},"categories":[81],"tags":[119,123,124,25,24,117,121,122,23,118,120],"class_list":{"0":"post-221737","1":"post","2":"type-post","3":"status-publish","4":"format-standard","5":"has-post-thumbnail","7":"category-ciencia-y-tecnologia","8":"tag-ciencia","9":"tag-ciencia-y-tecnologia","10":"tag-cienciaytecnologia","11":"tag-es","12":"tag-espana","13":"tag-science","14":"tag-science-and-technology","15":"tag-scienceandtechnology","16":"tag-spain","17":"tag-technology","18":"tag-tecnologia"},"share_on_mastodon":{"url":"https:\/\/pubeurope.com\/@es\/115503335161464668","error":""},"_links":{"self":[{"href":"https:\/\/www.europesays.com\/es\/wp-json\/wp\/v2\/posts\/221737","targetHints":{"allow":["GET"]}}],"collection":[{"href":"https:\/\/www.europesays.com\/es\/wp-json\/wp\/v2\/posts"}],"about":[{"href":"https:\/\/www.europesays.com\/es\/wp-json\/wp\/v2\/types\/post"}],"author":[{"embeddable":true,"href":"https:\/\/www.europesays.com\/es\/wp-json\/wp\/v2\/users\/2"}],"replies":[{"embeddable":true,"href":"https:\/\/www.europesays.com\/es\/wp-json\/wp\/v2\/comments?post=221737"}],"version-history":[{"count":0,"href":"https:\/\/www.europesays.com\/es\/wp-json\/wp\/v2\/posts\/221737\/revisions"}],"wp:featuredmedia":[{"embeddable":true,"href":"https:\/\/www.europesays.com\/es\/wp-json\/wp\/v2\/media\/221738"}],"wp:attachment":[{"href":"https:\/\/www.europesays.com\/es\/wp-json\/wp\/v2\/media?parent=221737"}],"wp:term":[{"taxonomy":"category","embeddable":true,"href":"https:\/\/www.europesays.com\/es\/wp-json\/wp\/v2\/categories?post=221737"},{"taxonomy":"post_tag","embeddable":true,"href":"https:\/\/www.europesays.com\/es\/wp-json\/wp\/v2\/tags?post=221737"}],"curies":[{"name":"wp","href":"https:\/\/api.w.org\/{rel}","templated":true}]}}