{"id":221751,"date":"2025-11-06T15:07:10","date_gmt":"2025-11-06T15:07:10","guid":{"rendered":"https:\/\/www.europesays.com\/es\/221751\/"},"modified":"2025-11-06T15:07:10","modified_gmt":"2025-11-06T15:07:10","slug":"las-recetas-de-joel-parra-para-derrotar-al-madrid","status":"publish","type":"post","link":"https:\/\/www.europesays.com\/es\/221751\/","title":{"rendered":"Las recetas de Joel Parra para derrotar al Madrid"},"content":{"rendered":"<p class=\"ft-text\"><a class=\"ft-link ft-link--decoration\" href=\"https:\/\/www.sport.es\/es\/noticias\/barca\/baloncesto\/barca-sigue-duda-lesionados-cara-123400956\" rel=\"nofollow noopener\" target=\"_blank\"><strong>Con las dudas de Shengelia y Laprovittola, el Bar\u00e7a recibe este viernes al Real Madrid <\/strong><\/a><strong>a las 20.30 horas en un Palau<\/strong> que debe dar tambi\u00e9n un paso adelante con el objetivo com\u00fan de que este equipo azulgrana de idas y vueltas consiga su mejor nivel ante su eterno rival.<\/p>\n<p class=\"ft-text\">Uno de los d\u00e9ficits azulgranas est\u00e1 en el apartado defensivo, si bien en los \u00faltimos partidos se vislumbra una cierta mejor\u00eda colectiva. Y cuando se trata de dar la m\u00e1xima intensidad, <a class=\"ft-link ft-link--decoration\" href=\"https:\/\/www.sport.es\/es\/noticias\/barca\/baloncesto\/verdades-myles-cale-ofrecer-energia-122862146\" rel=\"nofollow noopener\" target=\"_blank\">el estadounidense Myles Cale<\/a> y <strong>el catal\u00e1n Joel Parra suelen ser ejemplares<\/strong>.<\/p>\n<p class=\"ft-text\"><a class=\"ft-link ft-link--decoration\" href=\"https:\/\/www.sport.es\/es\/noticias\/barca\/baloncesto\/joel-parra-protagonista-doble-cambio-119481513\" rel=\"nofollow noopener\" target=\"_blank\">El ex jugador de la Penya<\/a> promedia 5,4 puntos, 3,5 rebotes y +6,1 de valoraci\u00f3n en Euroliga, cifras que <strong>se elevan en Liga Endesa hasta 9,6 puntos, 4,4 rebotes y +12,2<\/strong>. De hecho, es el tercero m\u00e1s valorado del equipo en el torneo dom\u00e9stico, tras Shengelia (+16,2) y Clyburn (+12,4).<\/p>\n<p class=\"ft-text\">\u00abEl jugador est\u00e1 m\u00e1s motivado en estos partidos. <strong>Un Cl\u00e1sico siempre es especial<\/strong>. Es un partido m\u00e1s, pero si ganas te da un plus. Da igual c\u00f3mo se llegue. Los peque\u00f1os detalles marcar\u00e1n las diferencias y hay que controlar las emociones\u00bb, coment\u00f3 el catal\u00e1n en rueda de prensa.<\/p>\n<p class=\"ft-text\">Parra se refiri\u00f3 a los <strong>ocho partidos seguidos perdidos contra el Madrid<\/strong> (<a class=\"ft-link ft-link--decoration\" href=\"https:\/\/www.sport.es\/es\/noticias\/barca\/baloncesto\/final-amargo-palau-corta-grimau-103258947\" rel=\"nofollow noopener\" target=\"_blank\">los tres del play-off de la &#8216;era&#8217; Grimau<\/a> m\u00e1s el de Supercopa, los dos de Liga y los dos de Euroliga del curso pasado. \u00abNo hemos hablado de eso, pero queremos ganar con nuestra gente y sabi\u00e9ndolo, m\u00e1s\u00bb, recalc\u00f3.<\/p>\n<p class=\"ft-text\">Uno de los problemas del equipo es la irregularidad en los partidos. \u00abTenemos muchos altibajos y <strong>somos capaces de lo mejor y de lo peor<\/strong>. Esta semana hemos entrenado muy bien. Estamos trabajando para reducir los malos momentos. Tenemos que ser m\u00e1s estables\u00bb, apunt\u00f3.<\/p>\n<p class=\"ft-text\"><a class=\"ft-link ft-link--decoration\" href=\"https:\/\/www.sport.es\/es\/noticias\/barca\/baloncesto\/palau-blaugrana-sigue-batiendo-records-123324684\" rel=\"nofollow noopener\" target=\"_blank\">El Palau se ha vaciado esta temporada<\/a>, pero <strong>Joel Parra tiene claro que este viernes \u00abse llenar\u00e1<\/strong>, que los Dracs estar\u00e1n a tope y la afici\u00f3n ser\u00e1 el sexto jugador. Vemos que no se est\u00e1n identificando mucho con el equipo y entendemos su enfado. Siempre intentamos dar el m\u00e1ximo\u00bb.<\/p>\n<p class=\"ft-text\">En cuanto a las claves pata este viernes, el internacional espa\u00f1ol insisti\u00f3 en \u00abcontrolar los peque\u00f1os detalles y estar fuertes en defensa ante un rival con muchos puntos. Tenemos que bajarles la puntuaci\u00f3n y ellos querr\u00e1n hacer lo mismo. <strong>No podemos consentir segundas opciones\u00bb<\/strong>.<\/p>\n","protected":false},"excerpt":{"rendered":"Con las dudas de Shengelia y Laprovittola, el Bar\u00e7a recibe este viernes al Real Madrid a las 20.30&hellip;\n","protected":false},"author":2,"featured_media":221752,"comment_status":"","ping_status":"","sticky":false,"template":"","format":"standard","meta":{"footnotes":""},"categories":[269],"tags":[299,2296,298,168,25,24,833,33345,36891,4819,3048,23,167],"class_list":{"0":"post-221751","1":"post","2":"type-post","3":"status-publish","4":"format-standard","5":"has-post-thumbnail","7":"category-baloncesto","8":"tag-baloncesto","9":"tag-barca","10":"tag-basketball","11":"tag-deportes","12":"tag-es","13":"tag-espana","14":"tag-euroliga","15":"tag-joel-parra","16":"tag-palau","17":"tag-penarroya","18":"tag-real-madrid","19":"tag-spain","20":"tag-sports"},"share_on_mastodon":{"url":"https:\/\/pubeurope.com\/@es\/115503382376199400","error":""},"_links":{"self":[{"href":"https:\/\/www.europesays.com\/es\/wp-json\/wp\/v2\/posts\/221751","targetHints":{"allow":["GET"]}}],"collection":[{"href":"https:\/\/www.europesays.com\/es\/wp-json\/wp\/v2\/posts"}],"about":[{"href":"https:\/\/www.europesays.com\/es\/wp-json\/wp\/v2\/types\/post"}],"author":[{"embeddable":true,"href":"https:\/\/www.europesays.com\/es\/wp-json\/wp\/v2\/users\/2"}],"replies":[{"embeddable":true,"href":"https:\/\/www.europesays.com\/es\/wp-json\/wp\/v2\/comments?post=221751"}],"version-history":[{"count":0,"href":"https:\/\/www.europesays.com\/es\/wp-json\/wp\/v2\/posts\/221751\/revisions"}],"wp:featuredmedia":[{"embeddable":true,"href":"https:\/\/www.europesays.com\/es\/wp-json\/wp\/v2\/media\/221752"}],"wp:attachment":[{"href":"https:\/\/www.europesays.com\/es\/wp-json\/wp\/v2\/media?parent=221751"}],"wp:term":[{"taxonomy":"category","embeddable":true,"href":"https:\/\/www.europesays.com\/es\/wp-json\/wp\/v2\/categories?post=221751"},{"taxonomy":"post_tag","embeddable":true,"href":"https:\/\/www.europesays.com\/es\/wp-json\/wp\/v2\/tags?post=221751"}],"curies":[{"name":"wp","href":"https:\/\/api.w.org\/{rel}","templated":true}]}}