{"id":221755,"date":"2025-11-06T15:10:11","date_gmt":"2025-11-06T15:10:11","guid":{"rendered":"https:\/\/www.europesays.com\/es\/221755\/"},"modified":"2025-11-06T15:10:11","modified_gmt":"2025-11-06T15:10:11","slug":"el-susto-por-el-que-david-broncano-podria-haber-muerto-congelado","status":"publish","type":"post","link":"https:\/\/www.europesays.com\/es\/221755\/","title":{"rendered":"El susto por el que David Broncano podr\u00eda haber muerto congelado"},"content":{"rendered":"<p>\n        Los invitados de &#8216;<a href=\"https:\/\/www.deia.eus\/tags\/la-revuelta\/\" title=\"La Revuelta\" target=\"_blank\" class=\"link copy\" rel=\"nofollow noopener\"><strong>La Revuelta<\/strong><\/a>&#8216; de este mi\u00e9rcoles, 5 de noviembre, fueron David Verdaguer y Amaia Salamanca, que acudieron al programa a presentar la pel\u00edcula &#8216;<strong>Siempre es invierno&#8217;<\/strong>, dirigida por David Trueba y basada en su novela &#8216;Blitz&#8217;.\n<\/p>\n<p>  David Verdaguer y Amaia Salamanca presentan &#8216;<strong>Siempre es invierno&#8217;, de <\/strong>David Trueba<\/p>\n<p class=\"article-body__text \">\n        Una pieza cinematogr\u00e1fica cuya sinopsis es la siguiente: \u00abMiguel (David Verdaguer), arquitecto paisajista, viaja a B\u00e9lgica con su novia Marta (<strong>Amaia Salamanca<\/strong>) para <strong>participar en un congreso<\/strong>. All\u00ed se precipita el <strong>final de su relaci\u00f3n<\/strong> y tras la ruptura con su pareja decide quedarse a solas unos d\u00edas m\u00e1s para tratar de recomponer su futuro. Roto y desubicado, Miguel <strong>conoce a Olga<\/strong> (Isabelle Renauld), una mujer que trabaja como<strong> voluntaria en el congreso de <\/strong><a href=\"https:\/\/www.deia.eus\/tags\/arquitectura\/\" title=\"arquitectura\" target=\"_blank\" class=\"link copy\" rel=\"nofollow noopener\"><strong>arquitectura<\/strong><\/a>. A su lado comenzar\u00e1 a reconstruirse y a entender en qu\u00e9 consiste su nuevo proyecto de vida\u00bb.\n<\/p>\n<p class=\"article-body__text \">\n        Una <strong>entrevista <\/strong>en la que, tal y como relataban desde <a href=\"https:\/\/www.deia.eus\/tags\/rtve\/\" title=\"RTVE\" target=\"_blank\" class=\"link copy\" rel=\"nofollow noopener\"><strong>RTVE<\/strong><\/a>, <strong>\u00abreina la sinceridad<\/strong>, con an\u00e9cdotas que rozan la verg\u00fcenza y respuestas directas a Las Preguntas Cl\u00e1sicas\u00bb.\n<\/p>\n<p>  David Broncano desvela el enorme susto por el que podr\u00eda haber muerto congelado<\/p>\n<p class=\"article-body__text \">\n        En un momento de sinceridad, el actor David Verdaguer\u00a0cont\u00f3 una an\u00e9cdota que no ser\u00e1 f\u00e1cil de olvidar. \u00abEstando en un hotel de Madrid, &#8216;<strong>me estaba masturbando <\/strong>y, cuando llegu\u00e9 al cl\u00edmax&#8217;, con el pantal\u00f3n medio bajado y sin camiseta, empez\u00f3 a <strong>sufrir un ataque de <\/strong><a href=\"https:\/\/www.deia.eus\/tags\/ansiedad\/\" title=\"ansiedad\" target=\"_blank\" class=\"link copy\" rel=\"nofollow noopener\"><strong>ansiedad<\/strong><\/a>: &#8216;Empec\u00e9 a\u00a0notar que me ahogaba, era la primera vez que me pasaba, fui arrastr\u00e1ndome al lavabo, con todo el pene ah\u00ed y pensando: <strong>me voy a morir<\/strong>&#8216;\u00bb.\n<\/p>\n<p class=\"article-body__text \">\n        Una an\u00e9cdota que anim\u00f3 al presentador del programa a relatar el enorme susto por el que, seg\u00fan apuntaba, podr\u00eda haber muerto congelado. La an\u00e9cdota la experimento haciendo alpinismo en<strong> Groenlandia<\/strong>. \u00abEstaba yo solo en medio de una tienda de campa\u00f1a\u00a0<strong>y me dio un <\/strong><a href=\"https:\/\/www.deia.eus\/salud\/2025\/07\/05\/corte-digestion-existe-o-es-un-mito-doctor-david-callejo-aclara-dudas-9844614.html\" title=\"corte de digesti\u00f3n\" target=\"_blank\" class=\"link copy\" rel=\"nofollow noopener\"><strong>corte de digesti\u00f3n<\/strong><\/a><strong>\u00a0<\/strong>porque hab\u00eda mezclado ballena con una lata de lentejas\u00bb, empezaba explicando el presentador.\n<\/p>\n<p class=\"article-body__text \">\n        \u00abNo pod\u00eda vomitar o cagar dentro de la tienda porque despu\u00e9s la ten\u00eda que llevar durante un mes\u00bb, continuaba contando <a href=\"https:\/\/www.deia.eus\/tags\/david-broncano\/\" title=\"David Broncano\" target=\"_blank\" class=\"link copy\" rel=\"nofollow noopener\"><strong>David Broncano<\/strong><\/a>. Por ello, el presentador de &#8216;La Revuelta&#8217; decidi\u00f3 salir en calzoncillos para evitar un mal mayor. Seg\u00fan relataba,  fuera de la tienda de campa\u00f1a hab\u00eda una temperatura de 5 grados bajo cero, pero el humorista sali\u00f3 corriendo\u00a0<strong>y no cogi\u00f3 una linterna con la que poder orientarse<\/strong>.\u00a0Despu\u00e9s de hacer sus necesidades en la total oscuridad,\u00a0<strong>no sab\u00eda c\u00f3mo regresar a su tienda de campa\u00f1a<\/strong>: \u00abHab\u00eda andado como un pato de un lado para otro. Me pude haber alejado como 30 metros de la tienda\u00bb.\n<\/p>\n<p class=\"article-body__text \">\n        Al contar lo ocurrido, el David Broncano recurri\u00f3, como no pod\u00eda ser de otra manera, al humor diciendo que el titular que protagonizar\u00eda al d\u00eda siguiente en el\u00a0&#8216;Marca&#8217; ser\u00eda:\u00a0<strong>\u00abBroncano, encontrado cagado en el \u00c1rtico\u00bb<\/strong>,<strong> <\/strong>a lo que Amaia Salamanca le contest\u00f3 entre risas: \u00abLo que m\u00e1s me ha sorprendido de toda la historia es que t\u00fa fueras portada del\u00a0Marca.\u00a0<strong>\u00bfEs la perdida de un gran deportista?<\/strong>\u00ab. Tras lo sucedido, el presentador de &#8216;La Revuelta&#8217; a\u00f1adi\u00f3 que consigui\u00f3 encontrar la tienda y se meti\u00f3 dentro: \u00ab<strong>Pens\u00e9 que toda una vida para esta tristeza<\/strong>\u00ab.<\/p>\n","protected":false},"excerpt":{"rendered":"Los invitados de &#8216;La Revuelta&#8216; de este mi\u00e9rcoles, 5 de noviembre, fueron David Verdaguer y Amaia Salamanca, que&hellip;\n","protected":false},"author":2,"featured_media":221756,"comment_status":"","ping_status":"","sticky":false,"template":"","format":"standard","meta":{"footnotes":""},"categories":[174],"tags":[13289,255,10636,2429,4083,146,147,25,24,256,6633,1783,5555,3479,58946,528,23,6095],"class_list":{"0":"post-221755","1":"post","2":"type-post","3":"status-publish","4":"format-standard","5":"has-post-thumbnail","7":"category-famosos","8":"tag-broncano","9":"tag-celebrities","10":"tag-congelado","11":"tag-david","12":"tag-desvela","13":"tag-entertainment","14":"tag-entretenimiento","15":"tag-es","16":"tag-espana","17":"tag-famosos","18":"tag-haber","19":"tag-la","20":"tag-muerto","21":"tag-podria","22":"tag-por-el-que","23":"tag-revuelta","24":"tag-spain","25":"tag-susto"},"share_on_mastodon":{"url":"https:\/\/pubeurope.com\/@es\/115503394245146892","error":""},"_links":{"self":[{"href":"https:\/\/www.europesays.com\/es\/wp-json\/wp\/v2\/posts\/221755","targetHints":{"allow":["GET"]}}],"collection":[{"href":"https:\/\/www.europesays.com\/es\/wp-json\/wp\/v2\/posts"}],"about":[{"href":"https:\/\/www.europesays.com\/es\/wp-json\/wp\/v2\/types\/post"}],"author":[{"embeddable":true,"href":"https:\/\/www.europesays.com\/es\/wp-json\/wp\/v2\/users\/2"}],"replies":[{"embeddable":true,"href":"https:\/\/www.europesays.com\/es\/wp-json\/wp\/v2\/comments?post=221755"}],"version-history":[{"count":0,"href":"https:\/\/www.europesays.com\/es\/wp-json\/wp\/v2\/posts\/221755\/revisions"}],"wp:featuredmedia":[{"embeddable":true,"href":"https:\/\/www.europesays.com\/es\/wp-json\/wp\/v2\/media\/221756"}],"wp:attachment":[{"href":"https:\/\/www.europesays.com\/es\/wp-json\/wp\/v2\/media?parent=221755"}],"wp:term":[{"taxonomy":"category","embeddable":true,"href":"https:\/\/www.europesays.com\/es\/wp-json\/wp\/v2\/categories?post=221755"},{"taxonomy":"post_tag","embeddable":true,"href":"https:\/\/www.europesays.com\/es\/wp-json\/wp\/v2\/tags?post=221755"}],"curies":[{"name":"wp","href":"https:\/\/api.w.org\/{rel}","templated":true}]}}