{"id":221767,"date":"2025-11-06T15:18:09","date_gmt":"2025-11-06T15:18:09","guid":{"rendered":"https:\/\/www.europesays.com\/es\/221767\/"},"modified":"2025-11-06T15:18:09","modified_gmt":"2025-11-06T15:18:09","slug":"si-lo-llego-a-tener-en-cuenta-no-habria-podido-respirar","status":"publish","type":"post","link":"https:\/\/www.europesays.com\/es\/221767\/","title":{"rendered":"\u00abSi lo llego a tener en cuenta, no habr\u00eda podido respirar\u00bb"},"content":{"rendered":"<p style=\"\">Es un referente del periodismo en Espa\u00f1a, una de las caras m\u00e1s conocidas de los informativos de TVE y de Telecinco, previo paso por otros programas en Antena 3, como fue &#8216;Espejo p\u00fablico&#8217; y &#8216;A plena luz&#8217;. Nos referimos a <strong>Pedro Piqueras<\/strong>, que se  &#8230; ha sentado junto a <strong>Lara Siscar<\/strong> en el programa de entrevistas &#8216;<strong>En primicia<\/strong>&#8216; (RTVE). En este encuentro el presentador ha recordado los momentos m\u00e1s importantes de su carrera profesional y se ha emocionado al recordar algunos episodios especialmente dif\u00edciles que vivi\u00f3 delante y detr\u00e1s de las c\u00e1maras. <\/p>\n<p class=\"voc-p\" style=\"\">Uno de los hechos que m\u00e1s le ha marcado ha sido el informar de los <strong>atentados terroristas de ETA<\/strong>. En los a\u00f1os m\u00e1s duros de la banda \u00e9l ten\u00eda que emitir sobre lo que suced\u00eda y es algo que le ha marcado profundamente. Ha compartido con Siscar c\u00f3mo fue el momento de emitir las im\u00e1genes de sucesos tan cruentos como el atentado en el que <strong>Irene Villa<\/strong> y su madre sufrieron amputaciones: \u00abTen\u00eda miedo de la repercusi\u00f3n que pudieran tener\u00bb. <\/p>\n<p class=\"voc-p\" style=\"\">A posteriori, ha recibido la felicitaci\u00f3n de Villa y \u00e9l ha hablado alto y claro sobre el papel que jugaron ella y su madre tras lo ocurrido: \u00abFueron un antes y un despu\u00e9s en la lucha contra el terrorismo. Nadie pod\u00eda apoyar eso\u00bb. Irene guardaba tan buen recuerdo del periodista que lo invit\u00f3 a su boda, un mensaje muy enternecedor que a\u00fan conmueve a <strong>Pedro Piqueras<\/strong>: \u00abYa que estuviste en el peor momento de mi vida, me gustar\u00eda que estuvieras en el mejor\u00bb.<\/p>\n<p>\nPedro Piqueras: \u00abTrabaj\u00e9 con una psic\u00f3loga para superarlo\u00bb\n<\/p>\n<p class=\"voc-p\" style=\"\">Y si esto le result\u00f3 complejo, tambi\u00e9n lo fue otro de los <strong>episodios que le marc\u00f3<\/strong>. De hecho, lo recuerda como el peor momento en televisi\u00f3n. Fue en 1988, cuando los trabajadores de TVE iniciaron una <strong>Huelga General<\/strong> y \u00e9l se vio presentando el \u00fanico programa de la cadena de ese 14 de diciembre. \u00abEl miedo esc\u00e9nico existe\u00bb, ha reconocido a <strong>la periodista<\/strong> durante la entrevista. Hab\u00eda alrededor de 25 millones de personas delante de la peque\u00f1a pantalla y ha confesado con Siscar que, de haberlo tenido en cuenta, \u00abno habr\u00eda podido respirar\u00bb, ha sentenciado Piqueras. <\/p>\n<p class=\"voc-p\" style=\"\">Llev\u00f3 mal aquella experiencia y fue lo que le llev\u00f3 a necesitar ayuda de profesionales. \u00abTrabaj\u00e9 con <strong>una psic\u00f3loga<\/strong> para crear mecanismos que me ayudaran ante el <strong>miedo esc\u00e9nico<\/strong>, para que no me afectara. Aprend\u00ed que es bueno relajarse, respirar profundamente y pensar que todo va a salir bien\u00bb, ha compartido en esta entrevista. Ha reconocido que es en situaciones como esa donde te haces \u00abm\u00e1s periodista\u00bb.<\/p>\n<p>\nAdmiraci\u00f3n por Jes\u00fas Hermida\n<\/p>\n<p class=\"voc-p\" style=\"\">Pedro Piqueras ha tenido palabras de cari\u00f1o y profunda admiraci\u00f3n hacia Jes\u00fas Hermida, al que considera uno de sus \u00abmaestros\u00bb. Lo reconoce como su mentor y lo valora como la persona que m\u00e1s le ha ense\u00f1ado sobre periodismo y televisi\u00f3n en RTVE. La <strong>Academia de Televisi\u00f3n<\/strong> otorg\u00f3 a Piqueras el Premio Jes\u00fas Hermida a la Trayectoria Televisiva en 2023, algo que \u00e9l recibi\u00f3 con gran emoci\u00f3n. <\/p>\n<p class=\"voc-p\" style=\"\"><strong>Pedro Piqueras y Jes\u00fas Hermida<\/strong> compartieron muchas horas en los sets de informativos. Recuerda c\u00f3mo fue as\u00ed que aprendi\u00f3 a ser \u00abuna persona natural\u00bb y a hablar como \u00absi tuvieras cierta confianza con el p\u00fablico\u00bb. Se ha confesado un \u00abenamorado de la televisi\u00f3n\u00bb. De todo esto y de otros importantes pasajes de su vida personal y profesional habla en el libro &#8216;<strong>Cuando ya nada es urgente<\/strong>&#8216;, que ha visto la luz en las librer\u00edas este 2025.<\/p>\n","protected":false},"excerpt":{"rendered":"Es un referente del periodismo en Espa\u00f1a, una de las caras m\u00e1s conocidas de los informativos de TVE&hellip;\n","protected":false},"author":2,"featured_media":221768,"comment_status":"","ping_status":"","sticky":false,"template":"","format":"standard","meta":{"footnotes":""},"categories":[91],"tags":[4930,2196,146,147,25,24,17359,2812,1822,946,25407,8758,41141,31584,1789,23,807,9162,3362],"class_list":{"0":"post-221767","1":"post","2":"type-post","3":"status-publish","4":"format-standard","5":"has-post-thumbnail","7":"category-entretenimiento","8":"tag-acudir","9":"tag-cuenta","10":"tag-entertainment","11":"tag-entretenimiento","12":"tag-es","13":"tag-espana","14":"tag-llego","15":"tag-momento","16":"tag-pedro","17":"tag-peor","18":"tag-piqueras","19":"tag-podido","20":"tag-psicologica","21":"tag-respirar","22":"tag-revela","23":"tag-spain","24":"tag-television","25":"tag-tener","26":"tag-terapia"},"share_on_mastodon":{"url":"https:\/\/pubeurope.com\/@es\/115503425911951921","error":""},"_links":{"self":[{"href":"https:\/\/www.europesays.com\/es\/wp-json\/wp\/v2\/posts\/221767","targetHints":{"allow":["GET"]}}],"collection":[{"href":"https:\/\/www.europesays.com\/es\/wp-json\/wp\/v2\/posts"}],"about":[{"href":"https:\/\/www.europesays.com\/es\/wp-json\/wp\/v2\/types\/post"}],"author":[{"embeddable":true,"href":"https:\/\/www.europesays.com\/es\/wp-json\/wp\/v2\/users\/2"}],"replies":[{"embeddable":true,"href":"https:\/\/www.europesays.com\/es\/wp-json\/wp\/v2\/comments?post=221767"}],"version-history":[{"count":0,"href":"https:\/\/www.europesays.com\/es\/wp-json\/wp\/v2\/posts\/221767\/revisions"}],"wp:featuredmedia":[{"embeddable":true,"href":"https:\/\/www.europesays.com\/es\/wp-json\/wp\/v2\/media\/221768"}],"wp:attachment":[{"href":"https:\/\/www.europesays.com\/es\/wp-json\/wp\/v2\/media?parent=221767"}],"wp:term":[{"taxonomy":"category","embeddable":true,"href":"https:\/\/www.europesays.com\/es\/wp-json\/wp\/v2\/categories?post=221767"},{"taxonomy":"post_tag","embeddable":true,"href":"https:\/\/www.europesays.com\/es\/wp-json\/wp\/v2\/tags?post=221767"}],"curies":[{"name":"wp","href":"https:\/\/api.w.org\/{rel}","templated":true}]}}