{"id":221775,"date":"2025-11-06T15:22:12","date_gmt":"2025-11-06T15:22:12","guid":{"rendered":"https:\/\/www.europesays.com\/es\/221775\/"},"modified":"2025-11-06T15:22:12","modified_gmt":"2025-11-06T15:22:12","slug":"jaime-penafiel-sorprende-al-contar-lo-que-le-dijo-felipe-gonzalez-cuando-publico-la-foto-de-franco-intubado-y-a-punto-de-morir","status":"publish","type":"post","link":"https:\/\/www.europesays.com\/es\/221775\/","title":{"rendered":"Jaime Pe\u00f1afiel sorprende al contar lo que le dijo Felipe Gonz\u00e1lez cuando public\u00f3 la foto de Franco intubado y a punto de morir"},"content":{"rendered":"<p>Este 2025 se cumplen 50 a\u00f1os de la muerte de Francisco Franco y en RTVE han hecho un programa hablando <a href=\"https:\/\/www.huffingtonpost.es\/virales\/cristina-almeida-enmienda-plana-juan-carlos-i-deja-claro-trajo-realmente-democracia-espana.html\" rel=\"nofollow noopener\" target=\"_blank\">de c\u00f3mo fueron esos \u00faltimos d\u00edas del dictador<\/a>, <b>que muri\u00f3 en la cama a los 82 a\u00f1os 20 de noviembre de 1975.<\/b><\/p>\n<p>Los espa\u00f1oles vieron por \u00faltima vez al dictador el 1 de octubre de 1975 en el balc\u00f3n del Palacio Real. 50 d\u00edas <a href=\"https:\/\/www.huffingtonpost.es\/politica\/zapatero-responde-juan-carlos-i-dice-el-memoriasnade-recado-sobre-felipe-vi.html\" rel=\"nofollow noopener\" target=\"_blank\">despu\u00e9s mor\u00eda en el Hospital de La Paz<\/a> tras una larga agon\u00eda que se puede apreciar en otra imagen que vio la luz nueve a\u00f1os despu\u00e9s.\u00a0<\/p>\n<p>Fue en 1984 cuando La Revista sac\u00f3 las im\u00e1genes <a href=\"https:\/\/www.huffingtonpost.es\/life\/influencers-celebrities\/las-memorias-juancar-pildoras-abrir-boca-lleguen-espana.html\" rel=\"nofollow noopener\" target=\"_blank\">del dictador intubado<\/a> y agonizando en la cama del hospital madrile\u00f1o. Una impactante imagen que caus\u00f3 estupor en la \u00e9poca y que ahora, 50 a\u00f1os despu\u00e9s de la muerte de Franco, vuelve a dar que hablar.\u00a0<\/p>\n<p>Jaime Pe\u00f1afiel fue uno de los protagonistas de la historia de la publicaci\u00f3n de la imagen y ahora ha contado en RTVE algunos detalles que quiz\u00e1 muchos desconozcan de c\u00f3mo se fragu\u00f3 la portada y qui\u00e9n intervino para que no saliese.\u00a0<\/p>\n<p>Ha contado el periodista experto en Casa Real que fue el por entonces presidente del Gobierno, Felipe Gonz\u00e1lez, quien le dijo que no era apropiado sacar esa imagen del dictador.\u00a0<\/p>\n<p>\u00abFelipe Gonz\u00e1lez, que era presidente del Gobierno, me llam\u00f3 indignado. <b>\u00bfC\u00f3mo t\u00fa has podido publicar esa foto?<\/b> \u00bfT\u00fa hubieras publicado una foto de tu padre? Le dije presidente, mi padre no era Jefe de Estado. Esa pregunta es absurda\u00bb, ha relatado ahora el periodista de 93 a\u00f1os.\u00a0<\/p>\n<p>En el mismo programa hablan otros rostros conocidos de la \u00e9poca como el periodista Mariano S\u00e1nchez Soler, que ha afirmado que es \u00abun testimonio de la agon\u00eda y el sufrimiento al que sometieron sus familiares a ese anciano\u00bb que \u00abten\u00eda m\u00e1s de 10 tubos y estaba sondado por todos lados\u00bb.\u00a0<\/p>\n<p>El historiador Juli\u00e1n Casanovas ha a\u00f1adido que esa fotograf\u00eda <b>\u00abpuede dar morbo\u00bb pero que \u00abno explica cosas que no sepamos en absoluto\u00bb.\u00a0<\/b><\/p>\n","protected":false},"excerpt":{"rendered":"Este 2025 se cumplen 50 a\u00f1os de la muerte de Francisco Franco y en RTVE han hecho un&hellip;\n","protected":false},"author":2,"featured_media":221776,"comment_status":"","ping_status":"","sticky":false,"template":"","format":"standard","meta":{"footnotes":""},"categories":[8],"tags":[17,18,25,24,13,14,51587,11,58953,19,20,9,10,15,16,23,12,21,22],"class_list":{"0":"post-221775","1":"post","2":"type-post","3":"status-publish","4":"format-standard","5":"has-post-thumbnail","7":"category-espana","8":"tag-breaking-news","9":"tag-breakingnews","10":"tag-es","11":"tag-espana","12":"tag-featured-news","13":"tag-featurednews","14":"tag-felipe-gonzalez","15":"tag-headlines","16":"tag-jaime-penafiel","17":"tag-latest-news","18":"tag-latestnews","19":"tag-news","20":"tag-noticias","21":"tag-noticias-destacadas","22":"tag-noticiasdestacadas","23":"tag-spain","24":"tag-titulares","25":"tag-ultimas-noticias","26":"tag-ultimasnoticias"},"share_on_mastodon":{"url":"https:\/\/pubeurope.com\/@es\/115503441202512206","error":""},"_links":{"self":[{"href":"https:\/\/www.europesays.com\/es\/wp-json\/wp\/v2\/posts\/221775","targetHints":{"allow":["GET"]}}],"collection":[{"href":"https:\/\/www.europesays.com\/es\/wp-json\/wp\/v2\/posts"}],"about":[{"href":"https:\/\/www.europesays.com\/es\/wp-json\/wp\/v2\/types\/post"}],"author":[{"embeddable":true,"href":"https:\/\/www.europesays.com\/es\/wp-json\/wp\/v2\/users\/2"}],"replies":[{"embeddable":true,"href":"https:\/\/www.europesays.com\/es\/wp-json\/wp\/v2\/comments?post=221775"}],"version-history":[{"count":0,"href":"https:\/\/www.europesays.com\/es\/wp-json\/wp\/v2\/posts\/221775\/revisions"}],"wp:featuredmedia":[{"embeddable":true,"href":"https:\/\/www.europesays.com\/es\/wp-json\/wp\/v2\/media\/221776"}],"wp:attachment":[{"href":"https:\/\/www.europesays.com\/es\/wp-json\/wp\/v2\/media?parent=221775"}],"wp:term":[{"taxonomy":"category","embeddable":true,"href":"https:\/\/www.europesays.com\/es\/wp-json\/wp\/v2\/categories?post=221775"},{"taxonomy":"post_tag","embeddable":true,"href":"https:\/\/www.europesays.com\/es\/wp-json\/wp\/v2\/tags?post=221775"}],"curies":[{"name":"wp","href":"https:\/\/api.w.org\/{rel}","templated":true}]}}