{"id":221779,"date":"2025-11-06T15:30:29","date_gmt":"2025-11-06T15:30:29","guid":{"rendered":"https:\/\/www.europesays.com\/es\/221779\/"},"modified":"2025-11-06T15:30:29","modified_gmt":"2025-11-06T15:30:29","slug":"el-navarro-mikel-azcona-ruiz-se-clasifica-a-la-final-del-viernes-en-el-campeonato-del-mundo-de-trailbici-en-arabia-saudi","status":"publish","type":"post","link":"https:\/\/www.europesays.com\/es\/221779\/","title":{"rendered":"El navarro Mikel Azcona Ruiz se clasifica a la final del viernes en el Campeonato del Mundo de Trailbici en Arabia Saud\u00ed"},"content":{"rendered":"<p>\n        El piloto navarro <strong>Mikel Azcona Ruiz,<\/strong> del <strong>Club Lizartrial, <\/strong> se ha clasificado este mi\u00e9rcoles <strong>en primera posici\u00f3n<\/strong> para la <strong>final del Campeonato del Mundo de Trailbici <\/strong>que se disputa desde el pasado martes en Riad, Arabia Saud\u00ed. El navarro, que se proclam\u00f3 <strong>campe\u00f3n por equipo el martes,<\/strong> disputar\u00e1 la final individual <strong>este viernes en categor\u00eda junior rueda de 26 pulgadas.<\/strong>\n<\/p>\n<p class=\"article-body__text \">\n        La semifinal ha empezado a las 10.00 hora local y ya apretaba fuerte el calor en Riad. Como siempre, el despertador suena unas 3 horas antes, buen desayuno, activar el cuerpo y m\u00e1xima concentraci\u00f3n para afrontar una semifinal con zonas muy largas en un circuito espectacular con <strong>arena, palmeras, agua, cajones de madera, contrapesos, letras y postes.<\/strong> <strong>Ten\u00eda 1 hora y 45 minutos para hacer 3 vueltas a las 5 zonas.<\/strong> Ha empezado bien pero en la zona 5 de la primera vuelta el freno trasero lo ten\u00eda sucio de la arena y ha <strong>\u00abhecho un cero\u00bb.<\/strong> A\u00fan as\u00ed, estaba en tercera posici\u00f3n. En la segunda vuelta ha recuperado algo, aunque el excesivo calor del desierto ha hecho que la condici\u00f3n f\u00edsica tambi\u00e9n haya influido en la puntuaci\u00f3n individual de muchos pilotos. Mikel ha optado por la t\u00e1ctica de <strong>no desgastar demasiado<\/strong> asegurando la <strong>m\u00e1xima puntuaci\u00f3n<\/strong> y llegar a la tercera vuelta en muy buenas condiciones. Y efectivamente ha demostrado ser la mejor manera ya que  <strong>se ha clasificado en primera posici\u00f3n<\/strong> para la final del viernes. Su mejor vuelta ha sido la tercera consiguiendo <strong>260 de los 300 puntos posibles.<\/strong>\u00a0\n<\/p>\n<p class=\"article-body__text \">\n        En la gran cita del viernes los 6 mejores pilotos de las semifinales, <strong>salen en orden inverso a la clasificaci\u00f3n<\/strong> de este mi\u00e9rcoles. La competici\u00f3n es uno a uno y solo es <strong>a una vuelta.<\/strong> Para bien o para mal, <strong>Mikel saldra el \u00faltimo y ya conocer\u00e1 las puntuaciones de sus rivales.<\/strong> Est\u00e1 final es el d\u00eda 7 a las <strong>17:30 hora local (dos horas menos en Espa\u00f1a).<\/strong>\u00a0<\/p>\n","protected":false},"excerpt":{"rendered":"El piloto navarro Mikel Azcona Ruiz, del Club Lizartrial, se ha clasificado este mi\u00e9rcoles en primera posici\u00f3n para&hellip;\n","protected":false},"author":2,"featured_media":221780,"comment_status":"","ping_status":"","sticky":false,"template":"","format":"standard","meta":{"footnotes":""},"categories":[273],"tags":[28786,313,30474,312,168,25,24,5484,3403,5106,23,167],"class_list":{"0":"post-221779","1":"post","2":"type-post","3":"status-publish","4":"format-standard","5":"has-post-thumbnail","7":"category-ciclismo","8":"tag-azcona","9":"tag-ciclismo","10":"tag-clasifica","11":"tag-cycling","12":"tag-deportes","13":"tag-es","14":"tag-espana","15":"tag-mikel","16":"tag-navarro","17":"tag-ruiz","18":"tag-spain","19":"tag-sports"},"share_on_mastodon":{"url":"https:\/\/pubeurope.com\/@es\/115503472516956099","error":""},"_links":{"self":[{"href":"https:\/\/www.europesays.com\/es\/wp-json\/wp\/v2\/posts\/221779","targetHints":{"allow":["GET"]}}],"collection":[{"href":"https:\/\/www.europesays.com\/es\/wp-json\/wp\/v2\/posts"}],"about":[{"href":"https:\/\/www.europesays.com\/es\/wp-json\/wp\/v2\/types\/post"}],"author":[{"embeddable":true,"href":"https:\/\/www.europesays.com\/es\/wp-json\/wp\/v2\/users\/2"}],"replies":[{"embeddable":true,"href":"https:\/\/www.europesays.com\/es\/wp-json\/wp\/v2\/comments?post=221779"}],"version-history":[{"count":0,"href":"https:\/\/www.europesays.com\/es\/wp-json\/wp\/v2\/posts\/221779\/revisions"}],"wp:featuredmedia":[{"embeddable":true,"href":"https:\/\/www.europesays.com\/es\/wp-json\/wp\/v2\/media\/221780"}],"wp:attachment":[{"href":"https:\/\/www.europesays.com\/es\/wp-json\/wp\/v2\/media?parent=221779"}],"wp:term":[{"taxonomy":"category","embeddable":true,"href":"https:\/\/www.europesays.com\/es\/wp-json\/wp\/v2\/categories?post=221779"},{"taxonomy":"post_tag","embeddable":true,"href":"https:\/\/www.europesays.com\/es\/wp-json\/wp\/v2\/tags?post=221779"}],"curies":[{"name":"wp","href":"https:\/\/api.w.org\/{rel}","templated":true}]}}