{"id":221811,"date":"2025-11-06T15:54:13","date_gmt":"2025-11-06T15:54:13","guid":{"rendered":"https:\/\/www.europesays.com\/es\/221811\/"},"modified":"2025-11-06T15:54:13","modified_gmt":"2025-11-06T15:54:13","slug":"los-misterios-del-caso-oier-lazkano-y-las-diferencias-con-antonio-carvalho","status":"publish","type":"post","link":"https:\/\/www.europesays.com\/es\/221811\/","title":{"rendered":"Los misterios del caso Oier Lazkano y las diferencias con Antonio Carvalho"},"content":{"rendered":"<p>La Uni\u00f3n Ciclista Internacional ha comunicado en las \u00faltimas horas la decisi\u00f3n de abrir expedientes sancionadores contra dos ciclistas tras haber detectado irregularidades en sus respectivos pasaportes biol\u00f3gicos: Oier Lazkano y Antonio Carvalho son los tristes protagonistas de estas noticias. Pero hay diferencias entre ambos casos. Y m\u00e1s que significativas.<\/p>\n<p>El caso del ciclista portugu\u00e9s <strong>Antonio Carvalho<\/strong> parece seguir un patr\u00f3n convencional: an\u00e1lisis de las muestras sangu\u00edneas, constataci\u00f3n de la existencia de irregularidades en los valores sangu\u00edneos, env\u00edo de un informe al deportista, espera de la respuesta del ciclista y, posteriormente, un nuevo informe en el que se abre el expediente sancionador al entender que la respuesta del corredor no es contundente.<\/p>\n<p>En cambio, en el caso de <strong>Oier Lazkano<\/strong> vivimos una situaci\u00f3n diferente. Seg\u00fan explicaron El Pa\u00eds y ABC, el caso sigue los mismos pasos que los detallados para Antonio Carvalho, pero existe una diferencia: la Agencia Antidopaje solicit\u00f3 ayuda a la <strong>UCO (Guardia Civil)<\/strong> y fueron estos agentes los que viajaron hasta Andorra para solicitar al corredor que entregase su m\u00f3vil y su ordenador, algo que entendemos que necesitar\u00eda tambi\u00e9n de una autorizaci\u00f3n extraordinaria por parte de las autoridades andorranas y de autoridades judiciales.<\/p>\n<p>Por tanto, hablamos de un caso que de una forma u otra debe estar judicializado o amparado por una legislaci\u00f3n superior a la meramente deportiva, puesto que supone la entrada en escena de polic\u00edas, de trabajo policial espa\u00f1ol en otro pa\u00eds y de solicitud de entrega de dispositivos. Por cierto, ABC confirma que en los dispositivos no se encontr\u00f3 nada que a\u00f1adiera indicios claros a las cuatro irregularidades detectadas en 2024, 2023 y 2022. Pero lo que es evidente es que en el caso Lazkano hemos visto mucho <strong>m\u00e1s trabajo de las autoridades antidopaje e incluso policiales (\u00bfy tambi\u00e9n judiciales?) de lo que suele ser habitual<\/strong>.<\/p>\n","protected":false},"excerpt":{"rendered":"La Uni\u00f3n Ciclista Internacional ha comunicado en las \u00faltimas horas la decisi\u00f3n de abrir expedientes sancionadores contra dos&hellip;\n","protected":false},"author":2,"featured_media":221812,"comment_status":"","ping_status":"","sticky":false,"template":"","format":"standard","meta":{"footnotes":""},"categories":[273],"tags":[313,312,168,25,24,23,167],"class_list":{"0":"post-221811","1":"post","2":"type-post","3":"status-publish","4":"format-standard","5":"has-post-thumbnail","7":"category-ciclismo","8":"tag-ciclismo","9":"tag-cycling","10":"tag-deportes","11":"tag-es","12":"tag-espana","13":"tag-spain","14":"tag-sports"},"share_on_mastodon":{"url":"https:\/\/pubeurope.com\/@es\/115503566910355931","error":""},"_links":{"self":[{"href":"https:\/\/www.europesays.com\/es\/wp-json\/wp\/v2\/posts\/221811","targetHints":{"allow":["GET"]}}],"collection":[{"href":"https:\/\/www.europesays.com\/es\/wp-json\/wp\/v2\/posts"}],"about":[{"href":"https:\/\/www.europesays.com\/es\/wp-json\/wp\/v2\/types\/post"}],"author":[{"embeddable":true,"href":"https:\/\/www.europesays.com\/es\/wp-json\/wp\/v2\/users\/2"}],"replies":[{"embeddable":true,"href":"https:\/\/www.europesays.com\/es\/wp-json\/wp\/v2\/comments?post=221811"}],"version-history":[{"count":0,"href":"https:\/\/www.europesays.com\/es\/wp-json\/wp\/v2\/posts\/221811\/revisions"}],"wp:featuredmedia":[{"embeddable":true,"href":"https:\/\/www.europesays.com\/es\/wp-json\/wp\/v2\/media\/221812"}],"wp:attachment":[{"href":"https:\/\/www.europesays.com\/es\/wp-json\/wp\/v2\/media?parent=221811"}],"wp:term":[{"taxonomy":"category","embeddable":true,"href":"https:\/\/www.europesays.com\/es\/wp-json\/wp\/v2\/categories?post=221811"},{"taxonomy":"post_tag","embeddable":true,"href":"https:\/\/www.europesays.com\/es\/wp-json\/wp\/v2\/tags?post=221811"}],"curies":[{"name":"wp","href":"https:\/\/api.w.org\/{rel}","templated":true}]}}