{"id":221855,"date":"2025-11-06T16:24:19","date_gmt":"2025-11-06T16:24:19","guid":{"rendered":"https:\/\/www.europesays.com\/es\/221855\/"},"modified":"2025-11-06T16:24:19","modified_gmt":"2025-11-06T16:24:19","slug":"la-nueva-serie-del-actor-de-suenos-de-libertad-y-la-caza-irati-que-engancha-mas-que-cualquier-telenovela","status":"publish","type":"post","link":"https:\/\/www.europesays.com\/es\/221855\/","title":{"rendered":"La nueva serie del actor de &#8216;Sue\u00f1os de Libertad&#8217; y &#8216;La Caza Irati&#8217; que engancha m\u00e1s que cualquier telenovela"},"content":{"rendered":"<p data-journey-content=\"true\" data-node-id=\"3\" class=\"css-6wxqfj emevuu60\">Dej\u00f3 &#8216;<a href=\"https:\/\/www.diezminutos.es\/suenos-de-libertad\/\" target=\"_blank\" data-vars-ga-outbound-link=\"https:\/\/www.diezminutos.es\/suenos-de-libertad\/\" data-vars-ga-ux-element=\"Hyperlink\" data-vars-ga-call-to-action=\"Sue\u00f1os de Libertad\" data-node-id=\"3.1\" class=\"body-link css-177bzfx emevuu60\" rel=\"nofollow noopener\">Sue\u00f1os de Libertad<\/a>&#8216; por el deseo de pasar m\u00e1s tiempo con su familia despu\u00e9s de pasar un a\u00f1o fuera de casa por la grabaci\u00f3n, pero le hemos podido ver en &#8216;<a href=\"https:\/\/www.diezminutos.es\/teleprograma\/series-tv\/a68126599\/megan-montaner-alain-hernandez-serie-casi-coinciden-antes-la-caza\/\" target=\"_blank\" data-vars-ga-outbound-link=\"https:\/\/www.diezminutos.es\/teleprograma\/series-tv\/a68126599\/megan-montaner-alain-hernandez-serie-casi-coinciden-antes-la-caza\/\" data-vars-ga-ux-element=\"Hyperlink\" data-vars-ga-call-to-action=\"La Caza Irati\" data-node-id=\"3.3\" class=\"body-link css-177bzfx emevuu60\" rel=\"nofollow noopener\">La Caza Irati<\/a>&#8216; de Movistar Plus, la nueva entrega de la serie protagonizada por Megan Montaner, y que es una de <a href=\"https:\/\/www.diezminutos.es\/teleprograma\/series-tv\/a65251598\/megan-montaner-la-caza-serie-completa-movistar-plus\/\" target=\"_blank\" data-vars-ga-outbound-link=\"https:\/\/www.diezminutos.es\/teleprograma\/series-tv\/a65251598\/megan-montaner-la-caza-serie-completa-movistar-plus\/\" data-vars-ga-ux-element=\"Hyperlink\" data-vars-ga-call-to-action=\"las mejores series del a\u00f1o\" data-node-id=\"3.5\" class=\"body-link css-177bzfx emevuu60\" rel=\"nofollow noopener\">las mejores series del a\u00f1o<\/a>. Sin embargo, a pesar de que <a href=\"https:\/\/www.diezminutos.es\/teleprograma\/series-tv\/a68030826\/alain-hernandez-suenos-de-libertad-motivo-marcha-serie\/\" target=\"_blank\" data-vars-ga-outbound-link=\"https:\/\/www.diezminutos.es\/teleprograma\/series-tv\/a68030826\/alain-hernandez-suenos-de-libertad-motivo-marcha-serie\/\" data-vars-ga-ux-element=\"Hyperlink\" data-vars-ga-call-to-action=\"Alain Hern\u00e1ndez dej\u00f3 &#039;Sue\u00f1os de Libertad&#039; por motivos personales\" data-node-id=\"3.7\" class=\"body-link css-177bzfx emevuu60\" rel=\"nofollow noopener\">Alain Hern\u00e1ndez dej\u00f3 &#8216;Sue\u00f1os de Libertad&#8217; por motivos personales<\/a>, ser\u00e1 uno de los protagonistas de la nueva serie de Antena 3, que es una <a href=\"https:\/\/www.diezminutos.es\/teleprograma\/series-tv\/a63663968\/sonsoles-onega-descubre-actriz-protagonista-serie-las-hijas-de-la-criada\/\" target=\"_blank\" data-vars-ga-outbound-link=\"https:\/\/www.diezminutos.es\/teleprograma\/series-tv\/a63663968\/sonsoles-onega-descubre-actriz-protagonista-serie-las-hijas-de-la-criada\/\" data-vars-ga-ux-element=\"Hyperlink\" data-vars-ga-call-to-action=\"adaptaci\u00f3n de la novela de Sonsoles \u00d3nega\" data-node-id=\"3.9\" class=\"body-link css-177bzfx emevuu60\" rel=\"nofollow noopener\">adaptaci\u00f3n de la novela de Sonsoles \u00d3nega<\/a>, la presentadora de &#8216;<a href=\"https:\/\/www.diezminutos.es\/y-ahora-sonsoles\/\" target=\"_blank\" data-vars-ga-outbound-link=\"https:\/\/www.diezminutos.es\/y-ahora-sonsoles\/\" data-vars-ga-ux-element=\"Hyperlink\" data-vars-ga-call-to-action=\"Y ahora Sonsoles\" data-node-id=\"3.11\" class=\"body-link css-177bzfx emevuu60\" rel=\"nofollow noopener\">Y ahora Sonsoles<\/a>&#8216;.<\/p>\n<p data-journey-content=\"true\" data-node-id=\"6\" class=\"css-6wxqfj emevuu60\">Si eres <a href=\"https:\/\/www.diezminutos.es\/telenovela\/espanolas\/a65461844\/telenovela-turca-fugitiva-fans-suenos-de-libertad-antena3\/\" target=\"_blank\" data-vars-ga-outbound-link=\"https:\/\/www.diezminutos.es\/telenovela\/espanolas\/a65461844\/telenovela-turca-fugitiva-fans-suenos-de-libertad-antena3\/\" data-vars-ga-ux-element=\"Hyperlink\" data-vars-ga-call-to-action=\"fan de las telenovelas como &#039;Sue\u00f1os de Libertad&#039;\" data-node-id=\"6.1\" class=\"body-link css-177bzfx emevuu60\" rel=\"nofollow noopener\">fan de las telenovelas como &#8216;Sue\u00f1os de Libertad&#8217;<\/a> o &#8216;<a href=\"https:\/\/www.diezminutos.es\/telenovela-la-promesa\/\" target=\"_blank\" data-vars-ga-outbound-link=\"https:\/\/www.diezminutos.es\/telenovela-la-promesa\/\" data-vars-ga-ux-element=\"Hyperlink\" data-vars-ga-call-to-action=\"La Promesa\" data-node-id=\"6.3\" class=\"body-link css-177bzfx emevuu60\" rel=\"nofollow noopener\">La Promesa<\/a>&#8216; o si te gust\u00f3 la reciente &#8216;<a href=\"https:\/\/www.diezminutos.es\/telenovela\/espanolas\/a65034812\/la-favorita-1922-serie-epoca-veronica-sanchez-creador-la-promesa-netflix\/\" target=\"_blank\" data-vars-ga-outbound-link=\"https:\/\/www.diezminutos.es\/telenovela\/espanolas\/a65034812\/la-favorita-1922-serie-epoca-veronica-sanchez-creador-la-promesa-netflix\/\" data-vars-ga-ux-element=\"Hyperlink\" data-vars-ga-call-to-action=\"La Favorita\" data-node-id=\"6.5\" class=\"body-link css-177bzfx emevuu60\" rel=\"nofollow noopener\">La Favorita<\/a>&#8216;, de Ver\u00f3nica S\u00e1nchez, tienes que estar atento a &#8216;<a href=\"https:\/\/www.diezminutos.es\/teleprograma\/series-tv\/a68127997\/las-hijas-de-la-criada-serie-epoca-sonsoles-onega-fecha-estreno\/\" target=\"_blank\" data-vars-ga-outbound-link=\"https:\/\/www.diezminutos.es\/teleprograma\/series-tv\/a68127997\/las-hijas-de-la-criada-serie-epoca-sonsoles-onega-fecha-estreno\/\" data-vars-ga-ux-element=\"Hyperlink\" data-vars-ga-call-to-action=\"Las hijas de la criada\" data-node-id=\"6.7\" class=\"body-link css-177bzfx emevuu60\" rel=\"nofollow noopener\">Las hijas de la criada<\/a>&#8216;, la serie de Atresmedia que se estrenar\u00e1 primero en la plataforma Atresplayer Premium <a href=\"https:\/\/www.diezminutos.es\/teleprograma\/series-tv\/a65977212\/las-hijas-de-la-criada-serie-sonsoles-onega-fecha-estreno\/\" target=\"_blank\" data-vars-ga-outbound-link=\"https:\/\/www.diezminutos.es\/teleprograma\/series-tv\/a65977212\/las-hijas-de-la-criada-serie-sonsoles-onega-fecha-estreno\/\" data-vars-ga-ux-element=\"Hyperlink\" data-vars-ga-call-to-action=\"el 30 de noviembre\" data-node-id=\"6.9\" class=\"body-link css-177bzfx emevuu60\" rel=\"nofollow noopener\">el 30 de noviembre<\/a>. <\/p>\n<p><img draggable=\"true\" alt=\"carlota baro y alain hernandez en las hijas de la criada\" title=\"Carlota Baro y Alain Hernandez en Las hijas de la criada\" loading=\"lazy\" width=\"5299\" height=\"3000\" decoding=\"async\" data-nimg=\"1\" style=\"color:transparent;width:100%;height:auto;\"   src=\"https:\/\/www.europesays.com\/es\/wp-content\/uploads\/2025\/09\/las-hijas-de-la-criada-carlota-baro-y-alain-hernandez-68b012878c96c.jpg\" class=\"css-0 e1g79fud0\"\/><\/p>\n<p>Atresmedia<\/p>\n<p>&#8216;Las hijas de la criada&#8217; es la pr\u00f3xima serie de Alain Hern\u00e1ndez despu\u00e9s de &#8216;Sue\u00f1os de Libertad&#8217; y &#8216;La Caza Irati&#8217;<\/p>\n<p data-journey-content=\"true\" data-node-id=\"10\" class=\"css-6wxqfj emevuu60\">Desde <strong data-node-id=\"10.1\">el domingo 30 de noviembre, ser\u00e1 posible disfrutar del primer episodio de &#8216;Las hijas de la criada&#8217;<\/strong>, donde por fin conoceremos a In\u00e9s (<strong data-node-id=\"10.3\">Ver\u00f3nica S\u00e1nchez<\/strong>, <a href=\"https:\/\/www.diezminutos.es\/teleprograma\/series-tv\/a64173236\/veronica-sanchez-serie-la-favorita-1922-las-hijas-de-la-criada-sonsoles-onega\/\" target=\"_blank\" data-vars-ga-outbound-link=\"https:\/\/www.diezminutos.es\/teleprograma\/series-tv\/a64173236\/veronica-sanchez-serie-la-favorita-1922-las-hijas-de-la-criada-sonsoles-onega\/\" data-vars-ga-ux-element=\"Hyperlink\" data-vars-ga-call-to-action=\"&#039;La Favorita 1922&#039;\" data-node-id=\"10.5\" data-mrf-link=\"https:\/\/www.diezminutos.es\/teleprograma\/series-tv\/a64173236\/veronica-sanchez-serie-la-favorita-1922-las-hijas-de-la-criada-sonsoles-onega\/\" data-mrf-recirculation-id=\"[Article] In Text Link_8\" class=\"body-link css-177bzfx emevuu60\" rel=\"nofollow noopener\">&#8216;La Favorita 1922&#8217;<\/a>) y Renata (<strong data-node-id=\"10.7\">Carlota Bar\u00f3<\/strong>, <a href=\"https:\/\/www.diezminutos.es\/telenovela\/espanolas\/a65589535\/la-moderna-serie-epoca-carlota-baro-veronica-sanchez-sonsoles-onega-las-hijas-de-la-criada\/\" target=\"_blank\" data-vars-ga-outbound-link=\"https:\/\/www.diezminutos.es\/telenovela\/espanolas\/a65589535\/la-moderna-serie-epoca-carlota-baro-veronica-sanchez-sonsoles-onega-las-hijas-de-la-criada\/\" data-vars-ga-ux-element=\"Hyperlink\" data-vars-ga-call-to-action=\"&#039;La Moderna&#039;\" data-node-id=\"10.9\" data-mrf-link=\"https:\/\/www.diezminutos.es\/telenovela\/espanolas\/a65589535\/la-moderna-serie-epoca-carlota-baro-veronica-sanchez-sonsoles-onega-las-hijas-de-la-criada\/\" data-mrf-recirculation-id=\"[Article] In Text Link_9\" class=\"body-link css-177bzfx emevuu60\" rel=\"nofollow noopener\">&#8216;La Moderna&#8217;<\/a>), que, fruto de sus respectivas relaciones con Gustavo (<strong data-node-id=\"10.11\">Alain Hern\u00e1nde<\/strong><strong data-node-id=\"10.12\">z<\/strong>), quedan unidas para siempre a trav\u00e9s de sus hijas, Clara (<strong data-node-id=\"10.14\">Judith Fern\u00e1ndez<\/strong>, <a href=\"https:\/\/www.diezminutos.es\/telenovela\/espanolas\/a65898761\/acacias-38-serie-de-epoca-comparacion-la-promesa-tve\/\" target=\"_blank\" data-vars-ga-outbound-link=\"https:\/\/www.diezminutos.es\/telenovela\/espanolas\/a65898761\/acacias-38-serie-de-epoca-comparacion-la-promesa-tve\/\" data-vars-ga-ux-element=\"Hyperlink\" data-vars-ga-call-to-action=\"&#039;Acacias 38&#039;\" data-node-id=\"10.16\" data-mrf-link=\"https:\/\/www.diezminutos.es\/telenovela\/espanolas\/a65898761\/acacias-38-serie-de-epoca-comparacion-la-promesa-tve\/\" data-mrf-recirculation-id=\"[Article] In Text Link_10\" class=\"body-link css-177bzfx emevuu60\" rel=\"nofollow noopener\">&#8216;Acacias 38&#8217;<\/a>) y Catalina (<strong data-node-id=\"10.18\">Martina Cariddi<\/strong>, <a href=\"https:\/\/www.diezminutos.es\/teleprograma\/series-tv\/a36339906\/elite-temporada-4-nuevos-personajes\/\" target=\"_blank\" data-vars-ga-outbound-link=\"https:\/\/www.diezminutos.es\/teleprograma\/series-tv\/a36339906\/elite-temporada-4-nuevos-personajes\/\" data-vars-ga-ux-element=\"Hyperlink\" data-vars-ga-call-to-action=\"&#039;\u00c9lite&#039;\" data-node-id=\"10.20\" data-mrf-link=\"https:\/\/www.diezminutos.es\/teleprograma\/series-tv\/a36339906\/elite-temporada-4-nuevos-personajes\/\" data-mrf-recirculation-id=\"[Article] In Text Link_11\" class=\"body-link css-177bzfx emevuu60\" rel=\"nofollow noopener\">&#8216;\u00c9lite&#8217;<\/a>), aunque la \u00fanica que lo sabe sea Renata. Eso s\u00ed, <strong data-node-id=\"10.22\">para ver los otros 7 restantes, habr\u00e1 que esperar pacientemente a su lanzamiento cada domingo en Atresplayer<\/strong>, en los que tambi\u00e9n podremos disfrutar del buen hacer de algunos rostros ya populares en televisi\u00f3n <strong data-node-id=\"10.24\">Tomy Aguilera <\/strong>(<a href=\"https:\/\/www.diezminutos.es\/teleprograma\/series-tv\/a40042502\/bienvenidos-a-eden-reparto-netflix\/\" target=\"_blank\" data-vars-ga-outbound-link=\"https:\/\/www.diezminutos.es\/teleprograma\/series-tv\/a40042502\/bienvenidos-a-eden-reparto-netflix\/\" data-vars-ga-ux-element=\"Hyperlink\" data-vars-ga-call-to-action=\"&#039;Bienvenidos a Ed\u00e9n&#039;\" data-node-id=\"10.26\" data-mrf-link=\"https:\/\/www.diezminutos.es\/teleprograma\/series-tv\/a40042502\/bienvenidos-a-eden-reparto-netflix\/\" data-mrf-recirculation-id=\"[Article] In Text Link_12\" class=\"body-link css-177bzfx emevuu60\" rel=\"nofollow noopener\">&#8216;Bienvenidos a Ed\u00e9n&#8217;<\/a>), Alicia Armenteros, <strong data-node-id=\"10.28\">\u00c1lex Gadea<\/strong> (<a href=\"https:\/\/www.diezminutos.es\/teleprograma\/series-tv\/a64941592\/la-viuda-negra-caso-real-patraix-maje-netflix\/\" target=\"_blank\" data-vars-ga-outbound-link=\"https:\/\/www.diezminutos.es\/teleprograma\/series-tv\/a64941592\/la-viuda-negra-caso-real-patraix-maje-netflix\/\" data-vars-ga-ux-element=\"Hyperlink\" data-vars-ga-call-to-action=\"&#039;La viuda negra&#039;\" data-node-id=\"10.30\" data-mrf-link=\"https:\/\/www.diezminutos.es\/teleprograma\/series-tv\/a64941592\/la-viuda-negra-caso-real-patraix-maje-netflix\/\" data-mrf-recirculation-id=\"[Article] In Text Link_13\" class=\"body-link css-177bzfx emevuu60\" rel=\"nofollow noopener\">&#8216;La viuda negra&#8217;<\/a>), Alba Loureiro, <strong data-node-id=\"10.32\">\u00c1<\/strong><strong data-node-id=\"10.33\">lex Villaz\u00e1n<\/strong> (<a href=\"https:\/\/www.diezminutos.es\/teleprograma\/series-tv\/a42520933\/todas-las-veces-que-nos-enamoramos-reparto-estreno-netflix-serie\/\" target=\"_blank\" data-vars-ga-outbound-link=\"https:\/\/www.diezminutos.es\/teleprograma\/series-tv\/a42520933\/todas-las-veces-que-nos-enamoramos-reparto-estreno-netflix-serie\/\" data-vars-ga-ux-element=\"Hyperlink\" data-vars-ga-call-to-action=\"&#039;Todas las veces que nos enamoramos&#039;\" data-node-id=\"10.35\" data-mrf-link=\"https:\/\/www.diezminutos.es\/teleprograma\/series-tv\/a42520933\/todas-las-veces-que-nos-enamoramos-reparto-estreno-netflix-serie\/\" data-mrf-recirculation-id=\"[Article] In Text Link_14\" class=\"body-link css-177bzfx emevuu60\" rel=\"nofollow noopener\">&#8216;Todas las veces que nos enamoramos&#8217;<\/a>), <strong data-node-id=\"10.37\">Roque Ruiz<\/strong> (<a href=\"https:\/\/www.diezminutos.es\/teleprograma\/series-tv\/a65377915\/muertos-sl-netflix-temporada-3-donde-ver-completa\/\" target=\"_blank\" data-vars-ga-outbound-link=\"https:\/\/www.diezminutos.es\/teleprograma\/series-tv\/a65377915\/muertos-sl-netflix-temporada-3-donde-ver-completa\/\" data-vars-ga-ux-element=\"Hyperlink\" data-vars-ga-call-to-action=\"&#039;Muertos S.L.&#039;\" data-node-id=\"10.39\" data-mrf-link=\"https:\/\/www.diezminutos.es\/teleprograma\/series-tv\/a65377915\/muertos-sl-netflix-temporada-3-donde-ver-completa\/\" data-mrf-recirculation-id=\"[Article] In Text Link_15\" class=\"body-link css-177bzfx emevuu60\" rel=\"nofollow noopener\">&#8216;Muertos S.L.&#8217;<\/a>), Fran Nortes y <strong data-node-id=\"10.41\">Alejandro Vergara<\/strong> (<a href=\"https:\/\/www.diezminutos.es\/telenovela\/espanolas\/g44720731\/la-promesa-rtve-alejandro-vergara-series\/\" target=\"_blank\" data-vars-ga-outbound-link=\"https:\/\/www.diezminutos.es\/telenovela\/espanolas\/g44720731\/la-promesa-rtve-alejandro-vergara-series\/\" data-vars-ga-ux-element=\"Hyperlink\" data-vars-ga-call-to-action=\"&#039;La Promesa&#039;\" data-node-id=\"10.43\" data-mrf-link=\"https:\/\/www.diezminutos.es\/telenovela\/espanolas\/g44720731\/la-promesa-rtve-alejandro-vergara-series\/\" data-mrf-recirculation-id=\"[Article] In Text Link_16\" class=\"body-link css-177bzfx emevuu60\" rel=\"nofollow noopener\">&#8216;La Promesa&#8217;<\/a>), entre otros.<\/p>\n<p><img draggable=\"true\" alt=\"veronica sanchez y judith fernandez en las hijas de la criada\" title=\"Veronica Sanchez y Judith Fernandez en Las hijas de la criada\" loading=\"lazy\" width=\"4826\" height=\"3000\" decoding=\"async\" data-nimg=\"1\" style=\"color:transparent;width:100%;height:auto;\"   src=\"https:\/\/www.europesays.com\/es\/wp-content\/uploads\/2025\/11\/las-hijas-de-la-criada-veronica-sanchez-y-judith-fernandez-68b0128794f46.jpg\" class=\"css-0 e1g79fud0\"\/><\/p>\n<p>Atresmedia<\/p>\n<p data-journey-content=\"true\" data-node-id=\"15\" class=\"css-6wxqfj emevuu60\">In\u00e9s es la matriarca de los Vald\u00e9s, una familia pudiente que reside en un pazo gallego y con influencias en Cuba por su pasado colonial. Entre tanto, Renata es la criada. Curiosamente ambas quedar\u00e1n conectadas de por vida por amores prohibidos, traiciones, la lucha de clases, envidias y secretos y sus hijas, conectadas de alg\u00fan modo desde su nacimiento.<\/p>\n<p data-journey-content=\"true\" data-node-id=\"17\" class=\"css-6wxqfj emevuu60\">Este nuevo proyecto marca un regreso importante para Alain Hern\u00e1ndez, quien ha demostrado su talento en diferentes producciones a lo largo de su carrera como <a href=\"https:\/\/www.diezminutos.es\/teleprograma\/series-tv\/a44311850\/la-caza-serie-guadiana-netflix\/\" target=\"_blank\" data-vars-ga-outbound-link=\"https:\/\/www.diezminutos.es\/teleprograma\/series-tv\/a44311850\/la-caza-serie-guadiana-netflix\/\" data-vars-ga-ux-element=\"Hyperlink\" data-vars-ga-call-to-action=\"&#039;La caza&#039;, la serie espa\u00f1ola que arrasa en Netflix\" data-node-id=\"17.1\" data-mrf-link=\"https:\/\/www.diezminutos.es\/teleprograma\/series-tv\/a44311850\/la-caza-serie-guadiana-netflix\/\" data-mrf-recirculation-id=\"[Article] In Text Link_1\" class=\"body-link css-177bzfx emevuu60\" rel=\"nofollow noopener\">&#8216;La caza&#8217;, la serie espa\u00f1ola que arrasa en Netflix<\/a>.<\/p>\n<p><img src=\"https:\/\/www.europesays.com\/es\/wp-content\/uploads\/2025\/11\/1762446259_831_04c0b0af-4dfe-409a-8e0c-876f8f325877_1664867977.file\" alt=\"Headshot of Ignacio Herruzo Mart\u00ednez\" title=\"Headshot of Ignacio Herruzo Mart\u00ednez\" width=\"100%\" height=\"100%\" decoding=\"async\" loading=\"lazy\" class=\"css-o0wq4v ev8dhu53\"\/><\/p>\n<p>Ignacio es experto en cultura, pero desde hace m\u00e1s de 10 a\u00f1os se ha especializado en cine y series, tanto las que se estrenan en la gran pantalla como en las plataformas de streaming. Lo mismo te habla de los estrenos de Netflix, HBO Max o Amazon Prime Video, como que te cuenta la \u00faltima hora de \u2018Masterchef\u2019 o de cualquier otro programa de televisi\u00f3n. \u00a0\u00a0<\/p>\n<p>Con ya una larga experiencia como cr\u00edtico, conoce las mejores series y pel\u00edculas y le encanta verlas antes que t\u00fa para poder decirte si merecen la pena o no. Conoce todos los estrenos de la semana y le encanta recomendar series y pel\u00edculas a sus amigos, familiares y a los lectores, algo que ha ido haciendo en diferentes blogs personales y a trav\u00e9s de las redes sociales. Le gusta todo: sigue a grandes directores como Martin Scorsese, Quentin Tarantino o Steven Spielberg, y se sabe de memoria todo el universo de Marvel, Star Wars, El se\u00f1or de los anillos y el mundo Disney. \u00a0\u00a0\u00a0<\/p>\n<p>La cultura es su principal hobby y aunque se considera un cin\u00e9filo, tambi\u00e9n le encanta la m\u00fasica, sobre todo internacional, y los videojuegos, a los que dedica todo el tiempo que le deja el cine y las series, claro. El deporte es su otra pasi\u00f3n, que desarroll\u00f3 en sus inicios en el diario deportivo MARCA. \u00a0\u00a0Ignacio Herruzo es Graduado en Periodismo por la Universidad Rey Juan Carlos en 2012. Desde entonces no ha parado de escribir desde que comenz\u00f3 en 2013 en el grupo Hearst, donde ha ejercido de redactor en diferentes webs y revistas como Teleprograma, Supertele y Diez Minutos. \u00a0<\/p>\n","protected":false},"excerpt":{"rendered":"Dej\u00f3 &#8216;Sue\u00f1os de Libertad&#8216; por el deseo de pasar m\u00e1s tiempo con su familia despu\u00e9s de pasar un&hellip;\n","protected":false},"author":2,"featured_media":221856,"comment_status":"","ping_status":"","sticky":false,"template":"","format":"standard","meta":{"footnotes":""},"categories":[171],"tags":[253,146,147,25,24,23,214],"class_list":{"0":"post-221855","1":"post","2":"type-post","3":"status-publish","4":"format-standard","5":"has-post-thumbnail","7":"category-tv","8":"tag-discover","9":"tag-entertainment","10":"tag-entretenimiento","11":"tag-es","12":"tag-espana","13":"tag-spain","14":"tag-tv"},"share_on_mastodon":{"url":"https:\/\/pubeurope.com\/@es\/115503685345550498","error":""},"_links":{"self":[{"href":"https:\/\/www.europesays.com\/es\/wp-json\/wp\/v2\/posts\/221855","targetHints":{"allow":["GET"]}}],"collection":[{"href":"https:\/\/www.europesays.com\/es\/wp-json\/wp\/v2\/posts"}],"about":[{"href":"https:\/\/www.europesays.com\/es\/wp-json\/wp\/v2\/types\/post"}],"author":[{"embeddable":true,"href":"https:\/\/www.europesays.com\/es\/wp-json\/wp\/v2\/users\/2"}],"replies":[{"embeddable":true,"href":"https:\/\/www.europesays.com\/es\/wp-json\/wp\/v2\/comments?post=221855"}],"version-history":[{"count":0,"href":"https:\/\/www.europesays.com\/es\/wp-json\/wp\/v2\/posts\/221855\/revisions"}],"wp:featuredmedia":[{"embeddable":true,"href":"https:\/\/www.europesays.com\/es\/wp-json\/wp\/v2\/media\/221856"}],"wp:attachment":[{"href":"https:\/\/www.europesays.com\/es\/wp-json\/wp\/v2\/media?parent=221855"}],"wp:term":[{"taxonomy":"category","embeddable":true,"href":"https:\/\/www.europesays.com\/es\/wp-json\/wp\/v2\/categories?post=221855"},{"taxonomy":"post_tag","embeddable":true,"href":"https:\/\/www.europesays.com\/es\/wp-json\/wp\/v2\/tags?post=221855"}],"curies":[{"name":"wp","href":"https:\/\/api.w.org\/{rel}","templated":true}]}}