{"id":221873,"date":"2025-11-06T16:33:09","date_gmt":"2025-11-06T16:33:09","guid":{"rendered":"https:\/\/www.europesays.com\/es\/221873\/"},"modified":"2025-11-06T16:33:09","modified_gmt":"2025-11-06T16:33:09","slug":"la-jueza-de-la-dana-pide-el-tique-del-aparcamiento-donde-mazon-se-despidio-de-vilaplana-noticias-de-la-comunidad-valenciana","status":"publish","type":"post","link":"https:\/\/www.europesays.com\/es\/221873\/","title":{"rendered":"La jueza de la dana pide el tique del aparcamiento donde Maz\u00f3n se despidi\u00f3 de Vilaplana | Noticias de la Comunidad Valenciana"},"content":{"rendered":"<p class=\"\">La jueza de Catarroja (Valencia) <a href=\"https:\/\/elpais.com\/noticias\/gota-fria\/\" target=\"_self\" rel=\"nofollow noopener\" title=\"https:\/\/elpais.com\/noticias\/gota-fria\/\">que investiga penalmente la dana de 2024, Nuria Ruiz Tobarra<\/a>, ha pedido a la empresa que gestiona el c\u00e9ntrico aparcamiento de Valencia donde el president, Carlos Maz\u00f3n, del PP, se despidi\u00f3 el d\u00eda de la tragedia de la periodista Maribel Vilaplana, el tique que acredita a qu\u00e9 hora la informadora dej\u00f3 y recogi\u00f3 su veh\u00edculo, seg\u00fan una resoluci\u00f3n conocida este jueves. <\/p>\n<p class=\"\">La magistrada da tres d\u00edas a la firma Interparking Hispania S. A., que gestiona el aparcamiento Glorieta 24 horas, en la plaza Tetu\u00e1n de Valencia, para que entregue el \u201ctique, justificante o informe debidamente acreditado de la entrada y salida, el 29 de octubre de 2024, del veh\u00edculo de Maribel Vilaplana\u201d, seg\u00fan la providencia. <\/p>\n<p class=\"\">El movimiento se produce tras la declaraci\u00f3n del pasado lunes de la periodista en el juzgado que indaga la riada de 2024, que dej\u00f3 229 muertos. Durante su comparecencia como testigo, una condici\u00f3n que le oblig\u00f3 a decir la verdad, Vilaplana reconoci\u00f3 que carec\u00eda del tique del aparcamiento y se comprometi\u00f3 a dar su n\u00famero de matr\u00edcula para que la empresa que explota el establecimiento acreditara cu\u00e1ndo sac\u00f3 su coche. La periodista admiti\u00f3 que en esta instalaci\u00f3n se qued\u00f3 charlando con el president -previamente hab\u00edan hablado de f\u00fatbol, ella es consejera del Levante UD- y que este no le desvel\u00f3 d\u00f3nde se iba despu\u00e9s. <\/p>\n<p class=\"\">Tras una comida de casi cuatro horas (15.00-18.45) en el restaurante El Ventorro, en la que no se habl\u00f3 de la dana y que se desarroll\u00f3 mientras se desbordaba el barranco del Poyo, g\u00e9nesis de la mort\u00edfera cat\u00e1strofe natural, Maz\u00f3n y Vilaplana recorrieron los cinco minutos a pie que separan la casa de comidas del aparcamiento. Poco despu\u00e9s, a partir de las 18.57, se inici\u00f3 el periodo m\u00e1s enigm\u00e1tico de la jornada: 37 minutos en los que el president estuvo incomunicado y desaparecido. Todav\u00eda hoy no se sabe qu\u00e9 hizo el bar\u00f3n popular entre las 18.57 y las 19.34 horas. Maz\u00f3n no lleg\u00f3 al palau de la Generalitat hasta casi las 20.00 horas, tal y como adelant\u00f3 EL PA\u00cdS. <\/p>\n<p class=\"\">Once minutos despu\u00e9s de que el jefe del Consell aterrizara en la sede del Ejecutivo valenciano, el Cecopi -\u00f3rgano convocado por la Generalitat para coordinar la crisis- tomaba la decisi\u00f3n m\u00e1s relevante de la jornada, el env\u00edo de la alerta masiva a m\u00f3viles, que se col\u00f3 en los terminales a las 20.11 horas, cuando la mayor\u00eda de los desaparecidos ya hab\u00eda muerto. El mandatario lleg\u00f3 a este dispositivo de crisis, radicado en L\u2019Eliana (Valencia), a las 20.28 horas. <\/p>\n<p class=\"\">La versi\u00f3n de que Maz\u00f3n acompa\u00f1\u00f3 a Vilaplana al aparcamiento tras salir de El Ventorro supone el \u00faltimo giro de guion en un a\u00f1o en esta historia. La periodista ha modificado tres veces su relato sobre lo que pas\u00f3 durante la tarde que se inundaba Valencia. Un mes despu\u00e9s de la tromba, Vilaplana sostuvo que se despidi\u00f3 de Maz\u00f3n a las 17.45. Despu\u00e9s, se corrigi\u00f3 a s\u00ed misma en <a href=\"https:\/\/elpais.com\/espana\/2025-09-05\/la-periodista-que-comio-con-mazon-en-la-dana-se-siente-victima-de-una-campana-de-falsedades.html\" rel=\"nofollow noopener\" title=\"https:\/\/elpais.com\/espana\/2025-09-05\/la-periodista-que-comio-con-mazon-en-la-dana-se-siente-victima-de-una-campana-de-falsedades.html\" target=\"_blank\">una carta abierta<\/a> y dijo que fue una hora m\u00e1s tarde. Y, por \u00faltimo, tras conocer que la magistrada la citaba como testigo <a href=\"https:\/\/elpais.com\/espana\/comunidad-valenciana\/2025-10-31\/la-jueza-de-la-dana-pide-a-vilaplana-el-tique-del-parquin-donde-se-despidio-de-mazon.html\" rel=\"nofollow noopener\" title=\"https:\/\/elpais.com\/espana\/comunidad-valenciana\/2025-10-31\/la-jueza-de-la-dana-pide-a-vilaplana-el-tique-del-parquin-donde-se-despidio-de-mazon.html\" target=\"_blank\">se filtr\u00f3 que el president la acompa\u00f1\u00f3 al aparcamiento donde ten\u00eda su coche<\/a>. <\/p>\n<p class=\"\">La declaraci\u00f3n judicial del due\u00f1o de El Ventorro como testigo, que la jueza ha acordado esta semana, junto a la comparecencia de seis altos cargos del n\u00facleo duro de Maz\u00f3n, podr\u00edan aclarar esta imprecisa cronolog\u00eda. <\/p>\n<p class=\"\">La diligencia de la jueza de pedir el tique del aparcamiento se produce a ra\u00edz de la petici\u00f3n del abogado Joaqu\u00edn Esteve, que representa a tres v\u00edctimas. Este letrado propici\u00f3 hace dos semanas el auto de la Audiencia Provincial de Valencia que acord\u00f3 la declaraci\u00f3n como testigo de Vilaplana. La jueza instructora se hab\u00eda negado antes con el argumento de que supon\u00eda desplazar el foco de las pesquisas al president. Al estar aforado, el dirigente solo puede ser investigado por el Tribunal Superior de Justicia de la Comunidad Valenciana (TSJCV) tras la exposici\u00f3n razonada de la instructora. Pese a que la magistrada ha ofrecido tres veces al jefe del Consell el comod\u00edn de que comparezca voluntariamente como imputado, Maz\u00f3n se ha negado. <\/p>\n<p class=\"\">Tras un a\u00f1o de investigaci\u00f3n, la jueza de Catarroja mantiene imputados solo a dos exaltos cargos de la Generalitat: la consejera de Justicia e Interior durante la tromba, Salom\u00e9 Pradas, y quien fuera su segundo, el exdirector general de Emergencias, Emilio Arg\u00fceso. Para contener las cr\u00edticas, Maz\u00f3n destituy\u00f3 a ambos cuatro semanas despu\u00e9s de la desgracia natural. <\/p>\n","protected":false},"excerpt":{"rendered":"La jueza de Catarroja (Valencia) que investiga penalmente la dana de 2024, Nuria Ruiz Tobarra, ha pedido a&hellip;\n","protected":false},"author":2,"featured_media":221874,"comment_status":"","ping_status":"","sticky":false,"template":"","format":"standard","meta":{"footnotes":""},"categories":[8],"tags":[17,18,2007,12137,242,1681,25,24,13,14,238,11,2159,19,20,55219,9,10,15,16,23,12,493,21,22],"class_list":{"0":"post-221873","1":"post","2":"type-post","3":"status-publish","4":"format-standard","5":"has-post-thumbnail","7":"category-espana","8":"tag-breaking-news","9":"tag-breakingnews","10":"tag-carlos-mazon","11":"tag-catastrofes","12":"tag-comunidad-valenciana","13":"tag-dana","14":"tag-es","15":"tag-espana","16":"tag-featured-news","17":"tag-featurednews","18":"tag-generalitat-valenciana","19":"tag-headlines","20":"tag-jueces","21":"tag-latest-news","22":"tag-latestnews","23":"tag-maribel-vilaplana","24":"tag-news","25":"tag-noticias","26":"tag-noticias-destacadas","27":"tag-noticiasdestacadas","28":"tag-spain","29":"tag-titulares","30":"tag-tribunales","31":"tag-ultimas-noticias","32":"tag-ultimasnoticias"},"share_on_mastodon":{"url":"https:\/\/pubeurope.com\/@es\/115503720579730689","error":""},"_links":{"self":[{"href":"https:\/\/www.europesays.com\/es\/wp-json\/wp\/v2\/posts\/221873","targetHints":{"allow":["GET"]}}],"collection":[{"href":"https:\/\/www.europesays.com\/es\/wp-json\/wp\/v2\/posts"}],"about":[{"href":"https:\/\/www.europesays.com\/es\/wp-json\/wp\/v2\/types\/post"}],"author":[{"embeddable":true,"href":"https:\/\/www.europesays.com\/es\/wp-json\/wp\/v2\/users\/2"}],"replies":[{"embeddable":true,"href":"https:\/\/www.europesays.com\/es\/wp-json\/wp\/v2\/comments?post=221873"}],"version-history":[{"count":0,"href":"https:\/\/www.europesays.com\/es\/wp-json\/wp\/v2\/posts\/221873\/revisions"}],"wp:featuredmedia":[{"embeddable":true,"href":"https:\/\/www.europesays.com\/es\/wp-json\/wp\/v2\/media\/221874"}],"wp:attachment":[{"href":"https:\/\/www.europesays.com\/es\/wp-json\/wp\/v2\/media?parent=221873"}],"wp:term":[{"taxonomy":"category","embeddable":true,"href":"https:\/\/www.europesays.com\/es\/wp-json\/wp\/v2\/categories?post=221873"},{"taxonomy":"post_tag","embeddable":true,"href":"https:\/\/www.europesays.com\/es\/wp-json\/wp\/v2\/tags?post=221873"}],"curies":[{"name":"wp","href":"https:\/\/api.w.org\/{rel}","templated":true}]}}