{"id":221911,"date":"2025-11-06T17:03:11","date_gmt":"2025-11-06T17:03:11","guid":{"rendered":"https:\/\/www.europesays.com\/es\/221911\/"},"modified":"2025-11-06T17:03:11","modified_gmt":"2025-11-06T17:03:11","slug":"mariana-garcia-britos-corrio-20-kilometros-con-una-rueda-pinchada-pero-gano-el-gran-fondo-de-nueva-york-de-ciclismo-entre-colonia-y-cardona","status":"publish","type":"post","link":"https:\/\/www.europesays.com\/es\/221911\/","title":{"rendered":"Mariana Garc\u00eda Britos corri\u00f3 20 kil\u00f3metros con una rueda pinchada pero gan\u00f3 el Gran Fondo de Nueva York de ciclismo, entre Colonia y Cardona"},"content":{"rendered":"<p>\n\t\t\t\t\t\t\t5 de noviembre  2025 &#8211; 20:04hs\n\t\t\t\t\t<\/p>\n<p><strong> <a href=\"https:\/\/www.elobservador.com.uy\/polideportivo\/mariana-garcia-britos-hizo-1000-kilometros-manejando-corrio-una-prueba-ciclismo-cordoba-gano-se-llevo-casi-us-100-premio-cargo-nafta-y-la-aduana-casi-le-sacan-un-queso-que-se-compro-n6021107\" target=\"_blank\" rel=\"follow nofollow noopener\">Mariana Garc\u00eda Britos<\/a><\/strong> volvi\u00f3 a destacarse en el ciclismo femenino uruguayo al ganar el Gran Fondo de Nueva York, una prueba que se realiz\u00f3 el fin de semana en Uruguay y en varias partes del mundo y que cont\u00f3, en este caso, con la participaci\u00f3n de ciclistas de Venezuela, Brasil y Argentina. <\/p>\n<p>\t\t\t\t<img decoding=\"async\" class=\"stopper_img\" src=\"https:\/\/www.elobservador.com.uy\/css-custom\/362\/lazy.svg\" data-td-src-property=\"https:\/\/www.elobservador.com.uy\/css-custom\/elobservador\/images\/stopper_background_1-v2.png\" alt=\"stopper description\"\/>\t\t<\/p>\n<p>\t\t\t\t\t<img decoding=\"async\" class=\"stopper_img\" src=\"https:\/\/www.elobservador.com.uy\/css-custom\/362\/lazy.svg\" data-td-src-property=\"https:\/\/www.elobservador.com.uy\/css-custom\/elobservador\/images\/stopper_background_2-v2.png\" alt=\"stopper description\"\/>\t\t<\/p>\n<p>\t\t\t\t\t<img decoding=\"async\" class=\"stopper_img\" src=\"https:\/\/www.elobservador.com.uy\/css-custom\/362\/lazy.svg\" data-td-src-property=\"https:\/\/www.elobservador.com.uy\/css-custom\/elobservador\/images\/stopper_background_3-v2-desk.png\" alt=\"stopper description\"\/>\t\t\t\t<\/p>\n<p class=\"stopper_main-text\">\tEsta nota es exclusiva para suscriptores.\n\t\t\t\t\t<\/p>\n<p class=\"stopper_sub-text\">\tAcced\u00e9 ahora y sin l\u00edmites a toda la informaci\u00f3n.\n\t\t\t\t\t<\/p>\n<p>La competencia se realiz\u00f3 en <strong>un trazado de 125 kil\u00f3metros<\/strong>, bastante largo para lo que es el medio local, entre las ciudades de Colonia y Carmelo, en ida y vuelta, y con un tren controlado de 8 kil\u00f3metros. <\/p>\n<p><strong>\u00abEn los \u00faltimos 20 kil\u00f3metros pinch\u00e9<\/strong>, pero tengo un sistema de Tubeless que permiti\u00f3 que me quedaron en la cubierta  unas 15 libras, lo que me permiti\u00f3 llegar en llanta pero que la cubierta no se destalonara\u00bb, cont\u00f3 la mercedaria a Refer\u00ed. <\/p>\n<p>\u00abTuve que hacer un gran esfuerzo porque<strong> la bicicleta qued\u00f3 mucho m\u00e1s pesada, dif\u00edcil de manejar,<\/strong> sobre todo en las curvas, de mantenerme en un ritmo alto y llegar a escasos minutos de la punta de la general de hombres\u00bb, agreg\u00f3. <\/p>\n<p> Garc\u00eda Britos comparti\u00f3 el podio con <strong>Cecilia Caliabet y Julieta Moyano. <\/strong><\/p>\n<p><strong> En la rama masculina gan\u00f3 Lucas Gaday<\/strong> con los brasile\u00f1os \u00cdtalo Faleti y Roberto Rodrigues. <\/p>\n<p>\tSegu\u00ed leyendo\n\t\t\t<\/p>\n","protected":false},"excerpt":{"rendered":"5 de noviembre 2025 &#8211; 20:04hs Mariana Garc\u00eda Britos volvi\u00f3 a destacarse en el ciclismo femenino uruguayo al&hellip;\n","protected":false},"author":2,"featured_media":221912,"comment_status":"","ping_status":"","sticky":false,"template":"","format":"standard","meta":{"footnotes":""},"categories":[273],"tags":[313,312,168,25,24,23,167],"class_list":{"0":"post-221911","1":"post","2":"type-post","3":"status-publish","4":"format-standard","5":"has-post-thumbnail","7":"category-ciclismo","8":"tag-ciclismo","9":"tag-cycling","10":"tag-deportes","11":"tag-es","12":"tag-espana","13":"tag-spain","14":"tag-sports"},"share_on_mastodon":{"url":"https:\/\/pubeurope.com\/@es\/115503838596243190","error":""},"_links":{"self":[{"href":"https:\/\/www.europesays.com\/es\/wp-json\/wp\/v2\/posts\/221911","targetHints":{"allow":["GET"]}}],"collection":[{"href":"https:\/\/www.europesays.com\/es\/wp-json\/wp\/v2\/posts"}],"about":[{"href":"https:\/\/www.europesays.com\/es\/wp-json\/wp\/v2\/types\/post"}],"author":[{"embeddable":true,"href":"https:\/\/www.europesays.com\/es\/wp-json\/wp\/v2\/users\/2"}],"replies":[{"embeddable":true,"href":"https:\/\/www.europesays.com\/es\/wp-json\/wp\/v2\/comments?post=221911"}],"version-history":[{"count":0,"href":"https:\/\/www.europesays.com\/es\/wp-json\/wp\/v2\/posts\/221911\/revisions"}],"wp:featuredmedia":[{"embeddable":true,"href":"https:\/\/www.europesays.com\/es\/wp-json\/wp\/v2\/media\/221912"}],"wp:attachment":[{"href":"https:\/\/www.europesays.com\/es\/wp-json\/wp\/v2\/media?parent=221911"}],"wp:term":[{"taxonomy":"category","embeddable":true,"href":"https:\/\/www.europesays.com\/es\/wp-json\/wp\/v2\/categories?post=221911"},{"taxonomy":"post_tag","embeddable":true,"href":"https:\/\/www.europesays.com\/es\/wp-json\/wp\/v2\/tags?post=221911"}],"curies":[{"name":"wp","href":"https:\/\/api.w.org\/{rel}","templated":true}]}}