{"id":221915,"date":"2025-11-06T17:06:11","date_gmt":"2025-11-06T17:06:11","guid":{"rendered":"https:\/\/www.europesays.com\/es\/221915\/"},"modified":"2025-11-06T17:06:11","modified_gmt":"2025-11-06T17:06:11","slug":"fc-barcelona-entrenamiento-de-recuperacion-en-el-gimnasio-tras-el-empate-en-brujas","status":"publish","type":"post","link":"https:\/\/www.europesays.com\/es\/221915\/","title":{"rendered":"FC Barcelona | Entrenamiento de recuperaci\u00f3n en el gimnasio tras el empate en Brujas"},"content":{"rendered":"<p class=\"ft-text\">El Bar\u00e7a ha regresado este jueves a los entrenamientos tras el empate a tres ante el Brujas. La expedici\u00f3n azulgrana aterriz\u00f3 en el aeropuerto del Prat <strong>cerca de las 3:00 de la madrugada<\/strong> \u2014una hora m\u00e1s tarde de lo previsto pues hab\u00eda que esperar a un Eric Garcia que pasaba pruebas en el Hospital de Brujas\u2014 y Hansi Flick, consciente del cansancio acumulado, <strong>decidi\u00f3 retrasar el entrenamiento una hora, program\u00e1ndolo para las 12:00 del mediod\u00eda en lugar de las 11:00 habituales.<\/strong><\/p>\n<p class=\"ft-text\">La sesi\u00f3n, a causa del desgaste de ayer, <strong>ha sido muy suave y de recuperaci\u00f3n.<\/strong> De hecho, la gran mayor\u00eda de jugadores se ha quedado en el gimnasio realizando trabajo regenerativo, mientras que un grupo reducido de futbolistas \u2014los que no tuvieron minutos o fueron suplentes en B\u00e9lgica\u2014 ha saltado al c\u00e9sped para completar una sesi\u00f3n m\u00e1s ligera.<\/p>\n<p>Pendientes de Eric Garcia<\/p>\n<p class=\"ft-text\">La atenci\u00f3n en el d\u00eda de hoy, l\u00f3gicamente<strong>, est\u00e1 fijada en Eric Garc\u00eda.<\/strong> El central pas\u00f3 pruebas m\u00e9dicas anoche para confirmar el alcance de la lesi\u00f3n y esta ma\u00f1ana, como hemos contado en Sport, los servicios m\u00e9dicos del club han revisado con detalle el informe recibido desde B\u00e9lgica. <strong>Est\u00e1 previsto que el Bar\u00e7a emita un comunicado oficial en las pr\u00f3ximas informando sobre el alcance exacto de la lesi\u00f3n. <\/strong><\/p>\n<p class=\"ft-text\">Aunque parece dif\u00edcil, no se descarta que Eric<strong> pueda jugar en los pr\u00f3ximos partidos con una m\u00e1scara protectora,<\/strong> algo que ya han hecho otros futbolistas en situaciones similares, como Pau Cubars\u00ed, que disput\u00f3 varios encuentros con una protecci\u00f3n facial tras un corte en la cara.<\/p>\n<p class=\"ft-text\">Tras la sesi\u00f3n de hoy, ma\u00f1ana el equipo celebrar\u00e1 un entrenamiento a puertas abiertas en el Spotify Camp Nou, <strong>al que asistir\u00e1n unos 23.000 aficionados.<\/strong> El Bar\u00e7a anunci\u00f3 ayer que ha vendido todas las entradas, por lo que se espera una aut\u00e9ntica fiesta con todos los aficionados presentes despu\u00e9s de mucho tiempo esperando el regresos.<strong> Ya el viernes, el Bar\u00e7a pondr\u00e1 el foco en el partido del domingo ante el Celta en Bala\u00eddos,<\/strong> un estadio siempre exigente para los azulgranas.<\/p>\n","protected":false},"excerpt":{"rendered":"El Bar\u00e7a ha regresado este jueves a los entrenamientos tras el empate a tres ante el Brujas. La&hellip;\n","protected":false},"author":2,"featured_media":221916,"comment_status":"","ping_status":"","sticky":false,"template":"","format":"standard","meta":{"footnotes":""},"categories":[268],"tags":[2296,27351,1241,168,8346,10445,25,24,280,282,29126,281,23,167],"class_list":{"0":"post-221915","1":"post","2":"type-post","3":"status-publish","4":"format-standard","5":"has-post-thumbnail","7":"category-futbol","8":"tag-barca","9":"tag-brujas","10":"tag-champions-league","11":"tag-deportes","12":"tag-entrenamiento","13":"tag-eric-garcia","14":"tag-es","15":"tag-espana","16":"tag-football","17":"tag-futbol","18":"tag-gimnasio","19":"tag-soccer","20":"tag-spain","21":"tag-sports"},"share_on_mastodon":{"url":"https:\/\/pubeurope.com\/@es\/115503850092352439","error":""},"_links":{"self":[{"href":"https:\/\/www.europesays.com\/es\/wp-json\/wp\/v2\/posts\/221915","targetHints":{"allow":["GET"]}}],"collection":[{"href":"https:\/\/www.europesays.com\/es\/wp-json\/wp\/v2\/posts"}],"about":[{"href":"https:\/\/www.europesays.com\/es\/wp-json\/wp\/v2\/types\/post"}],"author":[{"embeddable":true,"href":"https:\/\/www.europesays.com\/es\/wp-json\/wp\/v2\/users\/2"}],"replies":[{"embeddable":true,"href":"https:\/\/www.europesays.com\/es\/wp-json\/wp\/v2\/comments?post=221915"}],"version-history":[{"count":0,"href":"https:\/\/www.europesays.com\/es\/wp-json\/wp\/v2\/posts\/221915\/revisions"}],"wp:featuredmedia":[{"embeddable":true,"href":"https:\/\/www.europesays.com\/es\/wp-json\/wp\/v2\/media\/221916"}],"wp:attachment":[{"href":"https:\/\/www.europesays.com\/es\/wp-json\/wp\/v2\/media?parent=221915"}],"wp:term":[{"taxonomy":"category","embeddable":true,"href":"https:\/\/www.europesays.com\/es\/wp-json\/wp\/v2\/categories?post=221915"},{"taxonomy":"post_tag","embeddable":true,"href":"https:\/\/www.europesays.com\/es\/wp-json\/wp\/v2\/tags?post=221915"}],"curies":[{"name":"wp","href":"https:\/\/api.w.org\/{rel}","templated":true}]}}