{"id":221917,"date":"2025-11-06T17:07:08","date_gmt":"2025-11-06T17:07:08","guid":{"rendered":"https:\/\/www.europesays.com\/es\/221917\/"},"modified":"2025-11-06T17:07:08","modified_gmt":"2025-11-06T17:07:08","slug":"cristiano-ronaldo-no-sabe-ni-cuantos-coches-tiene-pero-si-cual-es-su-marca-favorita-son-bestias-diferentes","status":"publish","type":"post","link":"https:\/\/www.europesays.com\/es\/221917\/","title":{"rendered":"Cristiano Ronaldo no sabe ni cu\u00e1ntos coches tiene, pero s\u00ed cu\u00e1l es su marca favorita: \u201cSon bestias diferentes\u201d\u00a0"},"content":{"rendered":"<p>Cada vez que <strong>Cristiano Ronaldo<\/strong> ofrece una entrevista, el mundo estalla. <strong>La \u00faltima gran aparici\u00f3n<\/strong> del futbolista portugu\u00e9s <strong>fue hace ocho meses<\/strong> con Edu Aguirre, con quien comparte una gran amistad. <strong>Ahora<\/strong>, tres a\u00f1os despu\u00e9s, se ha sentado de nuevo con el periodista brit\u00e1nico <strong>Piers Morgan<\/strong> para una de las <strong>entrevistas m\u00e1s \u00edntimas<\/strong> de su carrera.<\/p>\n<p>En esta conversaci\u00f3n abordaron <strong>temas de su vida profesional y personal<\/strong> que no han pasado desapercibidos: su inminente retiro, la intenci\u00f3n de jugar el Mundial 2026, su compromiso con <strong>Georgina Rodr\u00edguez<\/strong> y hasta su <a href=\"https:\/\/motor.elpais.com\/actualidad\/nuevo-coche-cristiano-ronaldo-bmw-xm-red-label-mas-potente-historia\/\" target=\"_blank\" rel=\"noreferrer noopener nofollow\">impresionante colecci\u00f3n de coches<\/a>, entre otros asuntos.<\/p>\n<p>Sobre esta colecci\u00f3n, lo m\u00e1s llamativo fue que <strong>ni el propio Ronaldo sabe cu\u00e1ntos veh\u00edculos tiene.<\/strong> Cuando Morgan le pregunt\u00f3 el n\u00famero exacto, el portugu\u00e9s respondi\u00f3: <strong>\u201cNo lo s\u00e9, Piers, no cuento los coches\u201d.<\/strong> Tras re\u00edrse, intent\u00f3 calcular y, aunque jur\u00f3 por sus hijos que no lo sab\u00eda, <strong>termin\u00f3 dando una cifra aproximada.<\/strong><\/p>\n<p>\u201cHonestamente,<strong> si tuviera que apostar, dir\u00eda\u2026 No s\u00e9, 41.<\/strong> No lo s\u00e9\u201d, confes\u00f3 entre risas, dejando claro que su garaje es tan grande que ni \u00e9l mismo puede llevar la cuenta. A pesar de ello,<strong> el futbolista revel\u00f3 cu\u00e1les son sus modelos favoritos:<\/strong> los Bugatti. <strong>\u201cMe encantan los Bugatti,<\/strong> son bestias diferentes\u201d, asegur\u00f3.<\/p>\n<p>Los Bugatti de Cristiano Ronaldo<\/p>\n<p><strong>No sorprende que Cristiano Ronaldo haya elegido Bugatti<\/strong> como su marca favorita. <strong>En 2023<\/strong>, el portugu\u00e9s <a href=\"https:\/\/motor.elpais.com\/actualidad\/como-es-el-bugatti-supercoche-de-ocho-millones-con-el-que-cristiano-ha-vuelto-a-madrid\/\" target=\"_blank\" rel=\"noreferrer noopener nofollow\">volvi\u00f3 a Madrid<\/a> al volante de <strong>uno de los modelos m\u00e1s exclusivos<\/strong> de la firma: <strong>el Bugatti Centodieci.<\/strong> Este deportivo, una aut\u00e9ntica joya sobre ruedas, tiene un precio que asciende a <strong>ocho millones de euros.<\/strong><\/p>\n<p>Adem\u00e1s, el futbolista posee otro modelo de Bugatti en su gran colecci\u00f3n: un Chiron. Ronaldo recibi\u00f3 su unidad en\u00a0<strong>2017<\/strong>, cuando resid\u00eda en Madrid y por la que pag\u00f3 2,4 millones de euros. El\u00a0<a href=\"https:\/\/motor.elpais.com\/supercoches\/bugatti-chiron-asi-se-fabrica\/\" target=\"_blank\" rel=\"noreferrer noopener nofollow\">Chiron<\/a>, que alcanza los 1.500 CV de potencia,\u00a0es capaz de acelerar de\u00a0<strong>0 a 100 km\/h en solo 2,5 segundos<\/strong>\u00a0y, no menos impresionante, alcanzar los\u00a0<strong>420 km\/h.<\/strong>\u00a0Cuando el futbolista recibi\u00f3 su superdeportivo hace ocho a\u00f1os, subi\u00f3 una publicaci\u00f3n a Instagram que ahora alcanza los 4,5 millones de \u2018me gusta\u2019.<\/p>\n<blockquote class=\"instagram-media\" data-instgrm-captioned=\"\" data-instgrm-permalink=\"https:\/\/www.instagram.com\/p\/BZl9v6YFStc\/?utm_source=ig_embed&amp;utm_campaign=loading\" data-instgrm-version=\"14\" style=\" background:#FFF; border:0; border-radius:3px; box-shadow:0 0 1px 0 rgba(0,0,0,0.5),0 1px 10px 0 rgba(0,0,0,0.15); margin: 1px; max-width:540px; min-width:326px; padding:0; width:99.375%; width:-webkit-calc(100% - 2px); width:calc(100% - 2px);\">\n<\/blockquote>\n<p>                    <script async src=\"\/\/www.instagram.com\/embed.js\"><\/script><\/p>\n","protected":false},"excerpt":{"rendered":"Cada vez que Cristiano Ronaldo ofrece una entrevista, el mundo estalla. La \u00faltima gran aparici\u00f3n del futbolista portugu\u00e9s&hellip;\n","protected":false},"author":2,"featured_media":221918,"comment_status":"","ping_status":"","sticky":false,"template":"","format":"standard","meta":{"footnotes":""},"categories":[174],"tags":[58974,58975,255,58976,8432,146,147,25,24,256,282,23,58977],"class_list":{"0":"post-221917","1":"post","2":"type-post","3":"status-publish","4":"format-standard","5":"has-post-thumbnail","7":"category-famosos","8":"tag-bugatti","9":"tag-bugatti-centodieci","10":"tag-celebrities","11":"tag-coches-de-futbolistas","12":"tag-cristiano-ronaldo","13":"tag-entertainment","14":"tag-entretenimiento","15":"tag-es","16":"tag-espana","17":"tag-famosos","18":"tag-futbol","19":"tag-spain","20":"tag-superdeportivos"},"share_on_mastodon":{"url":"https:\/\/pubeurope.com\/@es\/115503854058026439","error":""},"_links":{"self":[{"href":"https:\/\/www.europesays.com\/es\/wp-json\/wp\/v2\/posts\/221917","targetHints":{"allow":["GET"]}}],"collection":[{"href":"https:\/\/www.europesays.com\/es\/wp-json\/wp\/v2\/posts"}],"about":[{"href":"https:\/\/www.europesays.com\/es\/wp-json\/wp\/v2\/types\/post"}],"author":[{"embeddable":true,"href":"https:\/\/www.europesays.com\/es\/wp-json\/wp\/v2\/users\/2"}],"replies":[{"embeddable":true,"href":"https:\/\/www.europesays.com\/es\/wp-json\/wp\/v2\/comments?post=221917"}],"version-history":[{"count":0,"href":"https:\/\/www.europesays.com\/es\/wp-json\/wp\/v2\/posts\/221917\/revisions"}],"wp:featuredmedia":[{"embeddable":true,"href":"https:\/\/www.europesays.com\/es\/wp-json\/wp\/v2\/media\/221918"}],"wp:attachment":[{"href":"https:\/\/www.europesays.com\/es\/wp-json\/wp\/v2\/media?parent=221917"}],"wp:term":[{"taxonomy":"category","embeddable":true,"href":"https:\/\/www.europesays.com\/es\/wp-json\/wp\/v2\/categories?post=221917"},{"taxonomy":"post_tag","embeddable":true,"href":"https:\/\/www.europesays.com\/es\/wp-json\/wp\/v2\/tags?post=221917"}],"curies":[{"name":"wp","href":"https:\/\/api.w.org\/{rel}","templated":true}]}}