{"id":221931,"date":"2025-11-06T17:16:14","date_gmt":"2025-11-06T17:16:14","guid":{"rendered":"https:\/\/www.europesays.com\/es\/221931\/"},"modified":"2025-11-06T17:16:14","modified_gmt":"2025-11-06T17:16:14","slug":"rockstar-revela-la-razon-por-la-que-muchos-empleados-fueron-recientemente-despedidos","status":"publish","type":"post","link":"https:\/\/www.europesays.com\/es\/221931\/","title":{"rendered":"Rockstar revela la raz\u00f3n por la que muchos empleados fueron recientemente despedidos"},"content":{"rendered":"<p>Rockstar Games, que est\u00e1 ocupado actualmente con el desarrollo del esperado Grand Theft Auto VI, ha sido el \u00faltimo estudio en unirse a los <strong>despidos<\/strong> de la industria.<\/p>\n<p>Un problema que Rockstar Games deb\u00eda cortar de ra\u00edz<\/p>\n<p>Seg\u00fan el representante, esos despidos se llevaron a cabo debido a que las personas afectadas <strong>estaban filtrando informaci\u00f3n confidencial<\/strong> de Grand Theft Auto VI.<\/p>\n<p>\u00abLa semana pasada tomamos medidas contra un peque\u00f1o n\u00famero de personas que fueron sorprendidas distribuyendo y discutiendo informaci\u00f3n confidencial en un foro p\u00fablico, lo que supone <strong>una violaci\u00f3n de las pol\u00edticas de nuestra empresa<\/strong>\u00ab, dijo el representante. \u00abEsto no tuvo nada que ver con el derecho de las personas a afiliarse a un sindicato o participar en actividades sindicales\u00bb.<\/p>\n<p>Alex Marshall, presidente del IWGB, ha respondido a estas declaraciones: \u00ab[Rockstar] teme que los empleados que trabajan duro discutan en privado el ejercicio de sus derechos para lograr <strong>un lugar de trabajo m\u00e1s justo y una voz colectiva<\/strong>. La direcci\u00f3n est\u00e1 demostrando que no le importan los retrasos en GTA VI y que est\u00e1 dando prioridad a la represi\u00f3n sindical, atacando precisamente a las personas que crean el juego\u00bb.<\/p>\n<p>Grand Theft Auto VI, <a href=\"https:\/\/es.ign.com\/grand-theft-auto-vi\/222978\/news\/una-nueva-actualizacion-de-gta-6-tiene-a-los-fans-como-locos-por-el-tercer-trailer-del-juego\" rel=\"nofollow noopener\" target=\"_blank\">cuyo lanzamiento est\u00e1 previsto para el 26 de mayo de 2026<\/a>, ha sufrido <strong>varias filtraciones<\/strong> durante su periodo de desarrollo. Sin ir m\u00e1s lejos, <a href=\"https:\/\/es.ign.com\/grand-theft-auto-vi\/196923\/news\/el-trailer-de-grand-theft-auto-vi-se-ha-filtrado\" rel=\"nofollow noopener\" target=\"_blank\">su primer tr\u00e1iler se filtr\u00f3 horas antes del estreno oficial en 2023<\/a>, lo que oblig\u00f3 a Rockstar Games <strong>a publicarlo antes de tiempo<\/strong>.<\/p>\n","protected":false},"excerpt":{"rendered":"Rockstar Games, que est\u00e1 ocupado actualmente con el desarrollo del esperado Grand Theft Auto VI, ha sido el&hellip;\n","protected":false},"author":2,"featured_media":221932,"comment_status":"","ping_status":"","sticky":false,"template":"","format":"standard","meta":{"footnotes":""},"categories":[81],"tags":[119,123,124,25,24,117,121,122,23,118,120],"class_list":{"0":"post-221931","1":"post","2":"type-post","3":"status-publish","4":"format-standard","5":"has-post-thumbnail","7":"category-ciencia-y-tecnologia","8":"tag-ciencia","9":"tag-ciencia-y-tecnologia","10":"tag-cienciaytecnologia","11":"tag-es","12":"tag-espana","13":"tag-science","14":"tag-science-and-technology","15":"tag-scienceandtechnology","16":"tag-spain","17":"tag-technology","18":"tag-tecnologia"},"share_on_mastodon":{"url":"https:\/\/pubeurope.com\/@es\/115503889438698221","error":""},"_links":{"self":[{"href":"https:\/\/www.europesays.com\/es\/wp-json\/wp\/v2\/posts\/221931","targetHints":{"allow":["GET"]}}],"collection":[{"href":"https:\/\/www.europesays.com\/es\/wp-json\/wp\/v2\/posts"}],"about":[{"href":"https:\/\/www.europesays.com\/es\/wp-json\/wp\/v2\/types\/post"}],"author":[{"embeddable":true,"href":"https:\/\/www.europesays.com\/es\/wp-json\/wp\/v2\/users\/2"}],"replies":[{"embeddable":true,"href":"https:\/\/www.europesays.com\/es\/wp-json\/wp\/v2\/comments?post=221931"}],"version-history":[{"count":0,"href":"https:\/\/www.europesays.com\/es\/wp-json\/wp\/v2\/posts\/221931\/revisions"}],"wp:featuredmedia":[{"embeddable":true,"href":"https:\/\/www.europesays.com\/es\/wp-json\/wp\/v2\/media\/221932"}],"wp:attachment":[{"href":"https:\/\/www.europesays.com\/es\/wp-json\/wp\/v2\/media?parent=221931"}],"wp:term":[{"taxonomy":"category","embeddable":true,"href":"https:\/\/www.europesays.com\/es\/wp-json\/wp\/v2\/categories?post=221931"},{"taxonomy":"post_tag","embeddable":true,"href":"https:\/\/www.europesays.com\/es\/wp-json\/wp\/v2\/tags?post=221931"}],"curies":[{"name":"wp","href":"https:\/\/api.w.org\/{rel}","templated":true}]}}