{"id":221953,"date":"2025-11-06T17:34:11","date_gmt":"2025-11-06T17:34:11","guid":{"rendered":"https:\/\/www.europesays.com\/es\/221953\/"},"modified":"2025-11-06T17:34:11","modified_gmt":"2025-11-06T17:34:11","slug":"el-impacto-de-los-latin-grammy-en-andalucia-mas-de-195-millones-de-euros-desde-2023-fortuna","status":"publish","type":"post","link":"https:\/\/www.europesays.com\/es\/221953\/","title":{"rendered":"El impacto de los Latin Grammy en Andaluc\u00eda: m\u00e1s de 195 millones de euros desde 2023 | Fortuna"},"content":{"rendered":"<p class=\"\">En 2023, tras 24 a\u00f1os de historia, los<a href=\"https:\/\/elpais.com\/cultura\/2023-11-10\/los-grammy-en-sevilla-la-globalizacion-de-la-musica-latina.html\" target=\"_blank\" rel=\"noreferrer nofollow noopener\" title=\"https:\/\/elpais.com\/cultura\/2023-11-10\/los-grammy-en-sevilla-la-globalizacion-de-la-musica-latina.html\"> Premios Latin Grammy<\/a> emigraron por primera vez de Estados Unidos. Lejos del territorio norteamericano, la Academia Latina de la Grabaci\u00f3n eligi\u00f3 como nueva meca de la m\u00fasica en espa\u00f1ol una ciudad con profundo arraigo cultural y musical: Sevilla. Tres a\u00f1os despu\u00e9s, Andaluc\u00eda se ha consolidado como epicentro de la m\u00fasica en espa\u00f1ol en Europa, acogiendo no solo la gala, sino tambi\u00e9n homenajes a Paco de Luc\u00eda y galas que reivindican la m\u00fasica andaluza y sus ra\u00edces. M\u00e1s all\u00e1 de su indiscutible relevancia cultural, el impacto econ\u00f3mico para la comunidad aut\u00f3noma \u2014y, por extensi\u00f3n, para Espa\u00f1a\u2014 supera los 195 millones de euros.<\/p>\n<p class=\"\">Seg\u00fan el \u00faltimo Estudio de Impacto Econ\u00f3mico y Reputacional, elaborado entre 2023 y 2025 por la consultora Atrevia, el evento ha generado m\u00e1s de 96,3 millones de euros de impacto econ\u00f3mico, 98,7 millones de impacto reputacional y 7,5 millones de impacto fiscal sobre la <a href=\"https:\/\/cincodias.elpais.com\/noticias\/hacienda-publica\/\" target=\"_self\" rel=\"nofollow noopener\" title=\"https:\/\/cincodias.elpais.com\/noticias\/hacienda-publica\/\">Hacienda P\u00fablica.<\/a> <\/p>\n<p class=\"\">Desde el punto de vista econ\u00f3mico, el impacto total estimado multiplica por m\u00e1s de diecisiete veces la inversi\u00f3n p\u00fablica realizada \u201410,8 millones de euros\u2014 para acoger el evento, seg\u00fan indica Atrevia. <\/p>\n<p class=\"\">El informe tambi\u00e9n cifra en 1.360 los empleos creados y subraya que los sectores m\u00e1s beneficiados fueron las actividades de creaci\u00f3n, art\u00edsticas y de espect\u00e1culos, que incluyen costes de producci\u00f3n, decoraci\u00f3n, fotograf\u00eda, alquiler de espacios, log\u00edstica, contratistas y talento. Adem\u00e1s de los servicios de alojamiento, comidas y bebidas, transporte, actividades cinematogr\u00e1ficas, publicidad, comercio minorista, servicios de empleo y actividades de seguridad.<\/p>\n<p class=\"\">Desde la <a href=\"https:\/\/elpais.com\/cultura\/2025-06-03\/la-academia-latina-de-la-grabacion-nombra-a-raphael-persona-del-ano-2025.html\" target=\"_blank\" rel=\"noreferrer nofollow noopener\" title=\"https:\/\/elpais.com\/cultura\/2025-06-03\/la-academia-latina-de-la-grabacion-nombra-a-raphael-persona-del-ano-2025.html\">Academia Latina de la Grabaci\u00f3n<\/a> destacan que \u201cel impacto econ\u00f3mico y social generado en estos tres a\u00f1os demuestra que la m\u00fasica es un motor de desarrollo, talento y oportunidades\u201d. \u201cLa Academia Latina de la Grabaci\u00f3n ha fortalecido su compromiso con Espa\u00f1a y con Andaluc\u00eda como plataforma estrat\u00e9gica en Europa para la promoci\u00f3n de la m\u00fasica latina a nivel internacional\u201d, subraya Manuel Abud, director ejecutivo de la entidad.<\/p>\n<p class=\"\">Una impresi\u00f3n que comparten desde la administraci\u00f3n andaluza, que destaca c\u00f3mo la imagen de la regi\u00f3n ha traspasado sus propias fronteras. \u201cHay que sumar que estos acontecimientos han permitido reforzar nuestra presencia en los mercados de Am\u00e9rica, emisores que cada vez se rinden m\u00e1s a nuestra tierra como destino de referencia en Europa y escenario de grandes eventos\u201d, se\u00f1ala el consejero de Turismo y Andaluc\u00eda Exterior, Arturo Bernal.<\/p>\n<p class=\"\">En una entrevista con <b>Cinco D\u00edas,<\/b> Manuel Abud, director ejecutivo de la Academia Latina de la Grabaci\u00f3n, pone el foco en que la entidad, al ser una organizaci\u00f3n sin \u00e1nimo de lucro, reinvierte todos los recursos generados por los premios en la ciudad anfitriona. \u201cSiempre les digo a los alcaldes que el dinero que generamos se queda en la ciudad. Todo lo que invertimos revierte en alojamiento, transporte, restauraci\u00f3n, producci\u00f3n\u2026 desde el hotel hasta el panadero\u201d, explica Abud.<\/p>\n<p class=\"\">Aun as\u00ed, recalca que llevar los Latin Grammy a Sevilla supuso un \u201cesfuerzo tit\u00e1nico\u201d, tanto para la Junta de Andaluc\u00eda como para la propia Academia, debido a los altos costes log\u00edsticos y de producci\u00f3n que implica trasladar artistas, equipos y nominados. En paralelo, reconoce que \u201cno es un evento barato\u201d, pero subraya que el objetivo era \u201cdiversificar nuestras fuentes de ingresos y crear un modelo experiencial que vaya m\u00e1s all\u00e1 de un programa de televisi\u00f3n\u201d.<\/p>\n<p>\u00bfPor qu\u00e9 Sevilla y no otra ciudad?<\/p>\n<p class=\"\">En cuanto a la elecci\u00f3n de Sevilla, Abud se\u00f1ala que la capital andaluza reun\u00eda los elementos clave que buscaban para la primera edici\u00f3n fuera de Estados Unidos: una ciudad de tama\u00f1o medio, con la infraestructura necesaria para acoger a los artistas y un profundo acervo musical. <\/p>\n<p class=\"\">\u201cQuer\u00edamos una ciudad que pudiera transformarse por completo durante esa semana. En una gran metr\u00f3poli como Madrid o Ciudad de M\u00e9xico el evento se diluye. En Sevilla, en cambio, se respiraba m\u00fasica en cada esquina. Adem\u00e1s, el legado andaluz en la m\u00fasica latina es innegable\u201d, apunta Abud.<\/p>\n<p class=\"\">De cara a futuras ediciones, el directivo confirma que la Academia mantiene conversaciones con varias ciudades para replicar el \u00e9xito del modelo andaluz: \u201cEn los pr\u00f3ximos tres o cuatro a\u00f1os podr\u00edamos tener una o dos ediciones internacionales m\u00e1s, quiz\u00e1 en pa\u00edses de habla hispana o portuguesa\u2026 y, qui\u00e9n sabe, quiz\u00e1 alg\u00fan d\u00eda en una ciudad como Berl\u00edn\u201d. A la vista de los resultados, la apuesta andaluza confirma que la m\u00fasica no solo genera cultura, sino tambi\u00e9n econom\u00eda.<\/p>\n","protected":false},"excerpt":{"rendered":"En 2023, tras 24 a\u00f1os de historia, los Premios Latin Grammy emigraron por primera vez de Estados Unidos.&hellip;\n","protected":false},"author":2,"featured_media":221954,"comment_status":"","ping_status":"","sticky":false,"template":"","format":"standard","meta":{"footnotes":""},"categories":[170],"tags":[58982,259,505,218,209,146,147,25,24,184,185,1171,23,7147],"class_list":{"0":"post-221953","1":"post","2":"type-post","3":"status-publish","4":"format-standard","5":"has-post-thumbnail","7":"category-musica","8":"tag-academia-musica","9":"tag-andalucia","10":"tag-artistas","11":"tag-canciones","12":"tag-cultura","13":"tag-entertainment","14":"tag-entretenimiento","15":"tag-es","16":"tag-espana","17":"tag-music","18":"tag-musica","19":"tag-sevilla","20":"tag-spain","21":"tag-ventas"},"share_on_mastodon":{"url":"https:\/\/pubeurope.com\/@es\/115503960283349063","error":""},"_links":{"self":[{"href":"https:\/\/www.europesays.com\/es\/wp-json\/wp\/v2\/posts\/221953","targetHints":{"allow":["GET"]}}],"collection":[{"href":"https:\/\/www.europesays.com\/es\/wp-json\/wp\/v2\/posts"}],"about":[{"href":"https:\/\/www.europesays.com\/es\/wp-json\/wp\/v2\/types\/post"}],"author":[{"embeddable":true,"href":"https:\/\/www.europesays.com\/es\/wp-json\/wp\/v2\/users\/2"}],"replies":[{"embeddable":true,"href":"https:\/\/www.europesays.com\/es\/wp-json\/wp\/v2\/comments?post=221953"}],"version-history":[{"count":0,"href":"https:\/\/www.europesays.com\/es\/wp-json\/wp\/v2\/posts\/221953\/revisions"}],"wp:featuredmedia":[{"embeddable":true,"href":"https:\/\/www.europesays.com\/es\/wp-json\/wp\/v2\/media\/221954"}],"wp:attachment":[{"href":"https:\/\/www.europesays.com\/es\/wp-json\/wp\/v2\/media?parent=221953"}],"wp:term":[{"taxonomy":"category","embeddable":true,"href":"https:\/\/www.europesays.com\/es\/wp-json\/wp\/v2\/categories?post=221953"},{"taxonomy":"post_tag","embeddable":true,"href":"https:\/\/www.europesays.com\/es\/wp-json\/wp\/v2\/tags?post=221953"}],"curies":[{"name":"wp","href":"https:\/\/api.w.org\/{rel}","templated":true}]}}