{"id":22199,"date":"2025-08-03T06:11:07","date_gmt":"2025-08-03T06:11:07","guid":{"rendered":"https:\/\/www.europesays.com\/es\/22199\/"},"modified":"2025-08-03T06:11:07","modified_gmt":"2025-08-03T06:11:07","slug":"pellicer-dejo-sin-minutos-a-recio-a-la-espera-de-la-llegada-de-javi-montero","status":"publish","type":"post","link":"https:\/\/www.europesays.com\/es\/22199\/","title":{"rendered":"Pellicer dej\u00f3 sin minutos a Recio&#8230; a la espera de la llegada de Javi Montero"},"content":{"rendered":"<p><a href=\"https:\/\/www.merchanendirecto.es\/wp-content\/uploads\/2025\/07\/calentamiento-pretemporada-malaga-almeria-puga-recio-nino-joaquin.webp\" data-caption=\"Foto: MCF\" rel=\"nofollow noopener\" target=\"_blank\"><img loading=\"lazy\" decoding=\"async\" width=\"696\" height=\"463\" class=\"entry-thumb td-modal-image\" src=\"https:\/\/www.europesays.com\/es\/wp-content\/uploads\/2025\/08\/calentamiento-pretemporada-malaga-almeria-puga-recio-nino-joaquin-696x463.webp.webp\"   alt=\"\" title=\"calentamiento pretemporada malaga almeria puga recio ni\u00f1o joaquin\"\/><\/a>Foto: MCF<\/p>\n<p>El <strong>mundo de los mercados de fichajes<\/strong> est\u00e1n cargados de detalles y pistas. Uno de ellos, el m\u00e1s simple, es ver como un jugador que tiene que cambiar de equipo no juega con su club de origen. Caso de <strong><a href=\"https:\/\/www.merchanendirecto.es\/futbol\/el-contrato-de-montero-por-el-malaga-cf-sera-hasta-2027\/\" target=\"_blank\" rel=\"noreferrer noopener nofollow\">Javier Montero<\/a><\/strong> este <strong>s\u00e1bado<\/strong> con el <strong>Racing de Santander<\/strong>. El central, que ya no forma parte de la din\u00e1mica de entrenamientos junto a sus compa\u00f1eros y no cuenta en los planes de minutaje de la pretemporada de <strong>Jos\u00e9 Alberto L\u00f3pez<\/strong>, se qued\u00f3 <strong>fuera de la convocatoria<\/strong> en el \u00faltimo amistoso de hoy del equipo c\u00e1ntabro. Los santanderinos vencieron por <strong>1-0<\/strong> a <strong>Osasuna<\/strong> gracias al gol de <strong>Izan Yurrieta<\/strong>. Otra pista tener en cuenta, <a href=\"https:\/\/www.merchanendirecto.es\/malaga-cf\/cronica-correctivo-britanico-al-malaga-cf-si-no-lo-veo-no-lo-creo-3-0\/\" target=\"_blank\" rel=\"noreferrer noopener nofollow\">esta ocurrida en <strong>Oxford<\/strong><\/a>, es que <strong>Pellicer<\/strong> ha optado por usar <strong>s\u00f3lo <\/strong>a <strong>tres centrales puros<\/strong> en la tarde brit\u00e1nica. <strong>Pastor<\/strong>, <strong>Murillo<\/strong> y <strong>Einar Galilea<\/strong> s\u00ed tuvieron minutos. Algo que no ocurri\u00f3 con <strong><a href=\"https:\/\/www.merchanendirecto.es\/tag\/angel-recio\/\" target=\"_blank\" rel=\"noreferrer noopener nofollow\">\u00c1ngel Recio<\/a><\/strong>. <\/p>\n<p>El t\u00e9cnico de <strong>Nules<\/strong> dej\u00f3 sin minutos a <strong>Recio<\/strong>. El central del <strong>Atl\u00e9tico Malague\u00f1o<\/strong> ven\u00eda de haber jugado minutos en los dos partidos previos de pretemporada. Particip\u00f3 ante el <strong>Almer\u00eda<\/strong>, media parte, e hizo lo propio ante el <strong>Al-Wakrah<\/strong> de <strong>Vicente Moreno<\/strong>. Dos encuentros donde \u00e9l ha ocupado en los entrenamientos la ficha que dej\u00f3 hu\u00e9rfana <strong>Nelson Monte<\/strong>. Pero el <strong>M\u00e1laga CF<\/strong>, como confirmaron <strong>Pellicer<\/strong> y <strong>Kike P\u00e9rez<\/strong>, ten\u00eda la clara intenci\u00f3n de fichar a un central y un extremo para cerrar el cap\u00edtulo de incorporaciones en este mercado. A\u00fan as\u00ed, mientras el mercado se desarrollaba, <strong>Recio<\/strong> ten\u00eda opciones de demostrar a <strong>Pellicer<\/strong> que est\u00e1 hecho para tener oportunidades en el primer equipo. <\/p>\n<p>En la tarde de este s\u00e1bado en el <strong>Kassam Stadium<\/strong>, <strong>Pellicer<\/strong> aline\u00f3 en el once titular a <strong>Einar Galilea<\/strong> y <strong>Diego Murillo<\/strong>. El de <strong>Malag\u00f3n<\/strong> fall\u00f3 en el gol que abri\u00f3 la lata en <strong>Oxford<\/strong>. Recibi\u00f3 en salida de bal\u00f3n en una situaci\u00f3n muy comprometida y la presi\u00f3n le provoc\u00f3 la p\u00e9rdida de bal\u00f3n que llev\u00f3 a <strong>Mills<\/strong> a anotar en el <strong>minuto 32<\/strong> el <strong>1-0<\/strong> en el marcador. En la segunda parte, <strong>\u00c1lex Pastor<\/strong> sustituy\u00f3 al propio <strong>Murillo<\/strong>. Se mantuvo <strong>Einar Galilea<\/strong> en el campo. El vasco sali\u00f3 del campo en el <strong>minuto 66<\/strong> por <strong>Juanpe<\/strong>. Una sustituci\u00f3n que hizo que <strong>Pellicer<\/strong> tomara la decisi\u00f3n de retrasar la posici\u00f3n de <strong>Izan Merino<\/strong> al puesto de central como ya ocurri\u00f3 en el primer partido de pretemporada en el <strong>Antequera<\/strong>, a\u00fan cuando <strong>Nelson Monte<\/strong> ten\u00eda que cerrar los flecos de su acuerdo con el Almer\u00eda para marcharse a tierras ind\u00e1licas. <\/p>\n<p><strong>Javi Montero<\/strong> ha sido el jugador elegido para sustituir a <strong>Nelson Monte<\/strong>. La oficialidad de su fichaje est\u00e1 muy cerca. El jugador ya sabe que <strong>Santander<\/strong> es pasado y su futuro pasa por <strong>M\u00e1laga<\/strong>. El central firmar\u00e1 contrato hasta <strong>2027<\/strong> con el club malaguista. La idea del club, como confirmaron fuentes del propio <strong>M\u00e1laga CF<\/strong> a Radio MARCA M\u00e1laga, es que sea presentado esta misma semana para que pueda debutar en el <strong>Trofeo Costa del Sol<\/strong> del pr\u00f3ximo <strong>s\u00e1bado 9 de agosto<\/strong> ante el <strong>Real Betis Balompi\u00e9<\/strong>. <\/p>\n<p>El mercado y los partidos de pretemporada van lanzando mensajes. Uno era claro, desde <strong>Santander<\/strong>, con la no presencia de <strong>Montero<\/strong> en la convocatoria del <strong>Racing<\/strong> ante <strong>Osasuna<\/strong>. El otro mensaje, desde <strong>Oxford<\/strong> por parte de <strong>Pellicer<\/strong>, fue el de no dar minutos a <strong>Recio<\/strong> y que solo <strong>tres centrales puros<\/strong> tuvieran minutos en la derrota por <strong>3-0<\/strong> en tierras inglesas: <strong>Pastor<\/strong>, <strong>Einar<\/strong> y <strong>Murillo<\/strong>. <\/p>\n<p><strong>Unai Egiluz, central del Athletic Club sondeado por el M\u00e1laga CF, se rompe el cruzado<\/strong><\/p>\n<p>Uno de los centrales que tambi\u00e9n sonde\u00f3 en este mercado <strong>Loren Juarros<\/strong> fue el de <strong><a href=\"https:\/\/www.marca.com\/futbol\/athletic\/2025\/08\/02\/unai-egiluz-sufre-rotura-cruzado-estara-baja-seis-ocho-meses.html\" target=\"_blank\" rel=\"noreferrer noopener nofollow\">Unai Egiluz<\/a><\/strong>. El defensa, que el curso pasado cuaj\u00f3 una gran temporada en el <strong>Mirand\u00e9s<\/strong> de <strong>Lisci<\/strong>, era pretendido por muchos equipos de <strong>Segunda Divisi\u00f3n<\/strong>. Siempre y cuando, el conjunto vasco decidiera que volviese a salir cedido a la categor\u00eda de plata. La intenci\u00f3n inicial, ante el vaiv\u00e9n de centrales que se est\u00e1 dando en <strong>La Catedral<\/strong>, es que <strong>Egiluz<\/strong> pudiera formar parte de la primera plantilla del <strong>Athletic Club<\/strong> que este curso disputar\u00e1 la <strong>UEFA Champions League<\/strong>. <\/p>\n<p>El pasado mi\u00e9rcoles, ante el <strong>Racing de Santander<\/strong> donde <strong>Montero<\/strong> no particip\u00f3, el jugador se tuvo que retirar del campo con una lesi\u00f3n en una rodilla. Seg\u00fan avanza <strong>\u2018Durangaldeko Telebista\u2019<\/strong>, el central se perder\u00e1 toda la temporada debido a una rotura del <strong>ligamento cruzado anterior<\/strong> que le mantendr\u00eda alejado de los terrenos de juego entre <strong>seis y ocho meses<\/strong>. <\/p>\n","protected":false},"excerpt":{"rendered":"Foto: MCF El mundo de los mercados de fichajes est\u00e1n cargados de detalles y pistas. Uno de ellos,&hellip;\n","protected":false},"author":2,"featured_media":22200,"comment_status":"","ping_status":"","sticky":false,"template":"","format":"standard","meta":{"footnotes":""},"categories":[268],"tags":[168,25,24,280,282,12094,1963,7202,13068,281,23,167],"class_list":{"0":"post-22199","1":"post","2":"type-post","3":"status-publish","4":"format-standard","5":"has-post-thumbnail","7":"category-futbol","8":"tag-deportes","9":"tag-es","10":"tag-espana","11":"tag-football","12":"tag-futbol","13":"tag-javi-montero","14":"tag-malaga-cf","15":"tag-pellicer","16":"tag-recio","17":"tag-soccer","18":"tag-spain","19":"tag-sports"},"share_on_mastodon":{"url":"","error":""},"_links":{"self":[{"href":"https:\/\/www.europesays.com\/es\/wp-json\/wp\/v2\/posts\/22199","targetHints":{"allow":["GET"]}}],"collection":[{"href":"https:\/\/www.europesays.com\/es\/wp-json\/wp\/v2\/posts"}],"about":[{"href":"https:\/\/www.europesays.com\/es\/wp-json\/wp\/v2\/types\/post"}],"author":[{"embeddable":true,"href":"https:\/\/www.europesays.com\/es\/wp-json\/wp\/v2\/users\/2"}],"replies":[{"embeddable":true,"href":"https:\/\/www.europesays.com\/es\/wp-json\/wp\/v2\/comments?post=22199"}],"version-history":[{"count":0,"href":"https:\/\/www.europesays.com\/es\/wp-json\/wp\/v2\/posts\/22199\/revisions"}],"wp:featuredmedia":[{"embeddable":true,"href":"https:\/\/www.europesays.com\/es\/wp-json\/wp\/v2\/media\/22200"}],"wp:attachment":[{"href":"https:\/\/www.europesays.com\/es\/wp-json\/wp\/v2\/media?parent=22199"}],"wp:term":[{"taxonomy":"category","embeddable":true,"href":"https:\/\/www.europesays.com\/es\/wp-json\/wp\/v2\/categories?post=22199"},{"taxonomy":"post_tag","embeddable":true,"href":"https:\/\/www.europesays.com\/es\/wp-json\/wp\/v2\/tags?post=22199"}],"curies":[{"name":"wp","href":"https:\/\/api.w.org\/{rel}","templated":true}]}}