{"id":222028,"date":"2025-11-06T18:26:15","date_gmt":"2025-11-06T18:26:15","guid":{"rendered":"https:\/\/www.europesays.com\/es\/222028\/"},"modified":"2025-11-06T18:26:15","modified_gmt":"2025-11-06T18:26:15","slug":"el-banco-central-de-brasil-mantiene-su-tasa-de-interes-de-referencia-en-15","status":"publish","type":"post","link":"https:\/\/www.europesays.com\/es\/222028\/","title":{"rendered":"El Banco Central de Brasil mantiene su tasa de inter\u00e9s de referencia en 15%"},"content":{"rendered":"<p>    <img src=\"https:\/\/www.europesays.com\/es\/wp-content\/uploads\/2025\/11\/2025-11-06T163A303A42Z-90292303.jpg\" width=\"1024\" height=\"682\" alt=\"\" loading=\"eager\" decoding=\"sync\" fetchpriority=\"high\"\/><\/p>\n<p>            afp_tickers        <\/p>\n<p>        Este contenido fue publicado en    <\/p>\n<p>        06 noviembre 2025 &#8211; 17:30\n<\/p>\n<p>El Banco Central de Brasil mantuvo el mi\u00e9rcoles su tasa de inter\u00e9s de referencia en 15%, en un esfuerzo por contener una inflaci\u00f3n que tiende a moderarse pero sigue fuera de la meta oficial.<\/p>\n<p>Esta tasa, conocida como Selic, sigue siendo una de las m\u00e1s elevadas del mundo y mantiene su nivel m\u00e1s alto desde julio de 2006, cuando alcanz\u00f3 15,25%.\u00a0<\/p>\n<p>El Comit\u00e9 de Pol\u00edtica Econ\u00f3mica (Copom) del banco defendi\u00f3 una postura de \u00abcautela\u00bb ante un escenario internacional de \u00abalta incertidumbre\u00bb, citando los aranceles impuestos por Estados Unidos a algunos productos brasile\u00f1os.<\/p>\n<p>\u00abEl Comit\u00e9 eval\u00faa que la estrategia de mantener el nivel actual de la tasa de inter\u00e9s durante un per\u00edodo prolongado es suficiente para asegurar la convergencia de la inflaci\u00f3n a la meta\u00bb, indic\u00f3 en una nota.<\/p>\n<p>El Banco Central elev\u00f3 la Selic siete veces consecutivas entre septiembre de 2024 y junio de 2025, y la dej\u00f3 sin cambios en julio y septiembre pasados.\u00a0<\/p>\n<p>La decisi\u00f3n est\u00e1 en l\u00ednea con lo anticipado de forma un\u00e1nime por el mercado, seg\u00fan una encuesta del diario Valor Econ\u00f3mico con m\u00e1s de un centenar de instituciones financieras.\u00a0<\/p>\n<p>El anuncio representa una decepci\u00f3n para el gobierno del izquierdista Luiz In\u00e1cio Lula da Silva, que ha pedido reiteradamente un recorte de la tasa para estimular la mayor econom\u00eda de Am\u00e9rica Latina.\u00a0<\/p>\n<p>El ministro de Hacienda, Fernando Haddad, intensific\u00f3 la presi\u00f3n en la v\u00edspera de la reuni\u00f3n del Copom, al cuestionar la sostenibilidad de la pol\u00edtica monetaria actual, durante un evento en S\u00e3o Paulo.\u00a0<\/p>\n<p>\u00abPor m\u00e1s presi\u00f3n que los bancos pongan sobre el Banco Central para no bajar los intereses, (las tasas) van a tener que caer\u00bb, afirm\u00f3.\u00a0<\/p>\n<p>El economista Mauro Rochlin, coordinador acad\u00e9mico de la Fundaci\u00f3n Getulio Vargas, considera que el Banco Central mantiene una postura excesivamente restrictiva.<\/p>\n<p>\u00abA pesar de que los indicadores muestran que m\u00e1s recientemente los n\u00fameros de la inflaci\u00f3n han sido bastante suaves, a\u00fan as\u00ed el Copom insiste en una pol\u00edtica de intereses de bastante rigor\u00bb, se\u00f1al\u00f3 a la AFP.<\/p>\n<p>\u2013 \u00bfMeta realista? \u2013<\/p>\n<p>Rochlin explic\u00f3 que la autoridad monetaria mantiene tasas tan altas porque proyecta que la inflaci\u00f3n seguir\u00e1 por encima de la meta de 3% (con una tolerancia de 1,5 puntos porcentuales) en el mediano plazo.\u00a0<\/p>\n<p>El experto dijo que en el \u00e1mbito acad\u00e9mico resurge el debate sobre si la meta inflacionaria es realista, y advirti\u00f3 que Brasil enfrenta actualmente tasas de inter\u00e9s reales extremadamente elevadas.<\/p>\n<p>Una tasa de inter\u00e9s alta encarece el cr\u00e9dito y desalienta el consumo y la inversi\u00f3n, lo que frena el crecimiento econ\u00f3mico.<\/p>\n<p>La inflaci\u00f3n en Brasil ha mostrado se\u00f1ales de desaceleraci\u00f3n en los \u00faltimos meses, aunque repunt\u00f3 ligeramente en septiembre, a 5,17% interanual, por encima del techo de la meta oficial de 4,5%.\u00a0<\/p>\n<p>El incremento en el precio de los alimentos cay\u00f3 por quinto mes consecutivo, aunque algunos sectores como el de la energ\u00eda contin\u00faan presionando la inflaci\u00f3n.\u00a0<\/p>\n<p>Las instituciones financieras consultadas por el bolet\u00edn Focus del Banco Central redujeron su estimaci\u00f3n de inflaci\u00f3n para 2025 a 4,55%.\u00a0<\/p>\n<p>El Copom justific\u00f3 su postura citando la \u00abproyecciones de inflaci\u00f3n elevadas, resiliencia en la actividad econ\u00f3mica y presiones en el mercado de trabajo\u00bb.<\/p>\n<p>El mercado prev\u00e9 que la Selic se mantendr\u00e1 en 15% anual hasta finales de 2025 o inicios de 2026.\u00a0<\/p>\n<p>En su \u00faltima reuni\u00f3n de septiembre, el Copom ya hab\u00eda anunciado que la tasa Selic se mantendr\u00eda en 15% anual durante \u00abun per\u00edodo prolongado\u00bb.\u00a0<\/p>\n<p>La econom\u00eda brasile\u00f1a crecer\u00e1 un poco m\u00e1s de lo previsto, a 2,4%, aunque es una ca\u00edda respecto al 3,4% que registr\u00f3 en 2024, seg\u00fan estimaciones del Fondo Monetario Internacional en octubre.<\/p>\n<p>ll-rsr\/jss\/dga<\/p>\n","protected":false},"excerpt":{"rendered":"afp_tickers Este contenido fue publicado en 06 noviembre 2025 &#8211; 17:30 El Banco Central de Brasil mantuvo el&hellip;\n","protected":false},"author":2,"featured_media":222029,"comment_status":"","ping_status":"","sticky":false,"template":"","format":"standard","meta":{"footnotes":""},"categories":[80],"tags":[82,4430,95,94,84,25,24,10776,87,23,90],"class_list":{"0":"post-222028","1":"post","2":"type-post","3":"status-publish","4":"format-standard","5":"has-post-thumbnail","7":"category-economia","8":"tag-business","9":"tag-central-bank","10":"tag-economia","11":"tag-economy","12":"tag-economy-general","13":"tag-es","14":"tag-espana","15":"tag-interest-rate","16":"tag-macro-economics","17":"tag-spain","18":"tag-ticker"},"share_on_mastodon":{"url":"https:\/\/pubeurope.com\/@es\/115504165140132406","error":""},"_links":{"self":[{"href":"https:\/\/www.europesays.com\/es\/wp-json\/wp\/v2\/posts\/222028","targetHints":{"allow":["GET"]}}],"collection":[{"href":"https:\/\/www.europesays.com\/es\/wp-json\/wp\/v2\/posts"}],"about":[{"href":"https:\/\/www.europesays.com\/es\/wp-json\/wp\/v2\/types\/post"}],"author":[{"embeddable":true,"href":"https:\/\/www.europesays.com\/es\/wp-json\/wp\/v2\/users\/2"}],"replies":[{"embeddable":true,"href":"https:\/\/www.europesays.com\/es\/wp-json\/wp\/v2\/comments?post=222028"}],"version-history":[{"count":0,"href":"https:\/\/www.europesays.com\/es\/wp-json\/wp\/v2\/posts\/222028\/revisions"}],"wp:featuredmedia":[{"embeddable":true,"href":"https:\/\/www.europesays.com\/es\/wp-json\/wp\/v2\/media\/222029"}],"wp:attachment":[{"href":"https:\/\/www.europesays.com\/es\/wp-json\/wp\/v2\/media?parent=222028"}],"wp:term":[{"taxonomy":"category","embeddable":true,"href":"https:\/\/www.europesays.com\/es\/wp-json\/wp\/v2\/categories?post=222028"},{"taxonomy":"post_tag","embeddable":true,"href":"https:\/\/www.europesays.com\/es\/wp-json\/wp\/v2\/tags?post=222028"}],"curies":[{"name":"wp","href":"https:\/\/api.w.org\/{rel}","templated":true}]}}