{"id":222048,"date":"2025-11-06T18:43:10","date_gmt":"2025-11-06T18:43:10","guid":{"rendered":"https:\/\/www.europesays.com\/es\/222048\/"},"modified":"2025-11-06T18:43:10","modified_gmt":"2025-11-06T18:43:10","slug":"video-de-blind-guardian-evergrey-estrenan-single-fechas-iberoamericanas-de-symphony-x","status":"publish","type":"post","link":"https:\/\/www.europesays.com\/es\/222048\/","title":{"rendered":"V\u00eddeo de BLIND GUARDIAN. EVERGREY estrenan single. Fechas iberoamericanas de SYMPHONY X."},"content":{"rendered":"<p>\u00a0<\/p>\n<p style=\"text-align: center;\"><strong><a href=\"#BLIND_GUARDIAN\">V\u00eddeo de BLIND GUARDIAN<\/a> \u2013 <a href=\"#EVERGREY\">EVERGREY estrenan single<\/a> \u2013 <a href=\"#X\">Fechas iberoamericanas de SYMPHONY X<\/a>.<\/strong><\/p>\n<p><a title=\"Go to: Homepage\" href=\"http:\/\/www.blind-guardian.com\/\" target=\"_blank\" rel=\"noopener nofollow\"><strong>BLIND GUARDIAN<\/strong><\/a> han publicado un nuevo v\u00eddeo para el tema \u201cAshes To Ashes\u201d como promoci\u00f3n su inminente gira norteamericana tocando el disco \u201cSomewhere Far Beyond\u201d.<\/p>\n<p>La banda ya piensa en su <a href=\"https:\/\/www.rafabasa.com\/2025\/10\/24\/blind-guardian-fates-warning-latzen\/#GUARDIAN\" rel=\"nofollow noopener\" target=\"_blank\">pr\u00f3ximo disco<\/a>.<\/p>\n<p>Nuclear Blast sac\u00f3 el 2 de agosto de 2024 una versi\u00f3n regrabada del cl\u00e1sico cuarto disco de <a title=\"Go to: Homepage\" href=\"http:\/\/www.blind-guardian.com\/\" target=\"_blank\" rel=\"noopener nofollow\"><strong>BLIND GUARDIAN<\/strong><\/a> \u201cSomewhere Far Beyond\u201d renombrada para la ocasi\u00f3n \u201cSomewhere Far Beyond Revisited\u201d.<\/p>\n<p>Todos los detalles en esta <a href=\"https:\/\/www.rafabasa.com\/2024\/06\/07\/blind-guardian-cactus-think-inside-me\/#BLIND_GUARDIAN\" target=\"_blank\" rel=\"noopener nofollow\">noticia<\/a>.<\/p>\n<p>\u00a0<\/p>\n<p>A continuaci\u00f3n ten\u00e9is el nuevo single y v\u00eddeo de <a href=\"https:\/\/www.facebook.com\/Evergrey\" target=\"_blank\" rel=\"noopener nofollow\"><strong>EVERGREY<\/strong><\/a> \u201cOxygen\u201d.<\/p>\n<p>Comenta la banda: \u201cEstamos emocionados por estrenar nuestro nuevo single \u201cOxygen\u201d. Este es el <strong>EVERGREY<\/strong> m\u00e1s explosivo, casi nuestro tema m\u00e1s ca\u00f1ero lleno de riffs aplastantes, vibrantes cambios de ritmo y melod\u00edas desgarradoras que despertar\u00e1n tu alma. A nivel de letras representa la crudeza y el peso asfixiante de la oscuridad interna, y tambi\u00e9n simboliza la incansable y inacabable guerra para salir y agarrarse a ese \u00faltimo vestigio de esperanza. Hemos sangrado por este y tenemos ganas de que viv\u00e1is su intensidad. Porque esto es nosotros como nunca nos hab\u00edas escuchado.\u201d<\/p>\n<p><img fetchpriority=\"high\" decoding=\"async\" src=\"https:\/\/www.europesays.com\/es\/wp-content\/uploads\/2025\/11\/EvergreyOxygen.jpg\" alt=\"EVERGREY\" width=\"500\" height=\"500\"\/><\/p>\n<p><a href=\"https:\/\/www.facebook.com\/Evergrey\" target=\"_blank\" rel=\"noopener nofollow\"><strong>EVERGREY<\/strong><\/a> editaron el 7 de junio de 2024 a trav\u00e9s de Napalm Records su \u00faltimo disco \u201cTheories Of Emptiness\u201d.<\/p>\n<p>Todos los detalles en esta <a href=\"https:\/\/www.rafabasa.com\/2024\/04\/11\/evergrey-anuncian-un-nuevo-disco-titulado-theories-of-emptiness\/\" target=\"_blank\" rel=\"noopener nofollow\">noticia<\/a> y los v\u00eddeos aparecidos en <a href=\"https:\/\/www.rafabasa.com\/2024\/06\/04\/evergrey-estrenan-su-nuevo-video-cold-dreams-y-anuncian-fechas\/\" target=\"_blank\" rel=\"noopener nofollow\">esta<\/a>.<\/p>\n<p>\u00a0<\/p>\n<p>\u00a0<\/p>\n<p><a href=\"http:\/\/www.symphonyx.com\/site\/\" target=\"_blank\" rel=\"noopener nofollow\"><strong>SYMPHONY X<\/strong><\/a> han ampliado su pr\u00f3ximo itinerario por Iberoam\u00e9rica:<\/p>\n<p>Marzo<\/p>\n<ul type=\"disc\">\n<li>11 C3 Stage, Guadalajara, M\u00e9xico<\/li>\n<li>12 Nanda\u2019s, Monterrey, M\u00e9xico<\/li>\n<li>13 Foro Vel\u00f3dromo, Ciudad de M\u00e9xico, M\u00e9xico<\/li>\n<li>15 Telet\u00f3n, Santiago, Chile<\/li>\n<li>17 Teatro Flores, Buenos Aires, Argentina<\/li>\n<li>18 Montevideo Music Box, Montevideo, Uruguay<\/li>\n<li>20 Tokio Marine Hall, Sao Paulo, Brasil<\/li>\n<li>21 Tork N\u2019 Roll, Curitiba. Brasil<\/li>\n<li>22 Sacadura 154, R\u00edo de Janeiro, Brasil<\/li>\n<li>25 Royal Center, Bogot\u00e1, Colombia<\/li>\n<li>27 Pepper Club, San Jos\u00e9, Costa Rica<\/li>\n<\/ul>\n<p><img loading=\"lazy\" decoding=\"async\" src=\"https:\/\/www.europesays.com\/es\/wp-content\/uploads\/2025\/11\/cartel_latam26_1.jpg\" alt=\"SYMPHONY X \" width=\"400\" height=\"500\"\/><\/p>\n<p>La banda podr\u00eda editar un <a href=\"https:\/\/www.rafabasa.com\/2025\/08\/17\/iron-maiden-symphony-x-in-extremo\/#SYMPHONY_X\" rel=\"nofollow noopener\" target=\"_blank\">nuevo disco<\/a> en 2026.<\/p>\n<p><a href=\"http:\/\/www.symphonyx.com\/site\/\" target=\"_blank\" rel=\"noopener nofollow\"><strong>SYMPHONY X<\/strong><\/a>\u00a0editaron el 24 de julio de 2015 a trav\u00e9s de Nuclear Blast Records su \u00faltima obra \u201cUnderworld\u201d.<\/p>\n<p>M\u00e1s detalles en esta\u00a0<a href=\"https:\/\/www.rafabasa.com\/2015\/05\/18\/van-halen-symphony-x-aria-crobotscorpion-child-eternal-dream\/#SYMPHONY_X\" target=\"_blank\" rel=\"noopener nofollow\">noticia<\/a>.<\/p>\n<p>\u00a0<\/p>\n<p align=\"center\"><strong>Sigue el\u00a0<a href=\"https:\/\/whatsapp.com\/channel\/0029VaCprxVBA1f555USvT2O\" target=\"_blank\" rel=\"nofollow noopener\">Canal de RAFABASA.COM en WhatsApp<\/a>, donde encontrar\u00e1s todas nuestras novedades al instante<\/strong><\/p>\n","protected":false},"excerpt":{"rendered":"\u00a0 V\u00eddeo de BLIND GUARDIAN \u2013 EVERGREY estrenan single \u2013 Fechas iberoamericanas de SYMPHONY X. BLIND GUARDIAN han&hellip;\n","protected":false},"author":2,"featured_media":222049,"comment_status":"","ping_status":"","sticky":false,"template":"","format":"standard","meta":{"footnotes":""},"categories":[170],"tags":[37918,146,147,25,24,58992,184,185,23,36356],"class_list":{"0":"post-222048","1":"post","2":"type-post","3":"status-publish","4":"format-standard","5":"has-post-thumbnail","7":"category-musica","8":"tag-blind-guardian","9":"tag-entertainment","10":"tag-entretenimiento","11":"tag-es","12":"tag-espana","13":"tag-evergrey","14":"tag-music","15":"tag-musica","16":"tag-spain","17":"tag-symphony-x"},"share_on_mastodon":{"url":"https:\/\/pubeurope.com\/@es\/115504232069061251","error":""},"_links":{"self":[{"href":"https:\/\/www.europesays.com\/es\/wp-json\/wp\/v2\/posts\/222048","targetHints":{"allow":["GET"]}}],"collection":[{"href":"https:\/\/www.europesays.com\/es\/wp-json\/wp\/v2\/posts"}],"about":[{"href":"https:\/\/www.europesays.com\/es\/wp-json\/wp\/v2\/types\/post"}],"author":[{"embeddable":true,"href":"https:\/\/www.europesays.com\/es\/wp-json\/wp\/v2\/users\/2"}],"replies":[{"embeddable":true,"href":"https:\/\/www.europesays.com\/es\/wp-json\/wp\/v2\/comments?post=222048"}],"version-history":[{"count":0,"href":"https:\/\/www.europesays.com\/es\/wp-json\/wp\/v2\/posts\/222048\/revisions"}],"wp:featuredmedia":[{"embeddable":true,"href":"https:\/\/www.europesays.com\/es\/wp-json\/wp\/v2\/media\/222049"}],"wp:attachment":[{"href":"https:\/\/www.europesays.com\/es\/wp-json\/wp\/v2\/media?parent=222048"}],"wp:term":[{"taxonomy":"category","embeddable":true,"href":"https:\/\/www.europesays.com\/es\/wp-json\/wp\/v2\/categories?post=222048"},{"taxonomy":"post_tag","embeddable":true,"href":"https:\/\/www.europesays.com\/es\/wp-json\/wp\/v2\/tags?post=222048"}],"curies":[{"name":"wp","href":"https:\/\/api.w.org\/{rel}","templated":true}]}}