{"id":22205,"date":"2025-08-03T06:15:07","date_gmt":"2025-08-03T06:15:07","guid":{"rendered":"https:\/\/www.europesays.com\/es\/22205\/"},"modified":"2025-08-03T06:15:07","modified_gmt":"2025-08-03T06:15:07","slug":"mirtha-legrand-destapo-la-realidad-de-su-hija-marcela-tinayre-espectaculo-el-intransigente","status":"publish","type":"post","link":"https:\/\/www.europesays.com\/es\/22205\/","title":{"rendered":"Mirtha Legrand destap\u00f3 la realidad de su hija, Marcela Tinayre ESPECT\u00c1CULO El Intransigente"},"content":{"rendered":"<p><strong><a href=\"https:\/\/elintransigente.com\/tag\/mirtha-legrabd\/\" rel=\"nofollow noopener\" target=\"_blank\">Mirtha Legrand <\/a><\/strong>encabez\u00f3 una nueva emisi\u00f3n de \u00ab<strong>La Noche de Mirtha\u00bb<\/strong>, el cl\u00e1sico televisivo que contin\u00faa despertando inter\u00e9s y comentarios en la audiencia argentina tras a\u00f1os de trayectoria. Fiel a su impronta, la emblem\u00e1tica conductora volvi\u00f3 a demostrar por qu\u00e9 es una de las figuras m\u00e1s filosas y contundentes de la pantalla de<strong><a href=\"https:\/\/www.instagram.com\/eltrecetv\/\" rel=\"nofollow noopener\" target=\"_blank\"> El Trece.<\/a><\/strong><\/p>\n<p>Sucede que la animadora habl\u00f3 de la repentina muerte de la Locomotora Oliveras, reconocida exboxeadora e influencer, y los invitados a la \u00abmesaza\u00bb se lamentaron por el triste final de la famosa.<\/p>\n<p>De hecho, Mirtha Legrand se refiri\u00f3 al dolor de <strong><a href=\"https:\/\/elintransigente.com\/2024\/12\/lo-decidi-marcela-tinayre-confirmo-su-discusion-con-mirtha-legrand\/\" rel=\"nofollow noopener\" target=\"_blank\">Marcela Tinayre<\/a><\/strong> por lo ocurrido con Oliveras ya que trabaj\u00f3 con la deportista. \u00abMarcela qued\u00f3 destruida, la efecto much\u00edsimo, era una genia, estuvo con ella en su programa. Era muy inteligente. Qu\u00e9 muerte terrible que tuvo, pobre. Qu\u00e9 lindo lo que dej\u00f3. Le dio un ACV durmiendo\u00bb, dijo la conductora y mostr\u00f3 su congoja en vivo.<\/p>\n<p>  Mirtha Legrand no pierde vigencia<\/p>\n<p>El programa de <strong>Mirtha Legrand<\/strong> contin\u00faa consolid\u00e1ndose como un cl\u00e1sico indiscutido de la televisi\u00f3n argentina. Con m\u00e1s de cinco d\u00e9cadas al aire, La Noche de Mirtha se mantiene vigente y logra excelentes niveles de audiencia cada s\u00e1bado por la pantalla de El Trece. Su f\u00f3rmula inconfundible de entrevistas cara a cara, debates actuales y su estilo directo la posicionan como una figura clave del prime time nacional.<\/p>\n<p>A pesar de los cambios en el mundo televisivo, Mirtha sigue marcando tendencia. Cada emisi\u00f3n genera repercusi\u00f3n en redes sociales, donde sus declaraciones y las de sus invitados se viralizan r\u00e1pidamente. Parte de su \u00e9xito radica en la cuidada selecci\u00f3n de figuras que se sientan a su mesa, que suelen incluir pol\u00edticos, artistas, periodistas y personalidades de gran actualidad.<\/p>\n<p>El regreso de Mirtha Legrand fue celebrado tanto por el p\u00fablico como por sus colegas del medio. Su presencia irradia autoridad, elegancia y experiencia, convirtiendo cada emisi\u00f3n en un evento especial. A sus 97 a\u00f1os, la diva demuestra que el carisma, la inteligencia y la pasi\u00f3n por el trabajo no tienen edad. Con su estilo inconfundible, Mirtha Legrand sigue haciendo historia en la televisi\u00f3n argentina.<\/p>\n<p><img loading=\"lazy\" data-recalc-dims=\"1\" decoding=\"async\" width=\"880\" height=\"498\" src=\"https:\/\/www.europesays.com\/es\/wp-content\/uploads\/2025\/08\/Locomotora-Oliveras-2.png\" alt=\"Locomotora Oliveras\" class=\"wp-image-2238155\"  \/>Fuente: @regina_cosmetics \/ Instagram  <script async src=\"\/\/www.instagram.com\/embed.js\"><\/script><\/p>\n","protected":false},"excerpt":{"rendered":"Mirtha Legrand encabez\u00f3 una nueva emisi\u00f3n de \u00abLa Noche de Mirtha\u00bb, el cl\u00e1sico televisivo que contin\u00faa despertando inter\u00e9s&hellip;\n","protected":false},"author":2,"featured_media":22206,"comment_status":"","ping_status":"","sticky":false,"template":"","format":"standard","meta":{"footnotes":""},"categories":[171],"tags":[13069,146,147,25,24,13070,13071,13072,23,214],"class_list":{"0":"post-22205","1":"post","2":"type-post","3":"status-publish","4":"format-standard","5":"has-post-thumbnail","7":"category-tv","8":"tag-el-trece","9":"tag-entertainment","10":"tag-entretenimiento","11":"tag-es","12":"tag-espana","13":"tag-locomotora-oliveras","14":"tag-marcela-tinayre","15":"tag-mirtha-legrand","16":"tag-spain","17":"tag-tv"},"share_on_mastodon":{"url":"","error":""},"_links":{"self":[{"href":"https:\/\/www.europesays.com\/es\/wp-json\/wp\/v2\/posts\/22205","targetHints":{"allow":["GET"]}}],"collection":[{"href":"https:\/\/www.europesays.com\/es\/wp-json\/wp\/v2\/posts"}],"about":[{"href":"https:\/\/www.europesays.com\/es\/wp-json\/wp\/v2\/types\/post"}],"author":[{"embeddable":true,"href":"https:\/\/www.europesays.com\/es\/wp-json\/wp\/v2\/users\/2"}],"replies":[{"embeddable":true,"href":"https:\/\/www.europesays.com\/es\/wp-json\/wp\/v2\/comments?post=22205"}],"version-history":[{"count":0,"href":"https:\/\/www.europesays.com\/es\/wp-json\/wp\/v2\/posts\/22205\/revisions"}],"wp:featuredmedia":[{"embeddable":true,"href":"https:\/\/www.europesays.com\/es\/wp-json\/wp\/v2\/media\/22206"}],"wp:attachment":[{"href":"https:\/\/www.europesays.com\/es\/wp-json\/wp\/v2\/media?parent=22205"}],"wp:term":[{"taxonomy":"category","embeddable":true,"href":"https:\/\/www.europesays.com\/es\/wp-json\/wp\/v2\/categories?post=22205"},{"taxonomy":"post_tag","embeddable":true,"href":"https:\/\/www.europesays.com\/es\/wp-json\/wp\/v2\/tags?post=22205"}],"curies":[{"name":"wp","href":"https:\/\/api.w.org\/{rel}","templated":true}]}}