{"id":222061,"date":"2025-11-06T18:51:11","date_gmt":"2025-11-06T18:51:11","guid":{"rendered":"https:\/\/www.europesays.com\/es\/222061\/"},"modified":"2025-11-06T18:51:11","modified_gmt":"2025-11-06T18:51:11","slug":"la-comision-parlamentaria-de-la-dana-veta-a-las-familias-criticas-con-la-gestion-de-sanchez","status":"publish","type":"post","link":"https:\/\/www.europesays.com\/es\/222061\/","title":{"rendered":"La comisi\u00f3n parlamentaria de la dana veta a las familias cr\u00edticas con la gesti\u00f3n de S\u00e1nchez"},"content":{"rendered":"<p>La <strong><a href=\"https:\/\/theobjective.com\/etiqueta\/comision-de-investigacion\" rel=\"nofollow noopener\" target=\"_blank\">comisi\u00f3n de investigaci\u00f3n<\/a> sobre la gesti\u00f3n de la <a href=\"https:\/\/theobjective.com\/etiqueta\/dana\" rel=\"nofollow noopener\" target=\"_blank\">dana <\/a>del 29 de octubre de 2024<\/strong>, constituida en el Congreso de los Diputados, <strong>ha vetado la comparecencia de las familias de v\u00edctimas que han sido m\u00e1s cr\u00edticas con el Gobierno de Pedro S\u00e1nchez<\/strong>, seg\u00fan consta en un escrito remitido este mi\u00e9rcoles a la<a href=\"https:\/\/theobjective.com\/etiqueta\/congreso\" rel=\"nofollow noopener\" target=\"_blank\"> C\u00e1mara Baja <\/a>por la letrada <strong>Pilar Esquinas<\/strong>.<\/p>\n<p>En nombre de <strong>Yolanda Garrido<\/strong>, afectada por la tragedia y promotora de la petici\u00f3n ciudadana que dio origen a la comisi\u00f3n, Esquinas ha solicitado su <strong>personaci\u00f3n formal y la posibilidad de comparecer p\u00fablicamente<\/strong> ante los diputados. Tambi\u00e9n reclama la incorporaci\u00f3n de la asociaci\u00f3n <strong>Uni\u00f3n del Pueblo 29<\/strong>, que agrupa a v\u00edctimas y afectados por la cat\u00e1strofe, como <strong>parte interesada<\/strong> en los trabajos parlamentarios. Se da la casualidad que Yolanda Garrido fue una de las familiares de las v\u00edctimas que hace una semana vociferaron en el funeral de la dana contra la gesti\u00f3n de la cat\u00e1strofe por parte del presidente del Gobierno, <strong><a href=\"https:\/\/theobjective.com\/etiqueta\/pedro-sanchez\" rel=\"nofollow noopener\" target=\"_blank\">Pedro S\u00e1nchez<\/a><\/strong>.<\/p>\n<p>El escrito, dirigido al presidente de la comisi\u00f3n de la dana, subraya que <strong>ni Garrido ni la asociaci\u00f3n han sido llamadas<\/strong> a participar en las sesiones iniciales, a pesar de haber impulsado una campa\u00f1a de recogida de firmas y la petici\u00f3n original registrada en el Congreso el 12 de diciembre del pasado a\u00f1o. \u00abNo han sido tenidas por parte interesada, ni llamadas a declarar\u00bb, denuncia la abogada, quien advierte que la exclusi\u00f3n <strong>\u00abmenoscaba el derecho de participaci\u00f3n p\u00fablica y la voz de las v\u00edctimas\u00bb<\/strong>.<\/p>\n<p>Derecho de participaci\u00f3n <\/p>\n<p>La solicitud fundamenta su reclamaci\u00f3n en los <strong>art\u00edculos 29 de la Constituci\u00f3n y la Ley Org\u00e1nica 4\/2001<\/strong>, que protegen el derecho de petici\u00f3n ante las Cortes, as\u00ed como en la <strong>Ley 27\/2006<\/strong>, que garantiza la participaci\u00f3n del p\u00fablico en asuntos medioambientales. Esquinas recuerda adem\u00e1s que la <strong>Ley 17\/2015 del Sistema Nacional de Protecci\u00f3n Civil<\/strong> impone a las autoridades el deber de incorporar el testimonio de los afectados en las evaluaciones posteriores a un desastre.<\/p>\n<p>El documento solicita expresamente que se <strong>registre oficialmente la personaci\u00f3n<\/strong> de Garrido y de la asociaci\u00f3n Uni\u00f3n del Pueblo 29, que se les conceda una <strong>fecha de comparecencia con car\u00e1cter preferente<\/strong> y que se les facilite el <strong>acceso a toda la documentaci\u00f3n<\/strong> obrante en la comisi\u00f3n. Asimismo, pide habilitar un <strong>canal permanente para remitir propuestas de mejora<\/strong> en materia de urbanismo, gesti\u00f3n hidrogr\u00e1fica, avisos tempranos, protocolos de emergencia y atenci\u00f3n a las v\u00edctimas. Finalmente, se solicita que se le reconozca a la asociaci\u00f3n poder proponer la comparecencia de responsables y expertos.<\/p>\n<p>Un veto con carga pol\u00edtica<\/p>\n<p>El caso ha generado malestar en una parte de las familias afectadas que reclaman una investigaci\u00f3n <strong>sin filtros ni exclusiones partidistas<\/strong>. Yolanda Garrido, que perdi\u00f3 a tres miembros de su familia durante la dana, se ha mostrado muy cr\u00edtica con la gesti\u00f3n del Gobierno central y con la falta de responsabilidades pol\u00edticas asumidas tras la tragedia. Fuentes pr\u00f3ximas a las v\u00edctimas sostienen que la comisi\u00f3n <strong>\u00abha cerrado la puerta a quienes denunciaron p\u00fablicamente la inacci\u00f3n del Ejecutivo\u00bb<\/strong>.<\/p>\n<p>La abogada concluye en su escrito que la exclusi\u00f3n de Garrido y de Uni\u00f3n del Pueblo 29 constituye una forma de <strong>\u00absilencio selectivo\u00bb<\/strong> hacia las v\u00edctimas m\u00e1s inc\u00f3modas pol\u00edticamente. Adem\u00e1s, pide que <strong>conste en el Diario de Sesiones<\/strong> que su representada fue <strong>la promotora de la petici\u00f3n ciudadana<\/strong> que motiv\u00f3 la creaci\u00f3n de la comisi\u00f3n.<\/p>\n<p>Asociaciones afines a Comprom\u00eds<\/p>\n<p>La pol\u00e9mica se agrava porque <strong>esta misma semana han comparecido en la comisi\u00f3n representantes de otras asociaciones de v\u00edctimas<\/strong>, curiosamente <strong>aquellas que tienen entre sus dirigentes a miembros de Comprom\u00eds<\/strong> y que en el \u00faltimo a\u00f1o <strong>han centrado sus cr\u00edticas en Carlos Maz\u00f3n<\/strong>, presidente de la Generalitat hasta su dimisi\u00f3n, <strong>y no en el Gobierno de Pedro S\u00e1nchez<\/strong>.<\/p>\n<p>El sesgo en la selecci\u00f3n de comparecientes resulta a\u00fan m\u00e1s llamativo si se recuerda que <strong>el 3 de noviembre del pasado a\u00f1o S\u00e1nchez sali\u00f3 huyendo de Paiporta<\/strong>, considerada la zona cero de la dana, <strong>ante las protestas y abucheos de centenares de vecinos<\/strong>, mientras que <strong>los Reyes y el entonces presidente valenciano permanecieron junto a los ciudadanos y los voluntarios<\/strong> que trabajaban en las tareas de limpieza del barro.<\/p>\n<p>La comisi\u00f3n de la dana fue aprobada por el pleno del Congreso el pasado  <strong>13 de marzo<\/strong>, con el objetivo de analizar la gesti\u00f3n institucional y la respuesta de las administraciones ante la cat\u00e1strofe. Sin embargo, la ausencia de las voces m\u00e1s cr\u00edticas con el Ejecutivo ha reabierto el debate sobre la <strong>instrumentalizaci\u00f3n pol\u00edtica de la investigaci\u00f3n<\/strong>.<\/p>\n","protected":false},"excerpt":{"rendered":"La comisi\u00f3n de investigaci\u00f3n sobre la gesti\u00f3n de la dana del 29 de octubre de 2024, constituida en&hellip;\n","protected":false},"author":2,"featured_media":222062,"comment_status":"","ping_status":"","sticky":false,"template":"","format":"standard","meta":{"footnotes":""},"categories":[8],"tags":[17,18,2641,58994,14892,1681,25,24,12859,13,14,11,19,20,9,10,15,16,5966,23,12,21,22,58995],"class_list":{"0":"post-222061","1":"post","2":"type-post","3":"status-publish","4":"format-standard","5":"has-post-thumbnail","7":"category-espana","8":"tag-breaking-news","9":"tag-breakingnews","10":"tag-carlos-mazu00f3n","11":"tag-comisiu00f3n-de-investigaciu00f3n","12":"tag-congreso-de-los-diputados","13":"tag-dana","14":"tag-es","15":"tag-espana","16":"tag-familiares","17":"tag-featured-news","18":"tag-featurednews","19":"tag-headlines","20":"tag-latest-news","21":"tag-latestnews","22":"tag-news","23":"tag-noticias","24":"tag-noticias-destacadas","25":"tag-noticiasdestacadas","26":"tag-pedro-su00e1nchez","27":"tag-spain","28":"tag-titulares","29":"tag-ultimas-noticias","30":"tag-ultimasnoticias","31":"tag-vu00edctimas"},"share_on_mastodon":{"url":"https:\/\/pubeurope.com\/@es\/115504262991035605","error":""},"_links":{"self":[{"href":"https:\/\/www.europesays.com\/es\/wp-json\/wp\/v2\/posts\/222061","targetHints":{"allow":["GET"]}}],"collection":[{"href":"https:\/\/www.europesays.com\/es\/wp-json\/wp\/v2\/posts"}],"about":[{"href":"https:\/\/www.europesays.com\/es\/wp-json\/wp\/v2\/types\/post"}],"author":[{"embeddable":true,"href":"https:\/\/www.europesays.com\/es\/wp-json\/wp\/v2\/users\/2"}],"replies":[{"embeddable":true,"href":"https:\/\/www.europesays.com\/es\/wp-json\/wp\/v2\/comments?post=222061"}],"version-history":[{"count":0,"href":"https:\/\/www.europesays.com\/es\/wp-json\/wp\/v2\/posts\/222061\/revisions"}],"wp:featuredmedia":[{"embeddable":true,"href":"https:\/\/www.europesays.com\/es\/wp-json\/wp\/v2\/media\/222062"}],"wp:attachment":[{"href":"https:\/\/www.europesays.com\/es\/wp-json\/wp\/v2\/media?parent=222061"}],"wp:term":[{"taxonomy":"category","embeddable":true,"href":"https:\/\/www.europesays.com\/es\/wp-json\/wp\/v2\/categories?post=222061"},{"taxonomy":"post_tag","embeddable":true,"href":"https:\/\/www.europesays.com\/es\/wp-json\/wp\/v2\/tags?post=222061"}],"curies":[{"name":"wp","href":"https:\/\/api.w.org\/{rel}","templated":true}]}}