{"id":222081,"date":"2025-11-06T19:09:09","date_gmt":"2025-11-06T19:09:09","guid":{"rendered":"https:\/\/www.europesays.com\/es\/222081\/"},"modified":"2025-11-06T19:09:09","modified_gmt":"2025-11-06T19:09:09","slug":"la-see-advierte-sobre-el-riesgo-de-rebrote-de-sarampion-y-polio-en-espana","status":"publish","type":"post","link":"https:\/\/www.europesays.com\/es\/222081\/","title":{"rendered":"La SEE advierte sobre el riesgo de rebrote de sarampi\u00f3n y polio en Espa\u00f1a"},"content":{"rendered":"<p>Mantener altas coberturas vacunales y una vigilancia activa sigue siendo esencial para lograr la eliminaci\u00f3n total del sarampi\u00f3n y la poliomielitis. As\u00ed lo han recordado los expertos reunidos en la\u00a0IX Jornada sobre Vacunaciones de la Sociedad Espa\u00f1ola de Epidemiolog\u00eda (SEE),\u00a0celebrada en el Instituto de Salud Carlos III. El encuentro ha &#8230;            &#13;\n        <\/p>\n<p>Mantener altas coberturas vacunales y una vigilancia activa sigue siendo esencial para lograr la eliminaci\u00f3n total del sarampi\u00f3n y la poliomielitis. As\u00ed lo han recordado los expertos reunidos en la\u00a0<strong>IX Jornada sobre Vacunaciones de la Sociedad Espa\u00f1ola de Epidemiolog\u00eda <\/strong><strong>(SEE),<\/strong>\u00a0celebrada en el Instituto de Salud Carlos III. El encuentro ha reunido a investigadores, profesionales de salud p\u00fablica y representantes institucionales para analizar el estado de la poliomielitis y el sarampi\u00f3n, dos enfermedades prevenibles con vacuna que, pese a los notables avances logrados, siguen representando un reto para la salud global.<\/p>\n<p><strong>Retos pendientes en la erradicaci\u00f3n de la poliomielitis<\/strong><\/p>\n<p>Los ponentes han coincidido en que la erradicaci\u00f3n mundial de la poliomielitis sigue siendo un objetivo pendiente,\u00a0<strong>a pesar de la <\/strong><strong>reducci\u00f3<\/strong><strong>n a nivel mundial de m<\/strong><strong>\u00e1s<\/strong><strong> del 99% de los casos desde 1988.<\/strong>\u00a0Entre otras conclusiones, se ha puesto de relieve el papel crucial de la vigilancia ambiental de poliovirus en aguas residuales, un sistema que permite detectar posibles reintroducciones incluso en ausencia de casos cl\u00ednicos. Este tipo de vigilancia, reforzada durante la pandemia de COVID-19, ha demostrado su utilidad para identificar la circulaci\u00f3n puntual de cepas derivadas de la vacuna oral sin consecuencias cl\u00ednicas, gracias a la alta cobertura vacunal.<\/p>\n<p>Tambi\u00e9n se\u00a0ha subrayado la importancia de los sistemas de vigilancia cl\u00ednica basados en la detecci\u00f3n de enterovirus en casos de par\u00e1lisis fl\u00e1cida aguda y otras patolog\u00edas neurol\u00f3gicas, esenciales para mantener el estatus de <strong>\u00abpa\u00eds libre de polio\u00bb<\/strong> y prevenir la circulaci\u00f3n de poliovirus salvajes o derivados de la vacuna.<\/p>\n<p>Otro de los temas destacados ha sido <strong>el s\u00edndrome <\/strong><strong>post-polio<\/strong> (SPP), una secuela tard\u00eda que afecta a entre el 25 % y el 40 % de las personas que padecieron poliomielitis paral\u00edtica. Los expertos\u00a0han recordado que en Espa\u00f1a podr\u00eda haber unas 10.000 personas afectadas y que a\u00fan existen carencias en su reconocimiento y atenci\u00f3n sanitaria. Durante el debate se ha se\u00f1alado que el legado de la polio no es solo f\u00edsico sino que tambi\u00e9n implica desigualdades, estigmatizaci\u00f3n y p\u00e9rdida de oportunidades vitales. Los profesionales recordaron que la Ley de Memoria Democr\u00e1tica (Ley 20\/2022) incluye una disposici\u00f3n espec\u00edfica que promueve estudios e iniciativas para reconocer a los afectados y garantizar medidas de apoyo a largo plazo.<\/p>\n<p><strong>Sarampi<\/strong><strong>\u00f3n<\/strong><strong>: el desaf\u00edo de mantener la eliminaci\u00f3n<\/strong><\/p>\n<p>La segunda mesa se ha centrado en la situaci\u00f3n del sarampi\u00f3n, una enfermedad para la que Espa\u00f1a mantiene el certificado de eliminaci\u00f3n otorgado por la OMS en el a\u00f1o 2016, pero que enfrenta riesgos de reemergencia ante los brotes recientes y las fluctuaciones en las coberturas vacunales.<\/p>\n<p>Los especialistas han recordado que, aunque nuestro pa\u00eds presenta coberturas elevadas, es necesario mantener una vigilancia sensible y sostenida para detectar casos importados y evitar transmisi\u00f3n. Tambi\u00e9n se\u00a0ha destacado el papel de la vigilancia virol\u00f3gica, que permite identificar genotipos y cadenas de transmisi\u00f3n y ha sido clave para demostrar la ausencia de circulaci\u00f3n end\u00e9mica.<\/p>\n<p>Se\u00a0ha presentado adem\u00e1s la experiencia del reciente brote de sarampi\u00f3n registrado en Bizkaia entre noviembre de 2024 y febrero de 2025, con 52 casos confirmados, principalmente en adultos j\u00f3venes y personal sanitario. Este episodio ha servido para recalcar la importancia de la detecci\u00f3n precoz, la notificaci\u00f3n r\u00e1pida y la comunicaci\u00f3n eficaz con la ciudadan\u00eda, elementos esenciales para contener los brotes y mantener la confianza en las vacunas.<\/p>\n<p><strong>Vigilancia, confianza y cooperaci\u00f3n: los pilares de la eliminaci\u00f3n<\/strong><\/p>\n<p>En las conclusiones, los expertos han coincidido en que la erradicaci\u00f3n del sarampi\u00f3n y la poliomielitis solo ser\u00e1 posible mediante una combinaci\u00f3n de vigilancia epidemiol\u00f3gica constante y coordinada, cooperaci\u00f3n internacional y confianza social en la vacunaci\u00f3n. Tambi\u00e9n han alertado de que los movimientos antivacunas, las brechas de cobertura y la falta de inversi\u00f3n sostenida en vigilancia pueden poner en riesgo d\u00e9cadas de progreso.<\/p>\n<p>La SEE\u00a0ha reiterado que la vacunaci\u00f3n sigue siendo una de las herramientas m\u00e1s eficaces y coste-efectivas de la salud p\u00fablica, y que los esfuerzos por mantener la eliminaci\u00f3n deben integrarse en las estrategias globales de prevenci\u00f3n y control de enfermedades infecciosas.<\/p>\n<p>Durante la inauguraci\u00f3n, la presidenta de la SEE,\u00a0<strong>Maria Jo<\/strong><strong>\u00e3o\u00a0<\/strong><strong>Forjaz<\/strong>, junto con\u00a0<strong>Jos\u00e9\u00a0<\/strong><strong>Luis Pe<\/strong><strong>\u00f1<\/strong><strong>alvo<\/strong>, director del\u00a0Centro Nacional de Epidemiolog\u00eda,\u00a0<strong>Pedro Gull<\/strong><strong>\u00f3n<\/strong>, director general de Salud P\u00fablica y Equidad en Salud en el Ministerio de Sanidad, e\u00a0<strong>Isabel <\/strong><strong>Jado<\/strong>, subdirectora general de Servicios Aplicados, Formaci\u00f3n e Investigaci\u00f3n del Instituto de Salud Carlos III, han destacado la importancia de mantener la cooperaci\u00f3n cient\u00edfica e institucional en materia de vacunaci\u00f3n y vigilancia, elementos esenciales para avanzar hacia la erradicaci\u00f3n.<\/p>\n<p>Las mesas de debate han contado con la participaci\u00f3n de la coordinadora del Grupo de Trabajo sobre Vacunaciones de la Sociedad Espa\u00f1ola de Epidemiolog\u00eda,\u00a0<strong>\u00c1ngela <\/strong><strong>Dom\u00ednguez<\/strong>;\u00a0<strong>Rosa Mar<\/strong><strong>\u00ed<\/strong><strong>a Pint<\/strong><strong>\u00f3<\/strong>, catedr\u00e1tica de Microbiolog\u00eda de la Universidad de Barcelona,\u00a0<strong>Mar\u00eda Cabrerizo y Aurora Fern\u00e1ndez <\/strong><strong>Garc\u00eda<\/strong>, del Centro Nacional de Microbiolog\u00eda,\u00a0<strong>Jos<\/strong><strong>\u00e9<\/strong>\u00a0<strong>Tuells<\/strong>, profesor en el Master de Salud P\u00fablica\u00a0en la\u00a0Universidad de Alicante,\u00a0<strong>Pere Godoy<\/strong>, doctor en la Universitat de Lleida, <strong>Noem\u00ed<\/strong>\u00a0<strong>L\u00f3pez<\/strong>\u00a0<strong>Perea<\/strong>, investigadora en el Centro Nacional de Epidemiolog\u00eda, y\u00a0<strong>Pello Latasa<\/strong>,\u00a0vicepresidente de la Sociedad Espa\u00f1ola de Epidemiolog\u00eda.<\/p>\n","protected":false},"excerpt":{"rendered":"Mantener altas coberturas vacunales y una vigilancia activa sigue siendo esencial para lograr la eliminaci\u00f3n total del sarampi\u00f3n&hellip;\n","protected":false},"author":2,"featured_media":222082,"comment_status":"","ping_status":"","sticky":false,"template":"","format":"standard","meta":{"footnotes":""},"categories":[92],"tags":[10854,11281,59000,1293,16436,25,24,2501,53841,6971,1621,165,58998,293,877,2181,54818,56677,59002,21942,58997,1288,166,3829,58996,492,23,56149,58999,59001,8631],"class_list":{"0":"post-222081","1":"post","2":"type-post","3":"status-publish","4":"format-standard","5":"has-post-thumbnail","7":"category-salud","8":"tag-advierte","9":"tag-altas","10":"tag-coberturas","11":"tag-enfermedades","12":"tag-epidemiologia","13":"tag-es","14":"tag-espana","15":"tag-espanola","16":"tag-estas","17":"tag-evitar","18":"tag-expertos","19":"tag-health","20":"tag-ix","21":"tag-jornada","22":"tag-mantener","23":"tag-necesidad","24":"tag-polio","25":"tag-rebrote","26":"tag-reemergencia","27":"tag-reforzar","28":"tag-reunidos","29":"tag-riesgo","30":"tag-salud","31":"tag-sarampion","32":"tag-see","33":"tag-sociedad","34":"tag-spain","35":"tag-subrayan","36":"tag-vacunaciones","37":"tag-vacunales","38":"tag-vigilancia"},"share_on_mastodon":{"url":"https:\/\/pubeurope.com\/@es\/115504333758853531","error":""},"_links":{"self":[{"href":"https:\/\/www.europesays.com\/es\/wp-json\/wp\/v2\/posts\/222081","targetHints":{"allow":["GET"]}}],"collection":[{"href":"https:\/\/www.europesays.com\/es\/wp-json\/wp\/v2\/posts"}],"about":[{"href":"https:\/\/www.europesays.com\/es\/wp-json\/wp\/v2\/types\/post"}],"author":[{"embeddable":true,"href":"https:\/\/www.europesays.com\/es\/wp-json\/wp\/v2\/users\/2"}],"replies":[{"embeddable":true,"href":"https:\/\/www.europesays.com\/es\/wp-json\/wp\/v2\/comments?post=222081"}],"version-history":[{"count":0,"href":"https:\/\/www.europesays.com\/es\/wp-json\/wp\/v2\/posts\/222081\/revisions"}],"wp:featuredmedia":[{"embeddable":true,"href":"https:\/\/www.europesays.com\/es\/wp-json\/wp\/v2\/media\/222082"}],"wp:attachment":[{"href":"https:\/\/www.europesays.com\/es\/wp-json\/wp\/v2\/media?parent=222081"}],"wp:term":[{"taxonomy":"category","embeddable":true,"href":"https:\/\/www.europesays.com\/es\/wp-json\/wp\/v2\/categories?post=222081"},{"taxonomy":"post_tag","embeddable":true,"href":"https:\/\/www.europesays.com\/es\/wp-json\/wp\/v2\/tags?post=222081"}],"curies":[{"name":"wp","href":"https:\/\/api.w.org\/{rel}","templated":true}]}}