{"id":222104,"date":"2025-11-06T19:26:09","date_gmt":"2025-11-06T19:26:09","guid":{"rendered":"https:\/\/www.europesays.com\/es\/222104\/"},"modified":"2025-11-06T19:26:09","modified_gmt":"2025-11-06T19:26:09","slug":"el-guggenheim-bilbao-exhibe-sus-recientes-compras-y-donaciones","status":"publish","type":"post","link":"https:\/\/www.europesays.com\/es\/222104\/","title":{"rendered":"El Guggenheim Bilbao exhibe sus recientes compras y donaciones"},"content":{"rendered":"<p>\n        <strong>El Guggenheim<\/strong><a href=\"https:\/\/www.deia.eus\/tags\/bilbao\/\" title=\"Bilbao\" class=\"link copy\" rel=\"nofollow noopener\" target=\"_blank\"><strong> Bilbao<\/strong><\/a><strong> ha dado una vuelta a su colecci\u00f3n <\/strong>y presenta una exposici\u00f3n c<strong>on obras de 39 artistas internacionales y 22 nuevas piezas llegadas al museo tras las \u00faltimas adquisiciones<\/strong>,<strong> recientes donaciones o dep\u00f3sitos a largo plazo, <\/strong>que se podr\u00e1 visitar de forma permanente en la tercera planta del edificio de Gehry.\n<\/p>\n<p class=\"article-body__text \">\n        <strong>Patrocinada por BBK, la muestra se distribuye a lo largo de cinco salas<\/strong> corales organizadas independiente y tem\u00e1ticamente que se han visto transformadas en su totalidad para acoger esta exposici\u00f3n, que ha sido presentada por la <strong>directora del museo, Miren Arzalluz, el director general de BBK, Gorka Mart\u00ednez y la comisaria Marta Bl\u00e0via. En total, son 55 obras que reflejan la complejidad del arte contempor\u00e1neo.<\/strong>\n<\/p>\n<p class=\"article-body__text \">\n        A<strong> lo largo de las galer\u00edas, adem\u00e1s de nuevas obras de artistas de referencia de la segunda mitad del siglo XX, como Basquiat, Klein, T\u00e0pies, Twombly o Warhol, la exposici\u00f3n incluye obras de creadores vascos, como Chillida , Oteiza, Ibon Arabberri, Juan P\u00e9rez Agirregoikoa o Erlea Maneros Zabala.\u00a0<\/strong>\n<\/p>\n<p class=\"article-photo__footer\">\n            La exposici\u00f3n se encuentra en la tercer planta de forma permanente.            Jose Mari Martinez Bubu        <\/p>\n<p>  <strong>Del arte del conflicto al Pop y a la abstracci\u00f3n<\/strong><\/p>\n<p class=\"article-body__text \">\n        <strong>Daskalopoulos Collection ha donado a Bilbao seis obras de artistas internacionales<\/strong>. La incorporaci\u00f3n de esta importante donaci\u00f3n enriquece el fondo de la colecci\u00f3n del museo, al sumar nuevas t\u00e9cnicas mixtas, formatos m\u00e1s grandes y una diversidad de soportes. E<strong>n la Sala 302, en la que se re\u00fanen creaciones que se adentran en la experiencia de la violencia y sus huella,<\/strong> se exhibe una de esas obras procedente de esta donaci\u00f3n,<strong> Acropolis ahora, una importante valla de Kendell Geers, que explora el oscuro potencial de violencia y crueldad en el ser humano.<\/strong>\n<\/p>\n<p class=\"article-body__text \">\n        <strong>En la misma sala tambi\u00e9n se puede ver Hubo una guerra, de Jenny Holzer, <\/strong>que recoge <strong>las palabras de personas civiles, detenidos, torturados o desplazados como consecuencia de la dictadura en Siria.<\/strong> Adem\u00e1s en esta galer\u00eda, que aborda el concepto de Arte y conflicto, se pueden ver, entre otras, <strong>Los caminos de la sabidur\u00eda del mundo: la batalla de Hermann, de Kiefer, Hogar, de Mona Hatoum, y\u00a0una fotograf\u00eda del navarro Clemente Bernard<\/strong>, que ya en 2007 present\u00f3 sus obras en el museo, en las que \u201cdenunci\u00f3 la dolorosa situaci\u00f3n que vivimos en el Pa\u00eds Vasco como si fuera un lugar donde la gente se mata una a otra\u201d, aseguraba.\u00a0\n<\/p>\n<p class=\"article-body__text \">\n        Del arte y el conflicto, se pasa al arte pop. <strong>En la sala 303, junto a Warhol y Rosenquist, se puede ver la escultura La invenci\u00f3n de un chiste, de la artista Martin Kippenberger<\/strong>, que deja al espectador completar la narraci\u00f3n de una escena, a\u00f1adiendo una dimensi\u00f3n abierta e interpretativa a la broma que presenta el propio t\u00edtulo. <strong>Y el pr\u00e9stamo a largo plazo Enso\u00f1aci\u00f3n, de Roy Lichtenstein. <\/strong>En mitad de la galer\u00eda, <strong>una enorme escultura del\u00a0\u00a0Bobtail o antiguo pastor ingl\u00e9s Jeff, como a su autor Jeff Koons, padre de Puppy, le gusta llamarla<\/strong>\n<\/p>\n<p class=\"article-body__text \">\n        <strong>Las obras de la sala 305 y 306 demuestran la importancia que el arte abstracto tiene en la colecci\u00f3n del Guggenheim, <\/strong>seg\u00fan asegura Marta Bl\u00e0via. <strong>La imponente obra de Al Held es una pieza central <\/strong>de este espacio, que comparte con Oteiza y Eduardo Chillida.\n<\/p>\n<p class=\"article-body__text \">\n        <strong>A su lado, Lucio Fontana, Antoni T\u00e1pies, Yves Klein y Helen Frankenthaler, a los que uni\u00f3 su necesidad de empezar de nuevo.<\/strong>\n<\/p>\n<p class=\"article-body__text \">\n        La exposici\u00f3n concluye en la sala 307, <strong>en la que artistas como Basquiat o Juan P\u00e9rez Agirregoikoa, entre otros, utilizan la palabra y el gesto como medio de expresi\u00f3n art\u00edstica.<\/strong><\/p>\n","protected":false},"excerpt":{"rendered":"El Guggenheim Bilbao ha dado una vuelta a su colecci\u00f3n y presenta una exposici\u00f3n con obras de 39&hellip;\n","protected":false},"author":2,"featured_media":222105,"comment_status":"","ping_status":"","sticky":false,"template":"","format":"standard","meta":{"footnotes":""},"categories":[173],"tags":[229,233,231,230,2601,3000,4593,232,234,12943,146,147,25,24,12507,983,23],"class_list":{"0":"post-222104","1":"post","2":"type-post","3":"status-publish","4":"format-standard","5":"has-post-thumbnail","7":"category-arte-y-diseno","8":"tag-arte","9":"tag-arte-y-diseno","10":"tag-arts","11":"tag-arts-and-design","12":"tag-bilbao","13":"tag-coleccion","14":"tag-compras","15":"tag-design","16":"tag-diseno","17":"tag-donaciones","18":"tag-entertainment","19":"tag-entretenimiento","20":"tag-es","21":"tag-espana","22":"tag-exhibe","23":"tag-guggenheim","24":"tag-spain"},"share_on_mastodon":{"url":"https:\/\/pubeurope.com\/@es\/115504400466690776","error":""},"_links":{"self":[{"href":"https:\/\/www.europesays.com\/es\/wp-json\/wp\/v2\/posts\/222104","targetHints":{"allow":["GET"]}}],"collection":[{"href":"https:\/\/www.europesays.com\/es\/wp-json\/wp\/v2\/posts"}],"about":[{"href":"https:\/\/www.europesays.com\/es\/wp-json\/wp\/v2\/types\/post"}],"author":[{"embeddable":true,"href":"https:\/\/www.europesays.com\/es\/wp-json\/wp\/v2\/users\/2"}],"replies":[{"embeddable":true,"href":"https:\/\/www.europesays.com\/es\/wp-json\/wp\/v2\/comments?post=222104"}],"version-history":[{"count":0,"href":"https:\/\/www.europesays.com\/es\/wp-json\/wp\/v2\/posts\/222104\/revisions"}],"wp:featuredmedia":[{"embeddable":true,"href":"https:\/\/www.europesays.com\/es\/wp-json\/wp\/v2\/media\/222105"}],"wp:attachment":[{"href":"https:\/\/www.europesays.com\/es\/wp-json\/wp\/v2\/media?parent=222104"}],"wp:term":[{"taxonomy":"category","embeddable":true,"href":"https:\/\/www.europesays.com\/es\/wp-json\/wp\/v2\/categories?post=222104"},{"taxonomy":"post_tag","embeddable":true,"href":"https:\/\/www.europesays.com\/es\/wp-json\/wp\/v2\/tags?post=222104"}],"curies":[{"name":"wp","href":"https:\/\/api.w.org\/{rel}","templated":true}]}}