{"id":222117,"date":"2025-11-06T19:34:05","date_gmt":"2025-11-06T19:34:05","guid":{"rendered":"https:\/\/www.europesays.com\/es\/222117\/"},"modified":"2025-11-06T19:34:05","modified_gmt":"2025-11-06T19:34:05","slug":"apple-tiene-un-plan-para-arreglar-siri-uno-que-pasa-por-hacer-aun-mas-rica-a-google-segun-bloomberg","status":"publish","type":"post","link":"https:\/\/www.europesays.com\/es\/222117\/","title":{"rendered":"Apple tiene un plan para arreglar Siri. Uno que pasa por hacer a\u00fan m\u00e1s rica a Google, seg\u00fan Bloomberg"},"content":{"rendered":"<p>Apple Intelligence fue presentado <a href=\"https:\/\/www.xataka.com\/tag\/wwdc-2024\" rel=\"nofollow noopener\" target=\"_blank\">en 2024 con grandes promesas<\/a>. La principal, una <a class=\"text-outboundlink\" href=\"https:\/\/www.xataka.com\/robotica-e-ia\/siri-se-actualiza-a-grande-gracias-a-apple-intelligence-ahora-da-salto-que-llevabamos-anos-esperando\" data-vars-post-title=\"Siri se actualiza a lo grande gracias a Apple Intelligence. Ahora da el salto que llev\u00e1bamos a\u00f1os esperando\" data-vars-post-url=\"https:\/\/www.xataka.com\/robotica-e-ia\/siri-se-actualiza-a-grande-gracias-a-apple-intelligence-ahora-da-salto-que-llevabamos-anos-esperando\" rel=\"nofollow noopener\" target=\"_blank\">Siri completamente renovada<\/a>, mucho m\u00e1s capaz y vers\u00e1til. Al final result\u00f3 que lo que mostraron era una demo ficticia y <a class=\"text-outboundlink\" href=\"https:\/\/www.xataka.com\/robotica-e-ia\/como-se-gesto-naufragio-nueva-siri-batalla-interna-dentro-apple-intelligence-control-todo\" data-vars-post-title=\"C\u00f3mo se gest\u00f3 el naufragio de la nueva Siri: una batalla interna dentro de Apple Intelligence por el control de todo\" data-vars-post-url=\"https:\/\/www.xataka.com\/robotica-e-ia\/como-se-gesto-naufragio-nueva-siri-batalla-interna-dentro-apple-intelligence-control-todo\" rel=\"nofollow noopener\" target=\"_blank\">la nueva Siri se retras\u00f3 hasta 2026<\/a>. Apple <a class=\"text-outboundlink\" href=\"https:\/\/www.xataka.com\/empresas-y-economia\/apple-cree-que-sus-rivales-no-estan-haciendo-bien-ia-excusa-perfecta-para-retrasar-siri-ano\" data-vars-post-title=\"Apple cree que sus rivales no lo est\u00e1n haciendo bien en IA. Es la excusa perfecta para retrasar Siri un a\u00f1o m\u00e1s  \" data-vars-post-url=\"https:\/\/www.xataka.com\/empresas-y-economia\/apple-cree-que-sus-rivales-no-estan-haciendo-bien-ia-excusa-perfecta-para-retrasar-siri-ano\" rel=\"nofollow noopener\" target=\"_blank\">ha perdido la carrera de la IA<\/a>, al menos en el primer asalto, pero ya tienen un plan para recuperarse. Uno que pasa por entregar 1.000 millones al a\u00f1o a Google, todo mientras siguen desarrollando su propio modelo.<\/p>\n<p><strong>El acuerdo.<\/strong> Cuenta <a rel=\"noopener, noreferrer nofollow\" href=\"https:\/\/www.bloomberg.com\/news\/articles\/2025-11-05\/apple-plans-to-use-1-2-trillion-parameter-google-gemini-model-to-power-new-siri\" target=\"_blank\">Mark Gurman en Bloomberg<\/a> que Apple est\u00e1 a punto de cerrar un acuerdo con Google por valor de 1.000 millones de d\u00f3lares al a\u00f1o. Esto les permitir\u00e1 utilizar el modelo de IA de Gemini para potenciar su asistente Siri, especialmente en las funciones de planificaci\u00f3n y res\u00famenes, que son las que permiten al asistente ejecutar tareas m\u00e1s complejas. Apple ha estado evaluando a otros competidores como OpenAI y Anthropic, pero finalmente se ha decantado por Gemini de Google. <a class=\"text-outboundlink\" href=\"https:\/\/www.xataka.com\/robotica-e-ia\/sabemos-que-parte-2026-llegara-nueva-siri-bloomberg-apple-ha-puesto-fecha-interna-a-su-gran-salto-ia\" data-vars-post-title=\"Ya sabemos en qu\u00e9 parte de 2026 llegar\u00e1 la nueva Siri: Apple ha puesto fecha interna a su gran salto en IA, seg\u00fan Bloomberg\" data-vars-post-url=\"https:\/\/www.xataka.com\/robotica-e-ia\/sabemos-que-parte-2026-llegara-nueva-siri-bloomberg-apple-ha-puesto-fecha-interna-a-su-gran-salto-ia\" rel=\"nofollow noopener\" target=\"_blank\">Se espera que la nueva Siri llegue en primavera del a\u00f1o que viene<\/a>, aunque no hay nada confirmado.<\/p>\n<p>    <a href=\"https:\/\/www.xataka.com\/moviles\/apuesta-total-esim-iphone-air-acaba-pasarle-factura-a-apple-retrasa-reservas-china-a-ultimo-momento\" class=\"pivot-outboundlink\" data-vars-post-title=\"La apuesta total por la eSIM del iPhone Air acaba de pasarle factura a Apple: retrasa las reservas en China a \u00faltimo momento\" rel=\"nofollow noopener\" target=\"_blank\"><br \/>\n     <img loading=\"lazy\" decoding=\"async\" alt=\"La apuesta total por la eSIM del iPhone Air acaba de pasarle factura a Apple: retrasa las reservas en China a \u00faltimo momento\" width=\"375\" height=\"142\" src=\"https:\/\/www.europesays.com\/es\/wp-content\/uploads\/2025\/11\/1762457645_170_375_142.jpeg\"\/><br \/>\n    <\/a><\/p>\n<p><strong>Condiciones<\/strong>. El acuerdo no pasa por integrar Gemini como asistente en los iPhone, sino que se integrar\u00e1 en Siri y adem\u00e1s lo har\u00e1 desde servidores privados de Apple. Esto separar\u00e1 los datos de los usuarios de la infraestructura de Google. Adem\u00e1s, dice Gurman que no van a publicitar el acuerdo como s\u00ed hicieron cuando Google se convirti\u00f3 en el buscador por defecto de Safari, en este caso ser\u00e1 un acuerdo \u00abdetr\u00e1s de las c\u00e1maras\u00bb.<\/p>\n<p><strong>Soluci\u00f3n temporal. <\/strong>Apple no planea usar el modelo de Google para siempre ya que est\u00e1n desarrollando su propio modelo de lenguaje en paralelo. No sabemos mucho sobre c\u00f3mo ser\u00e1, s\u00f3lo que tendr\u00e1 1 bill\u00f3n de par\u00e1metros y esperan tenerlo listo el a\u00f1o que viene. Fuentes de Apple creen que tendr\u00e1 un nivel de calidad similar al de Gemini, pero por ahora no hay nada que lo pruebe. Teniendo en cuenta <a class=\"text-outboundlink\" href=\"https:\/\/www.xataka.com\/empresas-y-economia\/apple-cree-que-sus-rivales-no-estan-haciendo-bien-ia-excusa-perfecta-para-retrasar-siri-ano\" data-vars-post-title=\"Apple cree que sus rivales no lo est\u00e1n haciendo bien en IA. Es la excusa perfecta para retrasar Siri un a\u00f1o m\u00e1s  \" data-vars-post-url=\"https:\/\/www.xataka.com\/empresas-y-economia\/apple-cree-que-sus-rivales-no-estan-haciendo-bien-ia-excusa-perfecta-para-retrasar-siri-ano\" rel=\"nofollow noopener\" target=\"_blank\">los tropiezos de Apple en materia de IA,<\/a> no nos extra\u00f1ar\u00eda que la promesa de su propio modelo acabe diluy\u00e9ndose. Adem\u00e1s, la empresa ha perdido al menos tres ejecutivos clave de IA porque <a rel=\"noopener, noreferrer nofollow\" href=\"https:\/\/www.bloomberg.com\/news\/articles\/2025-07-07\/apple-loses-its-top-ai-models-executive-to-meta-s-hiring-spree\" target=\"_blank\">Zuckerberg los fich\u00f3 para su equipo de superinteligencia.<\/a><\/p>\n<p><strong>China<\/strong>.\u00a0El acuerdo tiene un problema y es que en China est\u00e1n vetados los servicios de Google, por lo que la nueva Siri llegar\u00eda con modificaciones para cumplir con esta restricci\u00f3n. Se habla de que l<a rel=\"noopener, noreferrer nofollow\" href=\"https:\/\/www.bloomberg.com\/news\/articles\/2025-02-14\/apple-plans-to-overhaul-china-iphones-with-ai-by-middle-of-year\" target=\"_blank\">a versi\u00f3n china podr\u00eda contar con modelos propios<\/a> y un filtro local desarrollado por Alibaba. China es un mercado clave para Apple y <a class=\"text-outboundlink\" href=\"https:\/\/www.xataka.com\/empresas-y-economia\/mayor-victoria-apple-trae-su-mayor-miedo-china-no-juega-a-su-favor\" data-vars-post-title=\"El gran problema de Apple no es la IA: es que ya no es la gran marca aspiracional en China\" data-vars-post-url=\"https:\/\/www.xataka.com\/empresas-y-economia\/mayor-victoria-apple-trae-su-mayor-miedo-china-no-juega-a-su-favor\" rel=\"nofollow noopener\" target=\"_blank\">los \u00faltimos resultados no les dejan en buen lugar<\/a>. Que la nueva Siri llegue \u00abcapada\u00bb a China podr\u00eda tener m\u00e1s consecuencias negativas.<\/p>\n<p>Im\u00e1genes | Wikipedia<\/p>\n<p>En Xataka | <a class=\"text-outboundlink\" href=\"https:\/\/www.xataka.com\/wearables\/apple-lideraba-wearables-a-nivel-mundial-ahora-tercera-dos-fabricantes-chinos\" data-vars-post-title=\"Apple ha perdido el trono que mantuvo durante una d\u00e9cada. Y las marcas chinas ya ni siquiera le dejan ser segunda\" data-vars-post-url=\"https:\/\/www.xataka.com\/wearables\/apple-lideraba-wearables-a-nivel-mundial-ahora-tercera-dos-fabricantes-chinos\" target=\"_blank\" rel=\"nofollow noopener\">Apple ha perdido el trono que mantuvo durante una d\u00e9cada. Y las marcas chinas ya ni siquiera le dejan ser segunda<\/a><\/p>\n","protected":false},"excerpt":{"rendered":"Apple Intelligence fue presentado en 2024 con grandes promesas. La principal, una Siri completamente renovada, mucho m\u00e1s capaz&hellip;\n","protected":false},"author":2,"featured_media":222118,"comment_status":"","ping_status":"","sticky":false,"template":"","format":"standard","meta":{"footnotes":""},"categories":[81],"tags":[119,123,124,25,24,117,121,122,23,118,120],"class_list":{"0":"post-222117","1":"post","2":"type-post","3":"status-publish","4":"format-standard","5":"has-post-thumbnail","7":"category-ciencia-y-tecnologia","8":"tag-ciencia","9":"tag-ciencia-y-tecnologia","10":"tag-cienciaytecnologia","11":"tag-es","12":"tag-espana","13":"tag-science","14":"tag-science-and-technology","15":"tag-scienceandtechnology","16":"tag-spain","17":"tag-technology","18":"tag-tecnologia"},"share_on_mastodon":{"url":"https:\/\/pubeurope.com\/@es\/115504432162763116","error":""},"_links":{"self":[{"href":"https:\/\/www.europesays.com\/es\/wp-json\/wp\/v2\/posts\/222117","targetHints":{"allow":["GET"]}}],"collection":[{"href":"https:\/\/www.europesays.com\/es\/wp-json\/wp\/v2\/posts"}],"about":[{"href":"https:\/\/www.europesays.com\/es\/wp-json\/wp\/v2\/types\/post"}],"author":[{"embeddable":true,"href":"https:\/\/www.europesays.com\/es\/wp-json\/wp\/v2\/users\/2"}],"replies":[{"embeddable":true,"href":"https:\/\/www.europesays.com\/es\/wp-json\/wp\/v2\/comments?post=222117"}],"version-history":[{"count":0,"href":"https:\/\/www.europesays.com\/es\/wp-json\/wp\/v2\/posts\/222117\/revisions"}],"wp:featuredmedia":[{"embeddable":true,"href":"https:\/\/www.europesays.com\/es\/wp-json\/wp\/v2\/media\/222118"}],"wp:attachment":[{"href":"https:\/\/www.europesays.com\/es\/wp-json\/wp\/v2\/media?parent=222117"}],"wp:term":[{"taxonomy":"category","embeddable":true,"href":"https:\/\/www.europesays.com\/es\/wp-json\/wp\/v2\/categories?post=222117"},{"taxonomy":"post_tag","embeddable":true,"href":"https:\/\/www.europesays.com\/es\/wp-json\/wp\/v2\/tags?post=222117"}],"curies":[{"name":"wp","href":"https:\/\/api.w.org\/{rel}","templated":true}]}}