{"id":222127,"date":"2025-11-06T19:44:03","date_gmt":"2025-11-06T19:44:03","guid":{"rendered":"https:\/\/www.europesays.com\/es\/222127\/"},"modified":"2025-11-06T19:44:03","modified_gmt":"2025-11-06T19:44:03","slug":"muere-javier-de-dalmases-referencia-del-periodismo-ciclista-ciclismo-deportes","status":"publish","type":"post","link":"https:\/\/www.europesays.com\/es\/222127\/","title":{"rendered":"Muere Javier De Dalmases, referencia del periodismo ciclista | Ciclismo | Deportes"},"content":{"rendered":"<p class=\"\">Javier de Dalmases i Subirana (Barcelona, 1948, Corbera de Llobregat, 6 de noviembre de 2025), le vendi\u00f3 un tuc\u00e1n al <a href=\"https:\/\/elpais.com\/deportes\/tenis\/2025-04-20\/el-brazo-de-rune-rompe-el-motor-de-alcaraz-y-conquista-el-godo.html\" target=\"_self\" rel=\"nofollow noopener\" title=\"https:\/\/elpais.com\/deportes\/tenis\/2025-04-20\/el-brazo-de-rune-rompe-el-motor-de-alcaraz-y-conquista-el-godo.html\">Conde de God\u00f3<\/a>. Fue en 1989, cuando el ciclismo quiso extenderse al continente americano y se organiz\u00f3 una carrera denominada Tour de las Am\u00e9ricas, a caballo entre Venezuela y Florida. La organizaci\u00f3n invit\u00f3 a un nutrido grupo de periodistas, entre ellos Dalmases, que a su regreso, despu\u00e9s de recibir la petici\u00f3n del gobernador de Puerto Rico, de darle recuerdos a Felipe Gonz\u00e1lez, \u2014a quien no hab\u00eda visto en su vida\u2014 tuvo la ocurrencia de comprar una cr\u00eda de tuc\u00e1n, que en el vuelo de vuelta escondi\u00f3 como pudo. Pero el animal fue creciendo y entonces apareci\u00f3 el conde de God\u00f3, propietario del diario Mundo Deportivo, el peri\u00f3dico en el que trabajaba, que se enter\u00f3 de que el periodista ten\u00eda el ave en su casa. Quiso comprarlo y a su mansi\u00f3n acudi\u00f3 Javier de Dalmases, aliviado, para desprenderse del animal.<\/p>\n<p class=\"\">Fue una de las an\u00e9cdotas en la vida profesional del periodista deportivo que falleci\u00f3 en Corbera Baja a los 77 a\u00f1os, despu\u00e9s de un a\u00f1o de soportar una enfermedad que le merm\u00f3 sus facultades paulatinamente. Dalmases comenz\u00f3 a trabajar en el peri\u00f3dico deportivo barcelon\u00e9s y all\u00ed acab\u00f3 su carrera en 2009, con algunas colaboraciones espor\u00e1dicas en otros medios, como TVE y su programa Tiempo y marca. Se convirti\u00f3 en una referencia del ciclismo, <a href=\"https:\/\/elpais.com\/deportes\/ciclismo\/2025-07-14\/90-anos-de-la-muerte-y-olvido-de-francisco-cepeda-en-el-galibier-el-primer-corredor-muerto-en-el-tour.html\" target=\"_self\" rel=\"nofollow noopener\" title=\"https:\/\/elpais.com\/deportes\/ciclismo\/2025-07-14\/90-anos-de-la-muerte-y-olvido-de-francisco-cepeda-en-el-galibier-el-primer-corredor-muerto-en-el-tour.html\">con 38 presencias en el Tour<\/a>, m\u00e1s de 30 en la Vuelta y una quincena en el Giro, adem\u00e1s de decenas de mundiales, cl\u00e1sicas de ruta y carreras por etapas.<\/p>\n<p class=\"\">En 1984, viaj\u00f3 al Tour junto con otro periodista, Antonio Vallugera, y el cantante <a href=\"https:\/\/elpais.com\/babelia\/2025-10-18\/serrat-leiva-jose-tomas-y-otras-malas-companias-se-toman-un-ultimo-trago-con-joaquin-sabina.html\" target=\"_self\" rel=\"nofollow noopener\" title=\"https:\/\/elpais.com\/babelia\/2025-10-18\/serrat-leiva-jose-tomas-y-otras-malas-companias-se-toman-un-ultimo-trago-con-joaquin-sabina.html\">Joan Manuel Serrat<\/a>, que acud\u00eda por su afici\u00f3n al ciclismo y con el encargo de escribir una columna para El Peri\u00f3dico de Catalunya. All\u00ed trabaron una amistad que se mantuvo con el tiempo. Recordaba Dalmases que cuando acudieron a recogerle a su casa, en un Talbot Horizon, Serrat apareci\u00f3 con una gran maleta y su guitarra, \u201cpara ejercitar los dedos en el viaje\u201d. Sus compa\u00f1eros de aventura le disuadieron de que deber\u00eda reducir el equipaje y dejar el instrumento en casa, porque no cab\u00eda. Serrat dorm\u00eda, durante el Tour, en la misma habitaci\u00f3n que Dalmases, porque ninguno de los dos soportaba los puros calique\u00f1os que fumaba el otro viajero, ni sus ruidos nocturnos. \u201cRoncaba como una locomotora\u201d, explicaba Daniel Samper Pizano, el escritor colombiano que comparti\u00f3 Tour con ellos.<\/p>\n<p class=\"\">Javier de Dalmases, que naci\u00f3 en el n\u00famero 333 de la calle Valencia de la Ciudad Condal, muy cerca de la Diagonal, tuvo dos hijas, Marta y Anna, de su primer matrimonio, y un hijo, Mateo, con su segunda esposa, Franny, originaria de Canad\u00e1, a quien conoci\u00f3 en los Juegos Ol\u00edmpicos de Barcelona, en 1992.<\/p>\n<p class=\"\">Un a\u00f1o m\u00e1s tarde, durante el Mundial de ciclismo en Oslo, explicaba despu\u00e9s con sorna, sinti\u00f3, como cuando el gobernador de Puerto Rico le dio recuerdos para el presidente Gonz\u00e1lez, que atra\u00eda sin quererlo a las altas autoridades, porque en la recepci\u00f3n que Juan Carlos I dio a los periodistas en la embajada de Espa\u00f1a, el entonces monarca se abri\u00f3 paso entre los reporteros y le dio un abrazo a Javier, que se encontraba en la tercera fila. \u201cComo si me conociera de toda la vida. Me qued\u00e9 perplejo\u201d, recordaba.<\/p>\n<p class=\"\">Miles de kil\u00f3metros en coche, centenares de hoteles, muchos de ellos infectos, comidas en restaurantes de lujo, o de baja estofa; decenas de amigos en el ciclismo y su libreta de anillas, en la que, en los tiempos en los que no hab\u00eda internet, apuntaba con mimo los resultados de todas las carreras a las que acud\u00eda o de las que le informaban. Acab\u00f3 en 2009, el a\u00f1o en el que el Tour lleg\u00f3 a Barcelona. Era ya la era de los ordenadores y los tel\u00e9fonos m\u00f3viles, aunque \u00e9l hab\u00eda empezado con su Olivetti port\u00e1til y las cabinas de los bares para transmitir sus siempre acertadas cr\u00f3nicas.<\/p>\n","protected":false},"excerpt":{"rendered":"Javier de Dalmases i Subirana (Barcelona, 1948, Corbera de Llobregat, 6 de noviembre de 2025), le vendi\u00f3 un&hellip;\n","protected":false},"author":2,"featured_media":222128,"comment_status":"","ping_status":"","sticky":false,"template":"","format":"standard","meta":{"footnotes":""},"categories":[273],"tags":[313,2838,1540,312,168,25,24,31982,44470,724,4041,23,167,2322,7603],"class_list":{"0":"post-222127","1":"post","2":"type-post","3":"status-publish","4":"format-standard","5":"has-post-thumbnail","7":"category-ciclismo","8":"tag-ciclismo","9":"tag-ciclistas","10":"tag-competiciones","11":"tag-cycling","12":"tag-deportes","13":"tag-es","14":"tag-espana","15":"tag-giro-italia","16":"tag-joan-manuel-serrat","17":"tag-obituarios","18":"tag-periodistas","19":"tag-spain","20":"tag-sports","21":"tag-tour-francia","22":"tag-vuelta-espana"},"share_on_mastodon":{"url":"https:\/\/pubeurope.com\/@es\/115504471272501586","error":""},"_links":{"self":[{"href":"https:\/\/www.europesays.com\/es\/wp-json\/wp\/v2\/posts\/222127","targetHints":{"allow":["GET"]}}],"collection":[{"href":"https:\/\/www.europesays.com\/es\/wp-json\/wp\/v2\/posts"}],"about":[{"href":"https:\/\/www.europesays.com\/es\/wp-json\/wp\/v2\/types\/post"}],"author":[{"embeddable":true,"href":"https:\/\/www.europesays.com\/es\/wp-json\/wp\/v2\/users\/2"}],"replies":[{"embeddable":true,"href":"https:\/\/www.europesays.com\/es\/wp-json\/wp\/v2\/comments?post=222127"}],"version-history":[{"count":0,"href":"https:\/\/www.europesays.com\/es\/wp-json\/wp\/v2\/posts\/222127\/revisions"}],"wp:featuredmedia":[{"embeddable":true,"href":"https:\/\/www.europesays.com\/es\/wp-json\/wp\/v2\/media\/222128"}],"wp:attachment":[{"href":"https:\/\/www.europesays.com\/es\/wp-json\/wp\/v2\/media?parent=222127"}],"wp:term":[{"taxonomy":"category","embeddable":true,"href":"https:\/\/www.europesays.com\/es\/wp-json\/wp\/v2\/categories?post=222127"},{"taxonomy":"post_tag","embeddable":true,"href":"https:\/\/www.europesays.com\/es\/wp-json\/wp\/v2\/tags?post=222127"}],"curies":[{"name":"wp","href":"https:\/\/api.w.org\/{rel}","templated":true}]}}