{"id":222168,"date":"2025-11-06T20:12:14","date_gmt":"2025-11-06T20:12:14","guid":{"rendered":"https:\/\/www.europesays.com\/es\/222168\/"},"modified":"2025-11-06T20:12:14","modified_gmt":"2025-11-06T20:12:14","slug":"efecto-doppler-la-casa-encendida-acoge-la-exposicion-inquietud-libertad-y-democracia-05-11-25-rtve-es","status":"publish","type":"post","link":"https:\/\/www.europesays.com\/es\/222168\/","title":{"rendered":"Efecto Doppler &#8211; La Casa Encendida acoge la exposici\u00f3n &#039;Inquietud. Libertad y democracia&#039; &#8211; 05\/11\/25 &#8211; RTVE.es"},"content":{"rendered":"<ol>\n<li><a href=\"https:\/\/news.google.com\/rss\/articles\/CBMixgFBVV95cUxPQm1Ca0M5Nk00MkxLYkJSbFVtdXMwY3hMYXNkNWVMQXRBVU1ncDNrVnFvTWtpMEFvcnZMdmVpYlZ0eUVneFBUM1pQbDIyRTZ1WlpZNTdxNWVYRURZTHdSM3Z1YV9Ca0RZTnFZcDI2Tm5Id2hXanlRaDMzZTV3aHRMN1BfRE1fU19YOWh5U1pZWTRlX0h4aUVsTmxUbFZLd0pkY2sxRjdwNnU4bmhwbUpYYzlqNE9Gd3Z1clBFaXdzRlJ6T2ZSbnc?oc=5\" target=\"_blank\" rel=\"nofollow noopener\">Efecto Doppler &#8211; La Casa Encendida acoge la exposici\u00f3n &#8216;Inquietud. Libertad y democracia&#8217; &#8211; 05\/11\/25<\/a>&nbsp;&nbsp;RTVE.es<\/li>\n<li><a href=\"https:\/\/news.google.com\/rss\/articles\/CBMi1wFBVV95cUxQY1V0dHBnQ2NsRXRnNFdLdVFyMFdyYkxNRzlDdXpzWHNHNmpRX0dQbjZJTUlON0xjdVRoR1YxOEg0ZmZ6VVlvQU5BNHkwOERXcXE1ci0teHdyM2tTS0stZlBxWnZrbkh3QXUxZFFFdVJjdHRwMGIwcGh2VGU4T09QUlNnU2tpRzdNQ3RSN005emJhdzBSZjZpdkdzeFRjNzVLWGlkUnZCa3RiSmliY1FZcVJSc0JMblZGU1JnTjZuX2pIczAzQld5Ujc0M28ybW8zeDNHNnNrWdIB3AFBVV95cUxNTWhwYmJOVjlybzNjMWdhbGh2dkJQWENvTUdudU5iWGVTbnU3dFlfRmdQU0NwcnJwUkpQWF83VE92UmFwOTRvUnRNZV9ub0psMlZEY1BTLURtRFJTTUtqczVvMVJTNmRlQWxZdGZVQTMtdFdCcmtJV29QMU05UDBoSThMa2xqU05pVlhEVzR2MklEV2VMRmdqMTIzQkRHb1NHbVVjSHhPQmkxTGZwUnF6SF9ubVdibzhoWGVyczctdlJpREpIbVpULTBmUXhuYmk1WWk4VVRWUTljWWhU?oc=5\" target=\"_blank\" rel=\"nofollow noopener\">La sala 4.\u00ba Espacio de la DPZ inaugura la exposici\u00f3n &#8216;Vientos del pueblo&#8217;<\/a>&nbsp;&nbsp;heraldo.es<\/li>\n<li><a href=\"https:\/\/news.google.com\/rss\/articles\/CBMilAFBVV95cUxNTG8zYjBMTDR1X1BBUnlwcUNScjFUbWZVbU1xX2IxWjkwV1dPRy1hUjBjZkJtbDF0VmVXZFhubVo4N0JsYXNTbk1KREpleU9vYkN3NlNxTGNVWXpaSFluUEVaVTRuX0MzNlYxWFhhNFBkWlpTX0VTQVJGNG9SWk1YaVFWUWJiSlpqWWR0Rl9MdFhoemp6?oc=5\" target=\"_blank\" rel=\"nofollow noopener\">La expo que celebra 50 a\u00f1os de democracia\u2026 (y pide cuidarla)<\/a>&nbsp;&nbsp;EL ASOMBRARIO &amp; Co.<\/li>\n<li><a href=\"https:\/\/news.google.com\/rss\/articles\/CBMirwFBVV95cUxNQ2dqbzNqcHNjSWgyNDRrcFpJYUJSNlVuU3k4YnBOTDZRcE5Wb2tuTXNHcDZNMC05RUpGMmtFOEpqaEhPMFdPLVpfM1EtT2VNaUVoYk9fcURUa2FCb3JTdHI4SXdaUWhjelc4amNsdEdObTlOVXUyLWxHTkZDSkswSDgzMGI0Sk5EelhwZFNFTmNtNnZRSjNKMlVJR1RkLVhOVW5BWWx1Qm9GZVZTOTBN?oc=5\" target=\"_blank\" rel=\"nofollow noopener\">El Ministerio de Cultura inaugura en Zaragoza la exposici\u00f3n \u00abVientos del pueblo\u00bb<\/a>&nbsp;&nbsp;web del Ministerio de Cultura<\/li>\n<li><a href=\"https:\/\/news.google.com\/rss\/articles\/CBMi0AFBVV95cUxOcFZIbTJRTTlfT2xscXRjTzdDZjAyZmdES3lPdl9FaVpWT1NYR2ZDS0VHaEVjZGY5c0VfNEZJemJ0N0lwMGN3RXFjWTFmdUZpZnhkT2RfQ1FVWW1DQXpSNUxMQ25iOU1rYzhwNXY1ZHcycV9SLUNtdXJJMnRvZl9BOFlpd0pEZXc0dVZReHlIRkRWc3JJS3RHX0RxX2EwVjlkTkdwUl9MdkJUcFNuaHlhSXExZWg5QURxWHNjOXNzVlZOdENTWmdyMmZNcVdOOWxK?oc=5\" target=\"_blank\" rel=\"nofollow noopener\">La democracia en Espa\u00f1a y Portugal en im\u00e1genes: as\u00ed es la nueva exposici\u00f3n de la DPZ<\/a>&nbsp;&nbsp;Arag\u00f3n Digital<\/li>\n<\/ol>\n","protected":false},"excerpt":{"rendered":"Efecto Doppler &#8211; La Casa Encendida acoge la exposici\u00f3n &#8216;Inquietud. Libertad y democracia&#8217; &#8211; 05\/11\/25&nbsp;&nbsp;RTVE.es La sala 4.\u00ba&hellip;\n","protected":false},"author":2,"featured_media":219548,"comment_status":"","ping_status":"","sticky":false,"template":"","format":"standard","meta":{"footnotes":""},"categories":[173],"tags":[229,233,231,230,232,234,146,147,25,24,23],"class_list":{"0":"post-222168","1":"post","2":"type-post","3":"status-publish","4":"format-standard","5":"has-post-thumbnail","7":"category-arte-y-diseno","8":"tag-arte","9":"tag-arte-y-diseno","10":"tag-arts","11":"tag-arts-and-design","12":"tag-design","13":"tag-diseno","14":"tag-entertainment","15":"tag-entretenimiento","16":"tag-es","17":"tag-espana","18":"tag-spain"},"share_on_mastodon":{"url":"https:\/\/pubeurope.com\/@es\/115504581348505245","error":""},"_links":{"self":[{"href":"https:\/\/www.europesays.com\/es\/wp-json\/wp\/v2\/posts\/222168","targetHints":{"allow":["GET"]}}],"collection":[{"href":"https:\/\/www.europesays.com\/es\/wp-json\/wp\/v2\/posts"}],"about":[{"href":"https:\/\/www.europesays.com\/es\/wp-json\/wp\/v2\/types\/post"}],"author":[{"embeddable":true,"href":"https:\/\/www.europesays.com\/es\/wp-json\/wp\/v2\/users\/2"}],"replies":[{"embeddable":true,"href":"https:\/\/www.europesays.com\/es\/wp-json\/wp\/v2\/comments?post=222168"}],"version-history":[{"count":0,"href":"https:\/\/www.europesays.com\/es\/wp-json\/wp\/v2\/posts\/222168\/revisions"}],"wp:featuredmedia":[{"embeddable":true,"href":"https:\/\/www.europesays.com\/es\/wp-json\/wp\/v2\/media\/219548"}],"wp:attachment":[{"href":"https:\/\/www.europesays.com\/es\/wp-json\/wp\/v2\/media?parent=222168"}],"wp:term":[{"taxonomy":"category","embeddable":true,"href":"https:\/\/www.europesays.com\/es\/wp-json\/wp\/v2\/categories?post=222168"},{"taxonomy":"post_tag","embeddable":true,"href":"https:\/\/www.europesays.com\/es\/wp-json\/wp\/v2\/tags?post=222168"}],"curies":[{"name":"wp","href":"https:\/\/api.w.org\/{rel}","templated":true}]}}