{"id":222177,"date":"2025-11-06T20:19:13","date_gmt":"2025-11-06T20:19:13","guid":{"rendered":"https:\/\/www.europesays.com\/es\/222177\/"},"modified":"2025-11-06T20:19:13","modified_gmt":"2025-11-06T20:19:13","slug":"no-quiero-que-ella-venga-al-funeral-de-mi-padre","status":"publish","type":"post","link":"https:\/\/www.europesays.com\/es\/222177\/","title":{"rendered":"\u00abNo quiero que ella venga al funeral de mi padre\u00bb"},"content":{"rendered":"<p style=\"\">Malos tiempos para <a href=\"https:\/\/www.abc.es\/noticias\/laura-pausini\/\" target=\"_blank\" data-voc-vtm-id=\"in-text-traffic\" title=\"Laura Pausini\" data-mrf-link=\"www.abc.es\" rel=\"nofollow noopener\">Laura Pausini<\/a>. O mejor dicho mal\u00edsimos, sabiendo lo importante que es la familia para ella. Tras <strong>la tr\u00e1gica muerte de su t\u00edo  Ettore Pausini a los 78 a\u00f1os, al ser atropellado por un coche<\/strong> que se dio a la fuga  &#8230; mientras montaba en bicicleta cerca de Bolonia, su tierra natal, ahora se han reabierto viejas heridas en el clan Pausini que est\u00e1n afectando mucho al estado an\u00edmico de la artista.<\/p>\n<p class=\"voc-p\" style=\"\">Seg\u00fan informa Il Giornale di Bologna, <strong>una prima de la cantante ha publicado un mensaje en el que ped\u00eda que la artista no asistiera al funeral<\/strong> de su padre. \u00abA esa parte de la familia nunca le import\u00f3 nada ni yo ni mi padre. Y no los quiero en el funeral, yo no soy como ellos y esos valores me los ense\u00f1\u00f3 precisamente mi padre\u00bb, habr\u00eda escrito en un post que se ha viralizado en Italia, desatando una aut\u00e9ntica tormenta medi\u00e1tica.<\/p>\n<p class=\"voc-p\" style=\"\">Un periodista italiano, Ercole Rochetti, ha comentado la situaci\u00f3n a\u00f1adiendo m\u00e1s le\u00f1a al fuego: \u00abNos ha sorprendido un post de la prima: no quiere a Laura en el funeral del t\u00edo, dice que solo es una relaci\u00f3n de parentesco en el papel\u00bb.<\/p>\n<p class=\"voc-p\" style=\"\">Tras el fallecimiento de su t\u00edo paterno y la inesperada reacci\u00f3n de su prima hermana, desde el entorno m\u00e1s cercano de <strong>Laura aseguran que la artista est\u00e1 \u00abdevastada, pasando por uno de los peores momentos de su vida\u00bb<\/strong>, seg\u00fan recoge el mismo medio italiano.<\/p>\n<p class=\"voc-p\" style=\"\">La parte buena de todo este terrible episodio, por decirlo as\u00ed, es que <strong>el conductor del veh\u00edculo implicado  acab\u00f3 entreg\u00e1ndose a la polic\u00eda<\/strong> tras pasar treinta horas fugado. Ahora, la Fiscal\u00eda italiana ha abierto una investigaci\u00f3n por homicidio y omisi\u00f3n de socorro, delitos que pueden conllevar penas de hasta siete a\u00f1os de prisi\u00f3n.<\/p>\n<p class=\"voc-p\" style=\"\">Ettore Pausini, que ser\u00e1 despedido por sus allegados en los pr\u00f3ximos d\u00edas en una ceremonia, hab\u00eda superado un c\u00e1ncer en 2016 y lideraba una asociaci\u00f3n de lucha oncol\u00f3gica. Era una persona muy querida en su comunidad y durante mucho tiempo tuvo una barber\u00eda en la Piazza Azzarita de Bolonia, pero poco se sabe de su hija, que es quien pretende vetar a Laura Pausini en el funeral, m\u00e1s all\u00e1 de que se llama <strong>Sabrina Pausini<\/strong>.<\/p>\n<p class=\"voc-p\" style=\"\">\u00abA los periodistas que han destacado el parentesco\u00bb, coment\u00f3 Sabrina en su perfil de Facebook, \u00ables digo que solo es en teor\u00eda, aunque los medios de comunicaci\u00f3n no vayan m\u00e1s all\u00e1 de las apariencias\u00bb. Y a\u00f1adi\u00f3: <strong>\u00abA esa parte de la familia nunca le import\u00f3 nada de m\u00ed y de mi padre\u00bb<\/strong>. De ah\u00ed que asegure \u00abno quererlos en el funeral\u00bb y pida \u00aba los peri\u00f3dicos que, por una vez, informen correctamente\u00bb.<\/p>\n<p class=\"voc-p\" style=\"\">Sabrina describe a su padre como \u00abuna buena persona, culto, bondadoso y generoso. Fue un padre atento y cari\u00f1oso con el que se pod\u00eda hablar de todo\u00bb, y enfatiza su sensibilidad y humanidad. \u00abSiempre estaba atento a las personas con las que sab\u00eda comunicarse, dotado de empat\u00eda por los m\u00e1s d\u00e9biles, sin juicios ni prejuicios, as\u00ed era mi padre\u00bb, escribi\u00f3. \u00abFalleci\u00f3 el d\u00eda del aniversario de la muerte de Pasolini, cuyas obras y pensamientos sol\u00edamos comentar a menudo. Deja un vac\u00edo inmenso. Pido justicia por lo que ha ocurrido\u00bb.<\/p>\n<p>\nLa peor pol\u00e9mica posible en el peor momento posible\n<\/p>\n<p class=\"voc-p\" style=\"\">Por ahora Laura est\u00e1 guardando silencio ante todas estas noticias, y ante la petici\u00f3n de este diario, su equipo ha informado de que no las habr\u00e1 ya que \u00abnecesita tiempo y privacidad\u00bb. Y es que ahora afronta un momento crucial en su carrera ya que est\u00e1 inmersa en los preparativos del lanzamiento de <strong>su pr\u00f3ximo disco, &#8216;Yo canto 2&#8217;, y de la gira que arrancar\u00e1 dentro de cuatro meses<\/strong>. Por primera vez, el inicio de esa gira no ser\u00e1 en Italia, sino en Espa\u00f1a, con un primer concierto el 27 de Marzo en Pamplona, seguido de paradas en Arona-Tenerife, Valencia, Madrid y Barcelona.<\/p>\n<p class=\"voc-p\" style=\"\">\u00abComenzar la gira en Espa\u00f1a es para m\u00ed un regalo y tambi\u00e9n una decisi\u00f3n muy personal. Ya sab\u00e9is, es un pa\u00eds que forma parte de mi historia desde el inicio\u00bb ha expresado la artista. \u00abHay canciones que te adoptan, igual que hay pa\u00edses que te abrazan. En este \u00e1lbum he elegido interpretar temas que otros escribieron pero que siento como propios. Y del mismo modo, he elegido Espa\u00f1a para iniciar este viaje porque aunque no nac\u00ed aqu\u00ed, lo siento como m\u00edo. Ambas elecciones me emocionan profundamente y son mi forma de agradecer y celebrar las historias, la m\u00fasica y las personas que tanto me han dado, poniendo mi coraz\u00f3n en cada interpretaci\u00f3n y dando lo mejor de m\u00ed con el m\u00e1ximo respeto por ellos y su legado\u00bb.<\/p>\n<p class=\"voc-p\" style=\"\"><strong>Tras Espa\u00f1a la gira continuar\u00e1 por Latinoam\u00e9rica<\/strong>, con fechas en Uruguay, Argentina, Chile, Per\u00fa, Colombia, Ecuador, Costa Rica, M\u00e9xico, Rep\u00fablica Dominicana y Puerto Rico. Posteriormente, llegar\u00e1 a Estados Unidos con conciertos en Miami, Orlando, Dallas, Los \u00c1ngeles, Chicago, Toronto y Nueva York.<\/p>\n<p class=\"voc-p\" style=\"\">En oto\u00f1o ser\u00e1 el turno de Italia y las principales ciudades de Europa. En febrero de 2027, la gira llegar\u00e1 a Brasil y regresar\u00e1 a casa con un gran espect\u00e1culo en estadios, seguido de una nueva serie de conciertos en invierno por Italia y Europa hasta finales de a\u00f1o.<\/p>\n","protected":false},"excerpt":{"rendered":"Malos tiempos para Laura Pausini. O mejor dicho mal\u00edsimos, sabiendo lo importante que es la familia para ella.&hellip;\n","protected":false},"author":2,"featured_media":222178,"comment_status":"","ping_status":"","sticky":false,"template":"","format":"standard","meta":{"footnotes":""},"categories":[91],"tags":[3006,146,147,25,24,367,9589,69,3459,4920,39,22472,10474,23,14819,4844],"class_list":{"0":"post-222177","1":"post","2":"type-post","3":"status-publish","4":"format-standard","5":"has-post-thumbnail","7":"category-entretenimiento","8":"tag-desata","9":"tag-entertainment","10":"tag-entretenimiento","11":"tag-es","12":"tag-espana","13":"tag-familia","14":"tag-funeral","15":"tag-guerra","16":"tag-laura","17":"tag-muerte","18":"tag-padre","19":"tag-pausini","20":"tag-quiero","21":"tag-spain","22":"tag-tio","23":"tag-venga"},"share_on_mastodon":{"url":"https:\/\/pubeurope.com\/@es\/115504608995132299","error":""},"_links":{"self":[{"href":"https:\/\/www.europesays.com\/es\/wp-json\/wp\/v2\/posts\/222177","targetHints":{"allow":["GET"]}}],"collection":[{"href":"https:\/\/www.europesays.com\/es\/wp-json\/wp\/v2\/posts"}],"about":[{"href":"https:\/\/www.europesays.com\/es\/wp-json\/wp\/v2\/types\/post"}],"author":[{"embeddable":true,"href":"https:\/\/www.europesays.com\/es\/wp-json\/wp\/v2\/users\/2"}],"replies":[{"embeddable":true,"href":"https:\/\/www.europesays.com\/es\/wp-json\/wp\/v2\/comments?post=222177"}],"version-history":[{"count":0,"href":"https:\/\/www.europesays.com\/es\/wp-json\/wp\/v2\/posts\/222177\/revisions"}],"wp:featuredmedia":[{"embeddable":true,"href":"https:\/\/www.europesays.com\/es\/wp-json\/wp\/v2\/media\/222178"}],"wp:attachment":[{"href":"https:\/\/www.europesays.com\/es\/wp-json\/wp\/v2\/media?parent=222177"}],"wp:term":[{"taxonomy":"category","embeddable":true,"href":"https:\/\/www.europesays.com\/es\/wp-json\/wp\/v2\/categories?post=222177"},{"taxonomy":"post_tag","embeddable":true,"href":"https:\/\/www.europesays.com\/es\/wp-json\/wp\/v2\/tags?post=222177"}],"curies":[{"name":"wp","href":"https:\/\/api.w.org\/{rel}","templated":true}]}}