{"id":222193,"date":"2025-11-06T20:30:13","date_gmt":"2025-11-06T20:30:13","guid":{"rendered":"https:\/\/www.europesays.com\/es\/222193\/"},"modified":"2025-11-06T20:30:13","modified_gmt":"2025-11-06T20:30:13","slug":"zarautz-lanza-una-campana-para-mejorar-la-seguridad-de-ciclistas-con-el-uso-obligatorio-de-luces","status":"publish","type":"post","link":"https:\/\/www.europesays.com\/es\/222193\/","title":{"rendered":"Zarautz lanza una campa\u00f1a para mejorar la seguridad de ciclistas con el uso obligatorio de luces"},"content":{"rendered":"<p>\n        El Ayuntamiento de <a href=\"https:\/\/www.noticiasdegipuzkoa.eus\/tags\/zarautz\/\" title=\"Zarautz\" target=\"_blank\" class=\"link copy\" rel=\"nofollow noopener\">Zarautz<\/a> ha dado inicio, a comienzos de esta semana, a la <strong>campa\u00f1a para concienciar sobre la importancia de las luces en la bicicleta<\/strong>. Estos \u00faltimos a\u00f1os ha puesto en marcha acciones distintas con el objetivo de lograr una movilidad \u00abm\u00e1s segura y amable\u00bb. Otras de las iniciativas han sido, por ejemplo, la campa\u00f1a de concienciaci\u00f3n y sensibilizaci\u00f3n Movilidad, respeto y convivencia o la implantaci\u00f3n de espacios de convivencia en la villa costera.\n<\/p>\n<p class=\"article-body__text \">\n        Por eso han puesto en marcha ahora una campa\u00f1a de <a href=\"https:\/\/www.noticiasdegipuzkoa.eus\/tags\/seguridad\/\" title=\"seguridad\" target=\"_blank\" class=\"link copy\" rel=\"nofollow noopener\">seguridad<\/a> vial para concienciar a la ciudadan\u00eda. Har\u00e1n hincapi\u00e9 especialmente en los j\u00f3venes zarauztarras para que sepan de la importancia de <strong>incluir los elementos de seguridad<\/strong> al circular en bicicleta. La campa\u00f1a s\u00f3lo se centrar\u00e1 en el uso obligatorio de las luces.\n<\/p>\n<p>  En oto\u00f1o e invierno aumenta el tiempo de su uso con poca iluminaci\u00f3n<\/p>\n<p class=\"article-body__text \">\n        La iniciativa se ha iniciado ahora porque en <strong>oto\u00f1o e invierno <\/strong>aumenta el <a href=\"https:\/\/www.noticiasdegipuzkoa.eus\/tags\/tiempo\/\" title=\"tiempo\" target=\"_blank\" class=\"link copy\" rel=\"nofollow noopener\">tiempo<\/a> en el que se usa la bicicleta con poca iluminaci\u00f3n. Por eso consideran \u00aburgente poner el acento en la propia seguridad y visibilidad\u00bb.\n<\/p>\n<p class=\"article-body__text \">\n        Iker Basurko es el concejal de Movilidad en el <a href=\"https:\/\/www.zarautz.eus\" title=\"Ayuntamiento de Zarautz\" rel=\"nofollow noopener\" target=\"_blank\" class=\"link copy\">Ayuntamiento de Zarautz<\/a> y es consciente de la importancia que tiene la <strong>seguridad<\/strong> para la ciudadan\u00eda y \u00abdel reto que supone el n\u00famero de bicicletas que hay en Zarautz. Por eso seguimos trabajando para fomentar la convivencia y el respeto entre peatones, bicicletas y veh\u00edculos, que conformamos la movilidad de nuestra localidad\u00bb.\n<\/p>\n<p>  El alumbrado en la bicicleta es obligatorio<\/p>\n<p class=\"article-body__text \">\n        Gervasio Gabirondo, concejal de Seguridad Ciudadana, explica que aunque el uso del alumbrado en la <a href=\"https:\/\/www.noticiasdegipuzkoa.eus\/tags\/bicicleta\/\" title=\"bicicleta\" target=\"_blank\" class=\"link copy\" rel=\"nofollow noopener\">bicicleta<\/a> \u00ab<strong>es obligatorio<\/strong>, muchas personas todav\u00eda no son conscientes de la vital importancia de llevar estos elementos de seguridad, por lo que vemos la necesidad de poner en marcha esta campa\u00f1a\u00bb.<\/p>\n","protected":false},"excerpt":{"rendered":"El Ayuntamiento de Zarautz ha dado inicio, a comienzos de esta semana, a la campa\u00f1a para concienciar sobre&hellip;\n","protected":false},"author":2,"featured_media":222194,"comment_status":"","ping_status":"","sticky":false,"template":"","format":"standard","meta":{"footnotes":""},"categories":[273],"tags":[7560,658,313,312,168,25,24,2629,10539,3483,585,23,167,13687],"class_list":{"0":"post-222193","1":"post","2":"type-post","3":"status-publish","4":"format-standard","5":"has-post-thumbnail","7":"category-ciclismo","8":"tag-bicicleta","9":"tag-campana","10":"tag-ciclismo","11":"tag-cycling","12":"tag-deportes","13":"tag-es","14":"tag-espana","15":"tag-lanza","16":"tag-luces","17":"tag-mejorar","18":"tag-seguridad","19":"tag-spain","20":"tag-sports","21":"tag-zarautz"},"share_on_mastodon":{"url":"https:\/\/pubeurope.com\/@es\/115504652145530579","error":""},"_links":{"self":[{"href":"https:\/\/www.europesays.com\/es\/wp-json\/wp\/v2\/posts\/222193","targetHints":{"allow":["GET"]}}],"collection":[{"href":"https:\/\/www.europesays.com\/es\/wp-json\/wp\/v2\/posts"}],"about":[{"href":"https:\/\/www.europesays.com\/es\/wp-json\/wp\/v2\/types\/post"}],"author":[{"embeddable":true,"href":"https:\/\/www.europesays.com\/es\/wp-json\/wp\/v2\/users\/2"}],"replies":[{"embeddable":true,"href":"https:\/\/www.europesays.com\/es\/wp-json\/wp\/v2\/comments?post=222193"}],"version-history":[{"count":0,"href":"https:\/\/www.europesays.com\/es\/wp-json\/wp\/v2\/posts\/222193\/revisions"}],"wp:featuredmedia":[{"embeddable":true,"href":"https:\/\/www.europesays.com\/es\/wp-json\/wp\/v2\/media\/222194"}],"wp:attachment":[{"href":"https:\/\/www.europesays.com\/es\/wp-json\/wp\/v2\/media?parent=222193"}],"wp:term":[{"taxonomy":"category","embeddable":true,"href":"https:\/\/www.europesays.com\/es\/wp-json\/wp\/v2\/categories?post=222193"},{"taxonomy":"post_tag","embeddable":true,"href":"https:\/\/www.europesays.com\/es\/wp-json\/wp\/v2\/tags?post=222193"}],"curies":[{"name":"wp","href":"https:\/\/api.w.org\/{rel}","templated":true}]}}