{"id":222195,"date":"2025-11-06T20:32:10","date_gmt":"2025-11-06T20:32:10","guid":{"rendered":"https:\/\/www.europesays.com\/es\/222195\/"},"modified":"2025-11-06T20:32:10","modified_gmt":"2025-11-06T20:32:10","slug":"de-fisio-del-equipo-a-saltar-a-la-cancha-la-historia-de-silvia-millan-y-su-debut-con-baxi-ferrol-compartiendo-pista-con-su-hermana","status":"publish","type":"post","link":"https:\/\/www.europesays.com\/es\/222195\/","title":{"rendered":"De fisio del equipo a saltar a la cancha&#8230; La historia de Silvia Mill\u00e1n y su debut con BAXI Ferrol compartiendo pista con su hermana"},"content":{"rendered":"<p>El partido de Eurocup Women del BAXI Ferrol nos dej\u00f3 una historia curiosa. Fue el debut de Silvia Mill\u00e1n, que estuvo 4 minutos en pista, en los que captur\u00f3 4 rebotes. Hasta ah\u00ed, nada extraordinario. Lo sorprendente es que Silvia Mill\u00e1n lleg\u00f3 este verano al equipo ferrolano\u2026 para ser fisio del equipo, y ayer acab\u00f3 debutando como jugadora. Silvia Mill\u00e1n es hermana de Blanca Mill\u00e1n, una de las estrellas del equipo, y fue jugadora de Primera Nacional en Baloncesto Peleteiro. Y este mi\u00e9rcoles aport\u00f3 una rotaci\u00f3n m\u00e1s para refrescar al equipo de cara al siguiente <a href=\"https:\/\/www.gigantes.com\/liga-femenina\/lluvia-de-partidos-todos-los-encuentros-de-los-proximos-6-dias-antes-del-paron-fiba\/\" rel=\"nofollow noopener\" target=\"_blank\">partido de Liga Femenina Endesa, este mismo viernes.<\/a> Y con el aliciente de compartir minutos en pista con su hermana.<\/p>\n<p>Ahora Silvia Mill\u00e1n ya puede decir que ha debutado en competici\u00f3n internacional, en la c\u00f3moda victoria del BAXI Ferrol ante Ostrava por 65-98, un triunfo que deja a las gallegas en disposici\u00f3n de luchar por el primer puesto del grupo en la \u00faltima jornada de esta primera fase de la Eurocup Women.<\/p>\n<blockquote class=\"twitter-tweet\" data-media-max-width=\"560\">\n<p dir=\"ltr\" lang=\"es\">Silvia Mill\u00e1n (<a href=\"https:\/\/twitter.com\/silvim12?ref_src=twsrc%5Etfw\" rel=\"nofollow noopener\" target=\"_blank\">@silvim12<\/a>), hermana de <a href=\"https:\/\/twitter.com\/Bmillan11?ref_src=twsrc%5Etfw\" rel=\"nofollow noopener\" target=\"_blank\">@Bmillan11<\/a>, lleg\u00f3 este verano al <a href=\"https:\/\/twitter.com\/UniFerrol?ref_src=twsrc%5Etfw\" rel=\"nofollow noopener\" target=\"_blank\">@UniFerrol<\/a> como fisio del equipo.<\/p>\n<p>El caso es que ayer\u2026 \u00a1se visti\u00f3 de corto y salt\u00f3 a cancha en <a href=\"https:\/\/twitter.com\/EuroCupWomen?ref_src=twsrc%5Etfw\" rel=\"nofollow noopener\" target=\"_blank\">@EuroCupWomen<\/a>!<\/p>\n<p>Captur\u00f3 4 rebotes (3 ofensivos) en sus casi 4 minutos en pista.<a href=\"https:\/\/t.co\/vlrj0Rv58v\" rel=\"nofollow\">pic.twitter.com\/vlrj0Rv58v<\/a><\/p>\n<p>\u2014 Gigantes del Basket (@GIGANTESbasket) <a href=\"https:\/\/twitter.com\/GIGANTESbasket\/status\/1986383251951526065?ref_src=twsrc%5Etfw\" rel=\"nofollow noopener\" target=\"_blank\">November 6, 2025<\/a><\/p>\n<\/blockquote>\n<p>Foto: Javi Masaguer \/ Baxi Ferrol<\/p>\n<p><a href=\"https:\/\/www.gigantes.com\/tienda\/hemeroteca\/especial-ferrol-donde-acaba-el-mar-no-1-556b-mayo-2025\/\" rel=\"nofollow noopener\" target=\"_blank\"><img loading=\"lazy\" decoding=\"async\" class=\"aligncenter wp-image-769267 size-full\" src=\"https:\/\/www.europesays.com\/es\/wp-content\/uploads\/2025\/11\/1556-FERROL-def-scaled-1.jpg\" alt=\"\" width=\"1453\" height=\"2048\"  \/><\/a><\/p>\n<p>\t\t\t\t\t<img loading=\"lazy\" decoding=\"async\" src=\"https:\/\/www.europesays.com\/es\/wp-content\/uploads\/2025\/10\/mano.png\" width=\"60\" height=\"60\" alt=\"Deliza hacia abajo\"\/>Sigue deslizando hacia abajo para ver m\u00e1s contenidos<\/p>\n<p>                <script async src=\"https:\/\/platform.twitter.com\/widgets.js\" charset=\"utf-8\"><\/script><\/p>\n","protected":false},"excerpt":{"rendered":"El partido de Eurocup Women del BAXI Ferrol nos dej\u00f3 una historia curiosa. Fue el debut de Silvia&hellip;\n","protected":false},"author":2,"featured_media":222196,"comment_status":"","ping_status":"","sticky":false,"template":"","format":"standard","meta":{"footnotes":""},"categories":[269],"tags":[299,298,45873,168,25,24,59014,23,167],"class_list":{"0":"post-222195","1":"post","2":"type-post","3":"status-publish","4":"format-standard","5":"has-post-thumbnail","7":"category-baloncesto","8":"tag-baloncesto","9":"tag-basketball","10":"tag-baxi-ferrol","11":"tag-deportes","12":"tag-es","13":"tag-espana","14":"tag-silvia-millan","15":"tag-spain","16":"tag-sports"},"share_on_mastodon":{"url":"https:\/\/pubeurope.com\/@es\/115504660406534769","error":""},"_links":{"self":[{"href":"https:\/\/www.europesays.com\/es\/wp-json\/wp\/v2\/posts\/222195","targetHints":{"allow":["GET"]}}],"collection":[{"href":"https:\/\/www.europesays.com\/es\/wp-json\/wp\/v2\/posts"}],"about":[{"href":"https:\/\/www.europesays.com\/es\/wp-json\/wp\/v2\/types\/post"}],"author":[{"embeddable":true,"href":"https:\/\/www.europesays.com\/es\/wp-json\/wp\/v2\/users\/2"}],"replies":[{"embeddable":true,"href":"https:\/\/www.europesays.com\/es\/wp-json\/wp\/v2\/comments?post=222195"}],"version-history":[{"count":0,"href":"https:\/\/www.europesays.com\/es\/wp-json\/wp\/v2\/posts\/222195\/revisions"}],"wp:featuredmedia":[{"embeddable":true,"href":"https:\/\/www.europesays.com\/es\/wp-json\/wp\/v2\/media\/222196"}],"wp:attachment":[{"href":"https:\/\/www.europesays.com\/es\/wp-json\/wp\/v2\/media?parent=222195"}],"wp:term":[{"taxonomy":"category","embeddable":true,"href":"https:\/\/www.europesays.com\/es\/wp-json\/wp\/v2\/categories?post=222195"},{"taxonomy":"post_tag","embeddable":true,"href":"https:\/\/www.europesays.com\/es\/wp-json\/wp\/v2\/tags?post=222195"}],"curies":[{"name":"wp","href":"https:\/\/api.w.org\/{rel}","templated":true}]}}